{"id":383895,"date":"2025-09-11T23:05:31","date_gmt":"2025-09-11T23:05:31","guid":{"rendered":"https:\/\/www.europesays.com\/fr\/383895\/"},"modified":"2025-09-11T23:05:31","modified_gmt":"2025-09-11T23:05:31","slug":"un-jeune-de-19-ans-se-livre-a-la-police-apres-le-deces-dun-homme-de-22-ans-par-balles","status":"publish","type":"post","link":"https:\/\/www.europesays.com\/fr\/383895\/","title":{"rendered":"Un jeune de 19 ans se livre \u00e0 la police apr\u00e8s le d\u00e9c\u00e8s d\u2019un homme de 22 ans par balles"},"content":{"rendered":"<p class=\"mb-4 text-lg md:leading-8 break-words\"><strong>enqu\u00eate &#8211; La victime, touch\u00e9e dans une rue du centre-ville, avait \u00e9t\u00e9 hospitalis\u00e9e en d\u00e9but de soir\u00e9e en arr\u00eat cardio-respiratoire<\/strong><\/p>\n<p class=\"mb-4 text-lg md:leading-8 break-words\">C\u2019est une grande avanc\u00e9e dans l\u2019enqu\u00eate sur le <a href=\"https:\/\/www.20minutes.fr\/faits_divers\/4172376-20250910-lyon-homme-22-ans-urgence-absolue-apres-avoir-blesse-balle?at_medium=RSS%20feed&amp;at_campaign=ynews&amp;utm_source=yahoo&amp;utm_medium=rss&amp;utm_campaign=news_feed&amp;utm_content=in_article_link\" rel=\"nofollow noopener\" target=\"_blank\" data-ylk=\"slk:meurtre d\u2019un homme de 22 ans;elm:context_link;itc:0;sec:content-canvas\" class=\"link \">meurtre d\u2019un homme de 22 ans<\/a>, gri\u00e8vement bless\u00e9 par balles mercredi soir \u00e0 <a href=\"https:\/\/www.20minutes.fr\/lyon\/?at_medium=RSS%20feed&amp;at_campaign=ynews&amp;utm_source=yahoo&amp;utm_medium=rss&amp;utm_campaign=news_feed&amp;utm_content=in_article_link\" rel=\"nofollow noopener\" target=\"_blank\" data-ylk=\"slk:Lyon;elm:context_link;itc:0;sec:content-canvas\" class=\"link \">Lyon<\/a> et d\u00e9c\u00e9d\u00e9 \u00e0 l\u2019h\u00f4pital dans la nuit, a annonc\u00e9 la police \u00e0 l\u2019AFP. Un jeune homme de 19 ans s\u2019est rendu jeudi \u00e0 la <a href=\"https:\/\/www.20minutes.fr\/dossier\/police?at_medium=RSS%20feed&amp;at_campaign=ynews&amp;utm_source=yahoo&amp;utm_medium=rss&amp;utm_campaign=news_feed&amp;utm_content=in_article_link\" rel=\"nofollow noopener\" target=\"_blank\" data-ylk=\"slk:police;elm:context_link;itc:0;sec:content-canvas\" class=\"link \">police<\/a> en pr\u00e9tendant \u00eatre l\u2019auteur des tirs. La victime, touch\u00e9e dans une rue du centre-ville, avait \u00e9t\u00e9 hospitalis\u00e9e en d\u00e9but de soir\u00e9e en arr\u00eat cardio-respiratoire.<\/p>\n<p class=\"mb-4 text-lg md:leading-8 break-words\">\u00ab Un individu de 19 ans s\u2019est pr\u00e9sent\u00e9 en fin de matin\u00e9e au commissariat de <a href=\"https:\/\/www.20minutes.fr\/dossier\/villeurbanne?at_medium=RSS%20feed&amp;at_campaign=ynews&amp;utm_source=yahoo&amp;utm_medium=rss&amp;utm_campaign=news_feed&amp;utm_content=in_article_link\" rel=\"nofollow noopener\" target=\"_blank\" data-ylk=\"slk:Villeurbanne;elm:context_link;itc:0;sec:content-canvas\" class=\"link \">Villeurbanne<\/a> \u00bb, dans la banlieue de Lyon, \u00ab pr\u00e9tendant \u00eatre l\u2019auteur des tirs mortels \u00bb, a indiqu\u00e9 \u00e0 l\u2019AFP une responsable de la police, ajoutant qu\u2019il a \u00e9t\u00e9 plac\u00e9 en garde \u00e0 vue.<\/p>\n<p>Une enqu\u00eate ouverte<\/p>\n<p class=\"mb-4 text-lg md:leading-8 break-words\">Une <a href=\"https:\/\/www.20minutes.fr\/dossier\/enquete?at_medium=RSS%20feed&amp;at_campaign=ynews&amp;utm_source=yahoo&amp;utm_medium=rss&amp;utm_campaign=news_feed&amp;utm_content=in_article_link\" rel=\"nofollow noopener\" target=\"_blank\" data-ylk=\"slk:enqu\u00eate;elm:context_link;itc:0;sec:content-canvas\" class=\"link \">enqu\u00eate<\/a> pour tentative de meurtre avait \u00e9t\u00e9 ouverte dans la soir\u00e9e mercredi, avait annonc\u00e9 le parquet, pr\u00e9cisant que, selon les premiers \u00e9l\u00e9ments recueillis, les tirs \u00ab seraient survenus \u00e0 la suite d\u2019une rixe \u00bb.<\/p>\n<p><a href=\"https:\/\/www.20minutes.fr\/faits_divers\/faits-divers-lyon\/\" rel=\"nofollow noopener\" target=\"_blank\" data-ylk=\"slk:Notre dossier sur les faits divers \u00e0 Lyon;elm:context_link;itc:0;sec:content-canvas\" class=\"link \">Notre dossier sur les faits divers \u00e0 Lyon<\/a><\/p>\n<p class=\"mb-4 text-lg md:leading-8 break-words\">Aucun lien n\u2019a \u00e9t\u00e9 \u00e9tabli, \u00e0 ce stade, avec les manifestations du mouvement \u00ab <a href=\"https:\/\/www.20minutes.fr\/diaporama\/diaporama-4172318-images-barrages-manifestations-violences-france-bloquons-tout?at_medium=RSS%20feed&amp;at_campaign=ynews&amp;utm_source=yahoo&amp;utm_medium=rss&amp;utm_campaign=news_feed&amp;utm_content=in_article_link\" rel=\"nofollow noopener\" target=\"_blank\" data-ylk=\"slk:Bloquons tout;elm:context_link;itc:0;sec:content-canvas\" class=\"link \">Bloquons tout<\/a> \u00bb, qui ont rassembl\u00e9 8.000 personnes \u00e0 Lyon mercredi, \u00e9maill\u00e9es d\u2019affrontements sporadiques avec les forces de l\u2019ordre et de d\u00e9gradations, avait pr\u00e9cis\u00e9 la pr\u00e9fecture mercredi soir.<\/p>\n<p class=\"mb-4 text-lg md:leading-8 break-words\"><a href=\"https:\/\/www.20minutes.fr\/faits_divers\/4172608-20250911-lyon-jeune-19-ans-livre-police-apres-deces-homme-22-ans-balles?at_medium=RSS%20feed&amp;at_campaign=ynews&amp;utm_source=yahoo&amp;utm_medium=rss&amp;utm_campaign=news_feed&amp;utm_content=read_more_link&quot;\" rel=\"nofollow noopener\" target=\"_blank\" data-ylk=\"slk:Lire la suite sur 20minutes;elm:context_link;itc:0;sec:content-canvas\" class=\"link \">Lire la suite sur 20minutes<\/a><\/p>\n<p>\u00c0 lire aussi :<br \/><a href=\"https:\/\/www.20minutes.fr\/faits_divers\/4172376-20250910-lyon-homme-22-ans-urgence-absolue-apres-avoir-blesse-balle?at_medium=RSS%20feed&amp;at_campaign=ynews&amp;utm_source=yahoo&amp;utm_medium=rss&amp;utm_campaign=news_feed&amp;utm_content=related_content_link\" rel=\"nofollow noopener\" target=\"_blank\" data-ylk=\"slk:Lyon : Un homme de 22 ans est mort apr\u00e8s avoir \u00e9t\u00e9 bless\u00e9 par balle;elm:context_link;itc:0;sec:content-canvas\" class=\"link \">Lyon : Un homme de 22 ans est mort apr\u00e8s avoir \u00e9t\u00e9 bless\u00e9 par balle<\/a><br \/><a href=\"https:\/\/www.20minutes.fr\/faits_divers\/4168486-20250819-lyon-jeune-homme-19-ans-sauve-tous-voisins-incendie-devient-heros?at_medium=RSS%20feed&amp;at_campaign=ynews&amp;utm_source=yahoo&amp;utm_medium=rss&amp;utm_campaign=news_feed&amp;utm_content=related_content_link\" rel=\"nofollow noopener\" target=\"_blank\" data-ylk=\"slk:Lyon : Un jeune homme de 19 ans sauve tous ses voisins d\u2019un incendie et devient leur \u00ab h\u00e9ros \u00bb;elm:context_link;itc:0;sec:content-canvas\" class=\"link \">Lyon : Un jeune homme de 19 ans sauve tous ses voisins d\u2019un incendie et devient leur \u00ab h\u00e9ros \u00bb<\/a><\/p>\n","protected":false},"excerpt":{"rendered":"enqu\u00eate &#8211; La victime, touch\u00e9e dans une rue du centre-ville, avait \u00e9t\u00e9 hospitalis\u00e9e en d\u00e9but de soir\u00e9e en&hellip;\n","protected":false},"author":2,"featured_media":383896,"comment_status":"","ping_status":"","sticky":false,"template":"","format":"standard","meta":{"footnotes":""},"categories":[1889],"tags":[1111,11,1764,2430,51664,1777,674,3160,1011,27,3371,2428,12,25,5118],"class_list":{"0":"post-383895","1":"post","2":"type-post","3":"status-publish","4":"format-standard","5":"has-post-thumbnail","7":"category-lyon","8":"tag-actu","9":"tag-actualites","10":"tag-ans","11":"tag-auvergne-rhone-alpes","12":"tag-debut-de-soiree","13":"tag-eu","14":"tag-europe","15":"tag-forces-de-lordre","16":"tag-fr","17":"tag-france","18":"tag-la-police","19":"tag-lyon","20":"tag-news","21":"tag-republique-francaise","22":"tag-tentative-de-meurtre"},"share_on_mastodon":{"url":"https:\/\/pubeurope.com\/@fr\/115188172387575218","error":""},"_links":{"self":[{"href":"https:\/\/www.europesays.com\/fr\/wp-json\/wp\/v2\/posts\/383895","targetHints":{"allow":["GET"]}}],"collection":[{"href":"https:\/\/www.europesays.com\/fr\/wp-json\/wp\/v2\/posts"}],"about":[{"href":"https:\/\/www.europesays.com\/fr\/wp-json\/wp\/v2\/types\/post"}],"author":[{"embeddable":true,"href":"https:\/\/www.europesays.com\/fr\/wp-json\/wp\/v2\/users\/2"}],"replies":[{"embeddable":true,"href":"https:\/\/www.europesays.com\/fr\/wp-json\/wp\/v2\/comments?post=383895"}],"version-history":[{"count":0,"href":"https:\/\/www.europesays.com\/fr\/wp-json\/wp\/v2\/posts\/383895\/revisions"}],"wp:featuredmedia":[{"embeddable":true,"href":"https:\/\/www.europesays.com\/fr\/wp-json\/wp\/v2\/media\/383896"}],"wp:attachment":[{"href":"https:\/\/www.europesays.com\/fr\/wp-json\/wp\/v2\/media?parent=383895"}],"wp:term":[{"taxonomy":"category","embeddable":true,"href":"https:\/\/www.europesays.com\/fr\/wp-json\/wp\/v2\/categories?post=383895"},{"taxonomy":"post_tag","embeddable":true,"href":"https:\/\/www.europesays.com\/fr\/wp-json\/wp\/v2\/tags?post=383895"}],"curies":[{"name":"wp","href":"https:\/\/api.w.org\/{rel}","templated":true}]}}