{"id":383897,"date":"2025-09-11T23:07:15","date_gmt":"2025-09-11T23:07:15","guid":{"rendered":"https:\/\/www.europesays.com\/fr\/383897\/"},"modified":"2025-09-11T23:07:15","modified_gmt":"2025-09-11T23:07:15","slug":"quelle-image-on-donne-aux-touristes-deplore-franck-delvau-president-de-lumih-paris-ile-de-france-au-lendemain-de-la-mobilisation-du-10-septembre","status":"publish","type":"post","link":"https:\/\/www.europesays.com\/fr\/383897\/","title":{"rendered":"\u00ab\u00a0Quelle image on donne aux touristes?\u00a0\u00bb, d\u00e9plore Franck Delvau, pr\u00e9sident de l&rsquo;UMIH Paris \u00cele-de-France, au lendemain de la mobilisation du 10 septembre"},"content":{"rendered":"<p>\u00ab\u00a0Quelle image on donne aux touristes?\u00a0\u00bb, d\u00e9plore Franck Delvau, pr\u00e9sident de l&rsquo;UMIH Paris \u00cele-de-France, au lendemain de la mobilisation du 10 septembreSur le m\u00eame sujet<a href=\"https:\/\/www.bfmtv.com\/societe\/video-crise-sociale-le-premier-probleme-dans-ce-pays-c-est-l-accumulation-de-richesse-insupportable-par-toute-une-partie-de-la-population-lance-manes-nadel-etudiant-et-porte-parole-du-collectif-edr_VN-202509110975.html\" title=\"Crise sociale: &quot;Le premier probl\u00e8me dans ce pays, c&#039;est l&#039;accumulation de richesse insupportable par toute une partie de la population&quot;, lance Man\u00e8s Nadel, \u00e9tudiant et porte-parole du collectif EDR\" rel=\"nofollow noopener\" target=\"_blank\"><img width=\"16\" height=\"9\" class=\"lozad\"  alt=\"Crise sociale: &quot;Le premier probl\u00e8me dans ce pays, c'est l'accumulation de richesse insupportable par toute une partie de la population&quot;, lance Man\u00e8s Nadel, \u00e9tudiant et porte-parole du collectif EDR\"\/>1:11Crise sociale: \u00ab\u00a0Le premier probl\u00e8me dans ce pays, c&rsquo;est l&rsquo;accumulation de richesse insupportable par toute une partie de la population\u00a0\u00bb, lance Man\u00e8s Nadel, \u00e9tudiant et porte-parole du collectif EDR<\/a><a href=\"https:\/\/www.bfmtv.com\/politique\/gouvernement\/video-crise-politique-c-est-une-situation-ou-un-gouvernement-ne-peut-pas-engager-de-grandes-reformes-assure-henri-guaino-ancien-conseiller-special-de-nicolas-sarkozy-a-l-elysee_VN-202509110972.html\" title=\"Crise politique: &quot;C&#039;est une situation o\u00f9 un gouvernement ne peut pas engager de grandes r\u00e9formes&quot;, assure Henri Guaino, ancien conseiller sp\u00e9cial de Nicolas Sarkozy \u00e0 l&#039;\u00c9lys\u00e9e \" rel=\"nofollow noopener\" target=\"_blank\"><img width=\"16\" height=\"9\" class=\"lozad\"  alt=\"Crise politique: &quot;C'est une situation o\u00f9 un gouvernement ne peut pas engager de grandes r\u00e9formes&quot;, assure Henri Guaino, ancien conseiller sp\u00e9cial de Nicolas Sarkozy \u00e0 l'\u00c9lys\u00e9e \"\/>2:32Crise politique: \u00ab\u00a0C&rsquo;est une situation o\u00f9 un gouvernement ne peut pas engager de grandes r\u00e9formes\u00a0\u00bb, assure Henri Guaino, ancien conseiller sp\u00e9cial de Nicolas Sarkozy \u00e0 l&rsquo;\u00c9lys\u00e9e<\/a><a href=\"https:\/\/www.bfmtv.com\/politique\/video-colere-sociale-nous-pensons-que-l-essor-economique-et-le-progres-social-marchent-ensemble-affirme-laurent-jacobelli-depute-rn-de-moselle_VN-202509110970.html\" title=\"Col\u00e8re sociale: &quot;Nous pensons que l&#039;essor \u00e9conomique et le progr\u00e8s social marchent ensemble&quot;, affirme Laurent Jacobelli, d\u00e9put\u00e9 RN de Moselle\" rel=\"nofollow noopener\" target=\"_blank\"><img width=\"16\" height=\"9\" class=\"lozad\"  alt=\"Col\u00e8re sociale: &quot;Nous pensons que l'essor \u00e9conomique et le progr\u00e8s social marchent ensemble&quot;, affirme Laurent Jacobelli, d\u00e9put\u00e9 RN de Moselle\"\/>1:17Col\u00e8re sociale: \u00ab\u00a0Nous pensons que l&rsquo;essor \u00e9conomique et le progr\u00e8s social marchent ensemble\u00a0\u00bb, affirme Laurent Jacobelli, d\u00e9put\u00e9 RN de Moselle<\/a><a href=\"https:\/\/www.bfmtv.com\/societe\/video-colere-sociale-les-deux-jours-feries-supprimes-ca-a-ete-le-declic-affirme-christine-infirmiere-liberale_VN-202509110967.html\" title=\"Col\u00e8re sociale: les deux jours f\u00e9ri\u00e9s supprim\u00e9s, &quot;\u00e7a a \u00e9t\u00e9 le d\u00e9clic&quot;, affirme Christine, infirmi\u00e8re lib\u00e9rale\" rel=\"nofollow noopener\" target=\"_blank\"><img width=\"16\" height=\"9\" class=\"lozad\"  alt=\"Col\u00e8re sociale: les deux jours f\u00e9ri\u00e9s supprim\u00e9s, &quot;\u00e7a a \u00e9t\u00e9 le d\u00e9clic&quot;, affirme Christine, infirmi\u00e8re lib\u00e9rale\"\/>2:41Col\u00e8re sociale: les deux jours f\u00e9ri\u00e9s supprim\u00e9s, \u00ab\u00a0\u00e7a a \u00e9t\u00e9 le d\u00e9clic\u00a0\u00bb, affirme Christine, infirmi\u00e8re lib\u00e9rale<\/a><a href=\"https:\/\/www.bfmtv.com\/politique\/gouvernement\/video-crise-politique-nous-attendons-de-monsieur-lecornu-qu-il-fasse-une-politique-de-rupture-comme-il-l-a-promis-souligne-laurent-jacobelli-depute-rn-de-moselle_VN-202509110957.html\" title=\"Crise politique: &quot;Nous attendons de monsieur Lecornu qu&#039;il fasse une politique de rupture comme il l&#039;a promis&quot;, souligne Laurent Jacobelli, d\u00e9put\u00e9 RN de Moselle\" rel=\"nofollow noopener\" target=\"_blank\"><img width=\"16\" height=\"9\" class=\"lozad\"  alt=\"Crise politique: &quot;Nous attendons de monsieur Lecornu qu'il fasse une politique de rupture comme il l'a promis&quot;, souligne Laurent Jacobelli, d\u00e9put\u00e9 RN de Moselle\"\/>0:59Crise politique: \u00ab\u00a0Nous attendons de monsieur Lecornu qu&rsquo;il fasse une politique de rupture comme il l&rsquo;a promis\u00a0\u00bb, souligne Laurent Jacobelli, d\u00e9put\u00e9 RN de Moselle<\/a><a href=\"https:\/\/www.bfmtv.com\/societe\/video-colere-sociale-je-paie-tout-le-temps-tout-le-temps-et-on-ne-m-entend-pas-deplore-jeremy-chauffeur-livreur-a-marseille_VN-202509110948.html\" title=\"Col\u00e8re sociale: &quot;Je paie tout le temps, tout le temps et on ne m&#039;entend pas&quot;, d\u00e9plore J\u00e9r\u00e9my, chauffeur-livreur \u00e0 Marseille\" rel=\"nofollow noopener\" target=\"_blank\"><img width=\"16\" height=\"9\" class=\"lozad\"  alt=\"Col\u00e8re sociale: &quot;Je paie tout le temps, tout le temps et on ne m'entend pas&quot;, d\u00e9plore J\u00e9r\u00e9my, chauffeur-livreur \u00e0 Marseille\"\/>2:27Col\u00e8re sociale: \u00ab\u00a0Je paie tout le temps, tout le temps et on ne m&rsquo;entend pas\u00a0\u00bb, d\u00e9plore J\u00e9r\u00e9my, chauffeur-livreur \u00e0 Marseille<\/a><a href=\"https:\/\/www.bfmtv.com\/societe\/video-mobilisation-du-10-septembre-c-est-un-tremplin-pour-l-action-du-18-assure-benjamin-amar-cgt-94-et-enseignant_VN-202509110941.html\" title=\"Mobilisation du 10 septembre: &quot;C&#039;est un tremplin pour l&#039;action du 18&quot;, assure Benjamin Amar, CGT 94 et enseignant\" rel=\"nofollow noopener\" target=\"_blank\"><img width=\"16\" height=\"9\" class=\"lozad\"  alt=\"Mobilisation du 10 septembre: &quot;C'est un tremplin pour l'action du 18&quot;, assure Benjamin Amar, CGT 94 et enseignant\"\/>1:01Mobilisation du 10 septembre: \u00ab\u00a0C&rsquo;est un tremplin pour l&rsquo;action du 18\u00a0\u00bb, assure Benjamin Amar, CGT 94 et enseignant<\/a><a href=\"https:\/\/www.bfmtv.com\/societe\/video-mobilisation-du-18-septembre-ca-sera-plus-fort-il-y-aura-plus-de-blocages-assure-julien-trocaz-secretaire-federal-du-syndicat-sud-rail_VN-202509110916.html\" title=\"Mobilisation du 18 septembre: &quot;\u00c7a sera plus fort, il y aura plus de blocages&quot;, assure Julien Trocaz, secr\u00e9taire f\u00e9d\u00e9ral du syndicat SUD-Rail\" rel=\"nofollow noopener\" target=\"_blank\"><img width=\"16\" height=\"9\" class=\"lozad\"  alt=\"Mobilisation du 18 septembre: &quot;\u00c7a sera plus fort, il y aura plus de blocages&quot;, assure Julien Trocaz, secr\u00e9taire f\u00e9d\u00e9ral du syndicat SUD-Rail\"\/>1:02Mobilisation du 18 septembre: \u00ab\u00a0\u00c7a sera plus fort, il y aura plus de blocages\u00a0\u00bb, assure Julien Trocaz, secr\u00e9taire f\u00e9d\u00e9ral du syndicat SUD-Rail<\/a><a href=\"https:\/\/www.bfmtv.com\/politique\/video-le-choix-d-yves-threard-colere-sociale-sebastien-lecornu-dans-l-impasse_VN-202509110897.html\" title=\"LE CHOIX D&#039;YVES THR\u00c9ARD - Col\u00e8re sociale: S\u00e9bastien Lecornu dans l&#039;impasse?\" rel=\"nofollow noopener\" target=\"_blank\"><img width=\"16\" height=\"9\" class=\"lozad\"  alt=\"LE CHOIX D'YVES THR\u00c9ARD - Col\u00e8re sociale: S\u00e9bastien Lecornu dans l'impasse?\"\/>5:21LE CHOIX D&rsquo;YVES THR\u00c9ARD &#8211; Col\u00e8re sociale: S\u00e9bastien Lecornu dans l&rsquo;impasse?<\/a><a href=\"https:\/\/www.bfmtv.com\/societe\/video-tik-tok-le-temoignage-de-stephanie-mistre-mere-d-une-adolescente-qui-s-est-suicidee-suite-a-du-harcelement-sur-les-reseaux_VN-202509110896.html\" title=\"TikTok: le t\u00e9moignage de St\u00e9phanie Mistre, m\u00e8re d&#039;une adolescente qui s&#039;est suicid\u00e9e suite \u00e0 du harc\u00e8lement sur les r\u00e9seaux \" rel=\"nofollow noopener\" target=\"_blank\"><img width=\"16\" height=\"9\" class=\"lozad\"  alt=\"TikTok: le t\u00e9moignage de St\u00e9phanie Mistre, m\u00e8re d'une adolescente qui s'est suicid\u00e9e suite \u00e0 du harc\u00e8lement sur les r\u00e9seaux \"\/>10:53TikTok: le t\u00e9moignage de St\u00e9phanie Mistre, m\u00e8re d&rsquo;une adolescente qui s&rsquo;est suicid\u00e9e suite \u00e0 du harc\u00e8lement sur les r\u00e9seaux<\/a><a href=\"https:\/\/www.bfmtv.com\/politique\/video-greve-du-18-septembre-notre-objectif-entre-le-10-et-le-18-c-est-de-maintenir-la-pression-affirme-murielle-guilbert-co-deleguee-generale-de-l-union-syndicale-solidaires_VN-202509110874.html\" title=\"Gr\u00e8ve du 18 septembre: &quot;Notre objectif entre le 10 et le 18, c&#039;est de maintenir la pression&quot;, affirme Murielle Guilbert, co-d\u00e9l\u00e9gu\u00e9e g\u00e9n\u00e9rale de l&#039;Union syndicale Solidaires\" rel=\"nofollow noopener\" target=\"_blank\"><img width=\"16\" height=\"9\" class=\"lozad\"  alt=\"Gr\u00e8ve du 18 septembre: &quot;Notre objectif entre le 10 et le 18, c'est de maintenir la pression&quot;, affirme Murielle Guilbert, co-d\u00e9l\u00e9gu\u00e9e g\u00e9n\u00e9rale de l'Union syndicale Solidaires\"\/>1:41Gr\u00e8ve du 18 septembre: \u00ab\u00a0Notre objectif entre le 10 et le 18, c&rsquo;est de maintenir la pression\u00a0\u00bb, affirme Murielle Guilbert, co-d\u00e9l\u00e9gu\u00e9e g\u00e9n\u00e9rale de l&rsquo;Union syndicale Solidaires<\/a><a href=\"https:\/\/www.bfmtv.com\/societe\/video-a-quoi-s-attendre-pour-la-journee-de-mobilisation-du-18-septembre_VN-202509110866.html\" title=\"\u00c0 quoi s&#039;attendre pour la journ\u00e9e de mobilisation du 18 septembre?\" rel=\"nofollow noopener\" target=\"_blank\"><img width=\"16\" height=\"9\" class=\"lozad\"  alt=\"\u00c0 quoi s'attendre pour la journ\u00e9e de mobilisation du 18 septembre?\"\/>1:27\u00c0 quoi s&rsquo;attendre pour la journ\u00e9e de mobilisation du 18 septembre?<\/a><a href=\"https:\/\/www.bfmtv.com\/societe\/video-tik-tok-le-but-c-est-d-informer-un-maximum-de-parents-affirme-stephanie-mistre-mere-d-une-adolescente-qui-s-est-suicidee-victime-de-harcelement-sur-les-reseaux_VN-202509110864.html\" title=\"TikTok: &quot;Le but c&#039;est d&#039;informer un maximum de parents&quot;, affirme St\u00e9phanie Mistre, m\u00e8re d&#039;une adolescente qui s&#039;est suicid\u00e9e, victime de harc\u00e8lement sur les r\u00e9seaux\" rel=\"nofollow noopener\" target=\"_blank\"><img width=\"16\" height=\"9\" class=\"lozad\"  alt=\"TikTok: &quot;Le but c'est d'informer un maximum de parents&quot;, affirme St\u00e9phanie Mistre, m\u00e8re d'une adolescente qui s'est suicid\u00e9e, victime de harc\u00e8lement sur les r\u00e9seaux\"\/>1:54TikTok: \u00ab\u00a0Le but c&rsquo;est d&rsquo;informer un maximum de parents\u00a0\u00bb, affirme St\u00e9phanie Mistre, m\u00e8re d&rsquo;une adolescente qui s&rsquo;est suicid\u00e9e, victime de harc\u00e8lement sur les r\u00e9seaux<\/a><a href=\"https:\/\/www.bfmtv.com\/societe\/video-responsables-de-tik-tok-ils-se-sont-completement-foutus-du-monde-lance-laure-miller-rapporteure-de-la-commission-d-enquete-sur-le-reseau-social_VN-202509110860.html\" title=\"Responsables de TikTok: &quot;ils se sont compl\u00e8tement foutus du monde&quot; lance Laure Miller rapporteure de la commission d&#039;enqu\u00eate sur le r\u00e9seau social  \" rel=\"nofollow noopener\" target=\"_blank\"><img width=\"16\" height=\"9\" class=\"lozad\"  alt=\"Responsables de TikTok: &quot;ils se sont compl\u00e8tement foutus du monde&quot; lance Laure Miller rapporteure de la commission d'enqu\u00eate sur le r\u00e9seau social  \"\/>0:57Responsables de TikTok: \u00ab\u00a0ils se sont compl\u00e8tement foutus du monde\u00a0\u00bb lance Laure Miller rapporteure de la commission d&rsquo;enqu\u00eate sur le r\u00e9seau social<\/a><a class=\"jumpToVideo\" target=\"_blank\"><img class=\"thumbnailPreview\"\/><\/a><\/p>\n","protected":false},"excerpt":{"rendered":"\u00ab\u00a0Quelle image on donne aux touristes?\u00a0\u00bb, d\u00e9plore Franck Delvau, pr\u00e9sident de l&rsquo;UMIH Paris \u00cele-de-France, au lendemain de la&hellip;\n","protected":false},"author":2,"featured_media":383898,"comment_status":"","ping_status":"","sticky":false,"template":"","format":"standard","meta":{"footnotes":""},"categories":[1592],"tags":[1111,11,1777,674,1011,27,662,12,626,25],"class_list":{"0":"post-383897","1":"post","2":"type-post","3":"status-publish","4":"format-standard","5":"has-post-thumbnail","7":"category-ile-de-france","8":"tag-actu","9":"tag-actualites","10":"tag-eu","11":"tag-europe","12":"tag-fr","13":"tag-france","14":"tag-ile-de-france","15":"tag-news","16":"tag-paris","17":"tag-republique-francaise"},"share_on_mastodon":{"url":"https:\/\/pubeurope.com\/@fr\/115188180214223370","error":""},"_links":{"self":[{"href":"https:\/\/www.europesays.com\/fr\/wp-json\/wp\/v2\/posts\/383897","targetHints":{"allow":["GET"]}}],"collection":[{"href":"https:\/\/www.europesays.com\/fr\/wp-json\/wp\/v2\/posts"}],"about":[{"href":"https:\/\/www.europesays.com\/fr\/wp-json\/wp\/v2\/types\/post"}],"author":[{"embeddable":true,"href":"https:\/\/www.europesays.com\/fr\/wp-json\/wp\/v2\/users\/2"}],"replies":[{"embeddable":true,"href":"https:\/\/www.europesays.com\/fr\/wp-json\/wp\/v2\/comments?post=383897"}],"version-history":[{"count":0,"href":"https:\/\/www.europesays.com\/fr\/wp-json\/wp\/v2\/posts\/383897\/revisions"}],"wp:featuredmedia":[{"embeddable":true,"href":"https:\/\/www.europesays.com\/fr\/wp-json\/wp\/v2\/media\/383898"}],"wp:attachment":[{"href":"https:\/\/www.europesays.com\/fr\/wp-json\/wp\/v2\/media?parent=383897"}],"wp:term":[{"taxonomy":"category","embeddable":true,"href":"https:\/\/www.europesays.com\/fr\/wp-json\/wp\/v2\/categories?post=383897"},{"taxonomy":"post_tag","embeddable":true,"href":"https:\/\/www.europesays.com\/fr\/wp-json\/wp\/v2\/tags?post=383897"}],"curies":[{"name":"wp","href":"https:\/\/api.w.org\/{rel}","templated":true}]}}