{"id":383899,"date":"2025-09-11T23:08:13","date_gmt":"2025-09-11T23:08:13","guid":{"rendered":"https:\/\/www.europesays.com\/fr\/383899\/"},"modified":"2025-09-11T23:08:13","modified_gmt":"2025-09-11T23:08:13","slug":"notre-dame-de-paris-en-tete-des-monuments-francais-les-plus-visites","status":"publish","type":"post","link":"https:\/\/www.europesays.com\/fr\/383899\/","title":{"rendered":"Notre-Dame de Paris en t\u00eate des monuments fran\u00e7ais les plus visit\u00e9s"},"content":{"rendered":"<p>            lire plus tard<\/p>\n<p id=\"dialog__title\" class=\"dialog__title\">Pour sauvegarder cet article, connectez-vous ou cr\u00e9ez un compte franceinfo<\/p>\n<p class=\"dialog__description\">Sans paiement. Sans abonnement.<\/p>\n<p>        Fermer la fen\u00eatre d\u2019activation des notifications France Info<\/p>\n<p>            cr\u00e9er votre compte<\/p>\n<p>            se connecter<\/p>\n<p>        Fermer la fen\u00eatre de pr\u00e9sentation<\/p>\n<p>    Publi\u00e9 le 11\/09\/2025 23:17<\/p>\n<p>        Temps de lecture : 2min &#8211; vid\u00e9o : 2min<\/p>\n<p>    <img decoding=\"async\" class=\"francetv-player-wrapper__image\" alt=\"Tourisme : Notre-Dame de Paris en t\u00eate des monuments fran\u00e7ais les plus visit\u00e9s\"  width=\"432\" height=\"243\" src=\"https:\/\/www.europesays.com\/fr\/wp-content\/uploads\/2025\/09\/notre-dame-de-paris-68c33bee7cc39399303055.jpg\" fetchpriority=\"high\"\/><\/p>\n<p>              Tourisme : Notre-Dame de Paris en t\u00eate des monuments fran\u00e7ais les plus visit\u00e9s<br \/>\n                    (France 2)<\/p>\n<p>      2min<\/p>\n<p>\n  Notre-Dame de Paris conna\u00eet un succ\u00e8s fou, neuf mois apr\u00e8s sa r\u00e9ouverture. Avec d\u00e9j\u00e0 plus de 8 millions de visiteurs, la cath\u00e9drale devient le monument le plus visit\u00e9 de France, devant le Louvre et la tour Eiffel.\n<\/p>\n<p><strong>Ce texte correspond \u00e0 une partie de la retranscription du reportage ci-dessus. Cliquez sur la vid\u00e9o pour la regarder en int\u00e9gralit\u00e9.<\/strong><\/p>\n<p>Plus que jamais, elle m\u00e9rite son statut de star, neuf mois apr\u00e8s sa r\u00e9ouverture. <a href=\"https:\/\/www.franceinfo.fr\/culture\/patrimoine\/incendie-de-notre-dame-de-paris\/reouverture\/chantier-de-notre-dame-la-cour-des-comptes-salue-une-restauration-menee-a-bon-terme-et-pour-un-cout-maitrise-mais-s-inquiete-du-risque-sanitaire-lie-a-l-emploi-du-plomb_7469335.html\" rel=\"nofollow noopener\" target=\"_blank\">Notre-Dame de Paris<\/a> est en passe de battre son record. Elle caracole d\u00e9j\u00e0 en t\u00eate des monuments fran\u00e7ais les plus visit\u00e9s. Le monde entier vient ici assister \u00e0 une renaissance. \u00ab\u00a0C&rsquo;est plus beau qu&rsquo;avant, c&rsquo;est plus clair, il y a beaucoup de peintures\u00a0\u00bb, confie un touriste. \u00ab\u00a0On veut voir les vitraux et toutes les restaurations qui ont \u00e9t\u00e9 r\u00e9alis\u00e9es depuis 2019\u00a0\u00bb, explique un autre visiteur.<\/p>\n<p>Un succ\u00e8s spectaculaire qui peut tout de m\u00eame en d\u00e9courager certains. \u00ab\u00a0Il y a trop de touristes, on reviendra une autre fois\u00a0\u00bb, affirme un couple.\u00a0M\u00eame la messe a retrouv\u00e9 son public. On comptait \u00e0 peine une centaine de fid\u00e8les avant la trag\u00e9die. Aujourd&rsquo;hui, ils sont r\u00e9guli\u00e8rement 400 \u00e0 800, parfois un millier, pour assister aux offices. Le tourisme patrimonial de Notre-Dame s&rsquo;accommode tr\u00e8s bien d&rsquo;un tourisme religieux retrouv\u00e9.<\/p>\n<p>\u00ab\u00a0Le fait de l&rsquo;avoir vu br\u00fbler, je pense que \u00e7a a cr\u00e9\u00e9 une intimit\u00e9. On a tous une intimit\u00e9 avec Notre-Dame, et on a tous envie de voir Notre-Dame dans cette intimit\u00e9\u00a0\u00bb, indique Sybille Bellamy-Brown, responsable de la gestion des publics de la cath\u00e9drale.<\/p>\n<p>Qu&rsquo;on vienne \u00e0 l&rsquo;improviste comme les trois quarts du public ou sur r\u00e9servation, ou encore pour assister \u00e0 la messe et \u00e9viter l&rsquo;attente, Notre-Dame est ouverte \u00e0 tous. D\u00e9j\u00e0 30 000 visiteurs sont recens\u00e9s par jour en moyenne. Dans quelques jours, \u00e0 l&rsquo;occasion des Journ\u00e9es du patrimoine, les deux tours de la cath\u00e9drale rouvriront, elles aussi, au public pour la premi\u00e8re fois.<\/p>\n","protected":false},"excerpt":{"rendered":"lire plus tard Pour sauvegarder cet article, connectez-vous ou cr\u00e9ez un compte franceinfo Sans paiement. Sans abonnement. Fermer&hellip;\n","protected":false},"author":2,"featured_media":383900,"comment_status":"","ping_status":"","sticky":false,"template":"","format":"standard","meta":{"footnotes":""},"categories":[1888],"tags":[1111,1928,11,1927,1777,674,1011,27,12,1926,626,1925,25],"class_list":{"0":"post-383899","1":"post","2":"type-post","3":"status-publish","4":"format-standard","5":"has-post-thumbnail","7":"category-paris","8":"tag-actu","9":"tag-actu-paris","10":"tag-actualites","11":"tag-actualites-paris","12":"tag-eu","13":"tag-europe","14":"tag-fr","15":"tag-france","16":"tag-news","17":"tag-news-paris","18":"tag-paris","19":"tag-paris-news","20":"tag-republique-francaise"},"share_on_mastodon":{"url":"https:\/\/pubeurope.com\/@fr\/115188184509718807","error":""},"_links":{"self":[{"href":"https:\/\/www.europesays.com\/fr\/wp-json\/wp\/v2\/posts\/383899","targetHints":{"allow":["GET"]}}],"collection":[{"href":"https:\/\/www.europesays.com\/fr\/wp-json\/wp\/v2\/posts"}],"about":[{"href":"https:\/\/www.europesays.com\/fr\/wp-json\/wp\/v2\/types\/post"}],"author":[{"embeddable":true,"href":"https:\/\/www.europesays.com\/fr\/wp-json\/wp\/v2\/users\/2"}],"replies":[{"embeddable":true,"href":"https:\/\/www.europesays.com\/fr\/wp-json\/wp\/v2\/comments?post=383899"}],"version-history":[{"count":0,"href":"https:\/\/www.europesays.com\/fr\/wp-json\/wp\/v2\/posts\/383899\/revisions"}],"wp:featuredmedia":[{"embeddable":true,"href":"https:\/\/www.europesays.com\/fr\/wp-json\/wp\/v2\/media\/383900"}],"wp:attachment":[{"href":"https:\/\/www.europesays.com\/fr\/wp-json\/wp\/v2\/media?parent=383899"}],"wp:term":[{"taxonomy":"category","embeddable":true,"href":"https:\/\/www.europesays.com\/fr\/wp-json\/wp\/v2\/categories?post=383899"},{"taxonomy":"post_tag","embeddable":true,"href":"https:\/\/www.europesays.com\/fr\/wp-json\/wp\/v2\/tags?post=383899"}],"curies":[{"name":"wp","href":"https:\/\/api.w.org\/{rel}","templated":true}]}}