{"id":383902,"date":"2025-09-11T23:10:14","date_gmt":"2025-09-11T23:10:14","guid":{"rendered":"https:\/\/www.europesays.com\/fr\/383902\/"},"modified":"2025-09-11T23:10:14","modified_gmt":"2025-09-11T23:10:14","slug":"le-rouge-francais-inaugure-sa-premiere-boutique-a-paris-3","status":"publish","type":"post","link":"https:\/\/www.europesays.com\/fr\/383902\/","title":{"rendered":"Le Rouge Fran\u00e7ais inaugure sa premi\u00e8re boutique \u00e0 Paris"},"content":{"rendered":"<p>\n                                    <b>Publi\u00e9 le<\/b><br \/>\n                                    <\/p>\n<p>                                        11 septembre 2025<\/p>\n<p class=\"article-content col-md-8 offset-md-1\">\n                                Le Rouge Fran\u00e7ais, fond\u00e9 en 2019 par \u00c9lodie Carpentier et Salem Ghezaili, a choisi la rue de Turenne, \u00e0 deux pas de la place des Vosges, pour installer sa premi\u00e8re boutique physique.\u00a0<\/p>\n<p><img decoding=\"async\" class=\"news-image\" style=\"width:100%;max-width:741px;\" src=\"https:\/\/www.europesays.com\/fr\/wp-content\/uploads\/2025\/09\/414d.jpg\" alt=\"La premi\u00e8re boutique La Bouche Rouge dans le Marais\" loading=\"lazy\"\/>La premi\u00e8re boutique La Bouche Rouge dans le Marais &#8211; DR<\/p>\n<p class=\"col-md-8 offset-md-1 article-content--texte\">Pens\u00e9e comme un lieu immersif, cette adresse met en avant son savoir-faire unique: des rouges \u00e0 l\u00e8vres et cosm\u00e9tiques \u00e9labor\u00e9s \u00e0 partir de plantes tinctoriales (roucou, garance, hibiscus, rose de Damas\u2026), prot\u00e9g\u00e9s par des brevets.<\/p>\n<p>Cette ouverture intervient alors que la jeune maison de dix salari\u00e9s, d\u00e9j\u00e0 distribu\u00e9e dans plus de 100 points de vente \u00e0 l\u2019international (dont Neiman Marcus et Credo Beauty aux \u00c9tats-Unis), m\u00e8ne une lev\u00e9e de fonds de 1,5 million d\u2019euros via la plateforme Tudigo.<\/p>\n<p class=\"col-md-8 offset-md-1 article-content--texte\">L\u2019op\u00e9ration, accessible \u00e0 partir de 500 euros, a d\u00e9j\u00e0 d\u00e9pass\u00e9 les 175.000 euros collect\u00e9s. Objectif affich\u00e9 : soutenir l\u2019industrialisation, renforcer la pr\u00e9sence \u00e0 l\u2019international, et atteindre un chiffre d\u2019affaires de 10 millions d\u2019euros d\u2019ici \u00e0 2027.<\/p>\n<p>En France, la marque s\u2019appr\u00eate \u00e0 int\u00e9grer 50 premiers points de vente Nocib\u00e9, sur un potentiel de 500, confirmant son ambition de devenir le leader mondial de la couleur v\u00e9g\u00e9tale en beaut\u00e9.<\/p>\n<p>Pour rappel\u00a0en d\u00e9cembre 2019 la marque avait op\u00e9r\u00e9 un premier tour de table avec Obratori, l\u2019incubateur de L\u2019Occitane, et BNP D\u00e9veloppement, Le Rouge Fran\u00e7ais avait boucl\u00e9 ensuite en 2022 une seconde lev\u00e9e aupr\u00e8s des m\u00eames investisseurs, rejoints par le fonds \u00e0 impact WinEquity et plusieurs\u00a0business angels. Des tours \u00e0 l&rsquo;issue desquels les fondateurs sont rest\u00e9s majoritaires.\n                            <\/p>\n<p>\n                                Tous droits de reproduction et de repr\u00e9sentation r\u00e9serv\u00e9s.<br \/>\u00a9 2025 FashionNetwork.com\n                            <\/p>\n","protected":false},"excerpt":{"rendered":"Publi\u00e9 le 11 septembre 2025 Le Rouge Fran\u00e7ais, fond\u00e9 en 2019 par \u00c9lodie Carpentier et Salem Ghezaili, a&hellip;\n","protected":false},"author":2,"featured_media":383779,"comment_status":"","ping_status":"","sticky":false,"template":"","format":"standard","meta":{"footnotes":""},"categories":[1888],"tags":[11,2424,537,2423,1777,674,1011,27,2425,985,12,2298,626,2426,2427,25,2421,2422],"class_list":{"0":"post-383902","1":"post","2":"type-post","3":"status-publish","4":"format-standard","5":"has-post-thumbnail","7":"category-paris","8":"tag-actualites","9":"tag-beaute","10":"tag-contact","11":"tag-cosmetiques","12":"tag-eu","13":"tag-europe","14":"tag-fr","15":"tag-france","16":"tag-luxe","17":"tag-mode","18":"tag-news","19":"tag-parfum","20":"tag-paris","21":"tag-professionnel","22":"tag-professionnels","23":"tag-republique-francaise","24":"tag-reseau","25":"tag-textile"},"share_on_mastodon":{"url":"https:\/\/pubeurope.com\/@fr\/115188192097623523","error":""},"_links":{"self":[{"href":"https:\/\/www.europesays.com\/fr\/wp-json\/wp\/v2\/posts\/383902","targetHints":{"allow":["GET"]}}],"collection":[{"href":"https:\/\/www.europesays.com\/fr\/wp-json\/wp\/v2\/posts"}],"about":[{"href":"https:\/\/www.europesays.com\/fr\/wp-json\/wp\/v2\/types\/post"}],"author":[{"embeddable":true,"href":"https:\/\/www.europesays.com\/fr\/wp-json\/wp\/v2\/users\/2"}],"replies":[{"embeddable":true,"href":"https:\/\/www.europesays.com\/fr\/wp-json\/wp\/v2\/comments?post=383902"}],"version-history":[{"count":0,"href":"https:\/\/www.europesays.com\/fr\/wp-json\/wp\/v2\/posts\/383902\/revisions"}],"wp:featuredmedia":[{"embeddable":true,"href":"https:\/\/www.europesays.com\/fr\/wp-json\/wp\/v2\/media\/383779"}],"wp:attachment":[{"href":"https:\/\/www.europesays.com\/fr\/wp-json\/wp\/v2\/media?parent=383902"}],"wp:term":[{"taxonomy":"category","embeddable":true,"href":"https:\/\/www.europesays.com\/fr\/wp-json\/wp\/v2\/categories?post=383902"},{"taxonomy":"post_tag","embeddable":true,"href":"https:\/\/www.europesays.com\/fr\/wp-json\/wp\/v2\/tags?post=383902"}],"curies":[{"name":"wp","href":"https:\/\/api.w.org\/{rel}","templated":true}]}}