{"id":383903,"date":"2025-09-11T23:11:11","date_gmt":"2025-09-11T23:11:11","guid":{"rendered":"https:\/\/www.europesays.com\/fr\/383903\/"},"modified":"2025-09-11T23:11:11","modified_gmt":"2025-09-11T23:11:11","slug":"previsions-du-vendredi-12-septembre-2025-2","status":"publish","type":"post","link":"https:\/\/www.europesays.com\/fr\/383903\/","title":{"rendered":"pr\u00e9visions du vendredi 12 septembre 2025"},"content":{"rendered":"<p>\u00c0 Paris, la m\u00e9t\u00e9o va peu \u00e0 peu s&rsquo;am\u00e9liorer dans la journ\u00e9e et laisser place \u00e0 des \u00e9claircies. Les temp\u00e9ratures s&rsquo;\u00e9chelonneront entre 12\u00b0C et 22\u00b0C. Un vent de sud-ouest rafra\u00eechira un peu l&rsquo;atmosph\u00e8re. Les temp\u00e9ratures vont conna\u00eetre une augmentation de plusieurs degr\u00e9s dans l&rsquo;apr\u00e8s-midi. Les maximales iront jusqu&rsquo;\u00e0 22\u00b0C alors que les minimales seront de 20\u00b0C. Le soir, des nuages feront leur apparition. Des pluies \u00e9parses vont tomber sur la ville. On s&rsquo;attend \u00e0 une nuit pluvieuse entre vendredi et samedi.<\/p>\n<p>La grisaille ne se disperse toujours pas, il va y avoir encore des nuages demain. Intemp\u00e9ries \u00e0 Paris : on pr\u00e9voit des pluies \u00e9parses. L&rsquo;air ambiant va se r\u00e9chauffer avec une hausse de quelques degr\u00e9s. Les valeurs afficheront entre 14 et 21\u00b0C. Un modeste vent de sud-ouest sera ressenti par les habitants. Les nuages en pr\u00e9vision le matin, et un ciel encore gris. Les temp\u00e9ratures seront de 17\u00b0C. Encore de la grisaille demain apr\u00e8s-midi. Les nuages vont s&rsquo;attarder. Les temp\u00e9ratures seront comprises entre 17 et 21\u00b0C. On observera la pr\u00e9sence persistante de nuages demain soir. Du mauvais temps est \u00e0 pr\u00e9voir. Des pluies \u00e9parses vont tomber.<\/p>\n<p>La m\u00e9t\u00e9o des journ\u00e9es suivantes va changer peu \u00e0 peu. Apr\u00e8s des conditions m\u00e9t\u00e9orologiques stables dimanche, la situation changera lundi.<\/p>\n<p><\/p>\n","protected":false},"excerpt":{"rendered":"\u00c0 Paris, la m\u00e9t\u00e9o va peu \u00e0 peu s&rsquo;am\u00e9liorer dans la journ\u00e9e et laisser place \u00e0 des \u00e9claircies.&hellip;\n","protected":false},"author":2,"featured_media":383904,"comment_status":"","ping_status":"","sticky":false,"template":"","format":"standard","meta":{"footnotes":""},"categories":[1888],"tags":[11,1777,674,1011,27,662,12,626,2119,25],"class_list":{"0":"post-383903","1":"post","2":"type-post","3":"status-publish","4":"format-standard","5":"has-post-thumbnail","7":"category-paris","8":"tag-actualites","9":"tag-eu","10":"tag-europe","11":"tag-fr","12":"tag-france","13":"tag-ile-de-france","14":"tag-news","15":"tag-paris","16":"tag-previsions-meteo","17":"tag-republique-francaise"},"share_on_mastodon":{"url":"https:\/\/pubeurope.com\/@fr\/115188195931728933","error":""},"_links":{"self":[{"href":"https:\/\/www.europesays.com\/fr\/wp-json\/wp\/v2\/posts\/383903","targetHints":{"allow":["GET"]}}],"collection":[{"href":"https:\/\/www.europesays.com\/fr\/wp-json\/wp\/v2\/posts"}],"about":[{"href":"https:\/\/www.europesays.com\/fr\/wp-json\/wp\/v2\/types\/post"}],"author":[{"embeddable":true,"href":"https:\/\/www.europesays.com\/fr\/wp-json\/wp\/v2\/users\/2"}],"replies":[{"embeddable":true,"href":"https:\/\/www.europesays.com\/fr\/wp-json\/wp\/v2\/comments?post=383903"}],"version-history":[{"count":0,"href":"https:\/\/www.europesays.com\/fr\/wp-json\/wp\/v2\/posts\/383903\/revisions"}],"wp:featuredmedia":[{"embeddable":true,"href":"https:\/\/www.europesays.com\/fr\/wp-json\/wp\/v2\/media\/383904"}],"wp:attachment":[{"href":"https:\/\/www.europesays.com\/fr\/wp-json\/wp\/v2\/media?parent=383903"}],"wp:term":[{"taxonomy":"category","embeddable":true,"href":"https:\/\/www.europesays.com\/fr\/wp-json\/wp\/v2\/categories?post=383903"},{"taxonomy":"post_tag","embeddable":true,"href":"https:\/\/www.europesays.com\/fr\/wp-json\/wp\/v2\/tags?post=383903"}],"curies":[{"name":"wp","href":"https:\/\/api.w.org\/{rel}","templated":true}]}}