{"id":383906,"date":"2025-09-11T23:13:39","date_gmt":"2025-09-11T23:13:39","guid":{"rendered":"https:\/\/www.europesays.com\/fr\/383906\/"},"modified":"2025-09-11T23:13:39","modified_gmt":"2025-09-11T23:13:39","slug":"guerre-en-ukraine-la-russie-teste-son-premier-drone-naval-a-fibre-optique-en-mer-noire","status":"publish","type":"post","link":"https:\/\/www.europesays.com\/fr\/383906\/","title":{"rendered":"Guerre en Ukraine : la Russie teste son premier drone naval \u00e0 fibre optique en mer Noire"},"content":{"rendered":"<p>Un <a href=\"https:\/\/www.capital.fr\/economie-politique\/guerre-en-ukraine-le-bm-35-le-nouveau-drone-kamikaze-russe-qui-inquiete-kiev-1518127\" rel=\"nofollow noopener\" target=\"_blank\">drone<\/a> naval innovant\u2026 mais aux capacit\u00e9s encore floues. La Russie a r\u00e9cemment int\u00e9gr\u00e9 \u00e0 sa flotte de la <a href=\"https:\/\/www.capital.fr\/economie-politique\/pourquoi-les-drones-americains-en-mer-noire-perturbent-ils-les-russes-a-ce-point-1498961\" rel=\"nofollow noopener\" target=\"_blank\">mer Noire<\/a> un drone naval in\u00e9dit, contr\u00f4l\u00e9 par un <a href=\"https:\/\/www.capital.fr\/economie-politique\/guerre-en-ukraine-le-drone-a-fibre-optique-nouvelle-arme-fatale-sur-le-front-1514858\" rel=\"nofollow noopener\" target=\"_blank\">c\u00e2ble \u00e0 fibre optique<\/a>. Ce petit engin sans pilote, pr\u00e9sent\u00e9 comme une innovation technologique, soul\u00e8ve toutefois de nombreuses interrogations quant \u00e0 ses capacit\u00e9s op\u00e9rationnelles r\u00e9elles, selon une information du site ukrainien <a href=\"https:\/\/en.defence-ua.com\/weapon_and_tech\/russia_introduces_fiber_optic_naval_drone_but_its_capabilities_remain_questionable-15758.html\" rel=\"nofollow noopener\" target=\"_blank\">Defense Express<\/a>, relay\u00e9e par <a href=\"https:\/\/www.leparisien.fr\/international\/ukraine\/guerre-en-ukraine-la-russie-arbore-son-tout-premier-drone-naval-a-fibre-optique-sur-la-flotte-de-la-mer-noire-10-09-2025-MNZYN7CMQJBW7MX4E7UY2FKO7Q.php\" rel=\"nofollow noopener\" target=\"_blank\">Le Parisien<\/a> ce jeudi 11 septembre.<\/p>\n<p>D\u00e9velopp\u00e9 par le centre de recherche et de production Ushkuynik, ce drone est con\u00e7u pour remplir plusieurs r\u00f4les : <strong>attaque kamikaze<\/strong>, lancement de <strong>drones FPV<\/strong> ou encore neutralisation de drones ukrainiens. L&rsquo;utilisation d\u2019un c\u00e2ble \u00e0 fibre optique permettrait une transmission de donn\u00e9es plus stable et s\u00e9curis\u00e9e que les syst\u00e8mes radio traditionnels, notamment en environnement brouill\u00e9.<\/p>\n<p>Une efficacit\u00e9 frein\u00e9e par des limites techniques<\/p>\n<p>Mais cette technologie pr\u00e9sente aussi des limites importantes. La gaine protectrice entourant le c\u00e2ble, plus lourde que la fibre utilis\u00e9e pour les drones a\u00e9riens, r\u00e9duit la distance maximale que le drone peut parcourir. En l\u2019absence de relais ou d\u2019amplificateurs, la port\u00e9e ne d\u00e9passerait ainsi pas les <strong>100 kilom\u00e8tres<\/strong>, estime Defense Express. Or, pour \u00eatre v\u00e9ritablement efficace, un drone naval devrait pouvoir op\u00e9rer bien au-del\u00e0 de cette distance.<\/p>\n<p>En outre, ce drone russe, de taille modeste, dispose d\u2019une capacit\u00e9 d\u2019emport restreinte. Il est peu probable qu\u2019il puisse transporter des charges explosives significatives. Il pourrait en revanche servir \u00e0 acheminer et lib\u00e9rer plusieurs drones FPV \u00e0 proximit\u00e9 de leurs cibles, s\u2019inscrivant ainsi davantage dans une <strong>strat\u00e9gie de harc\u00e8lement<\/strong> que dans des frappes destructrices directes.<\/p>\n","protected":false},"excerpt":{"rendered":"Un drone naval innovant\u2026 mais aux capacit\u00e9s encore floues. La Russie a r\u00e9cemment int\u00e9gr\u00e9 \u00e0 sa flotte de&hellip;\n","protected":false},"author":2,"featured_media":383907,"comment_status":"","ping_status":"","sticky":false,"template":"","format":"standard","meta":{"footnotes":""},"categories":[1590],"tags":[11,1777,674,12,220],"class_list":{"0":"post-383906","1":"post","2":"type-post","3":"status-publish","4":"format-standard","5":"has-post-thumbnail","7":"category-ukraine","8":"tag-actualites","9":"tag-eu","10":"tag-europe","11":"tag-news","12":"tag-ukraine"},"share_on_mastodon":{"url":"https:\/\/pubeurope.com\/@fr\/115188203721539474","error":""},"_links":{"self":[{"href":"https:\/\/www.europesays.com\/fr\/wp-json\/wp\/v2\/posts\/383906","targetHints":{"allow":["GET"]}}],"collection":[{"href":"https:\/\/www.europesays.com\/fr\/wp-json\/wp\/v2\/posts"}],"about":[{"href":"https:\/\/www.europesays.com\/fr\/wp-json\/wp\/v2\/types\/post"}],"author":[{"embeddable":true,"href":"https:\/\/www.europesays.com\/fr\/wp-json\/wp\/v2\/users\/2"}],"replies":[{"embeddable":true,"href":"https:\/\/www.europesays.com\/fr\/wp-json\/wp\/v2\/comments?post=383906"}],"version-history":[{"count":0,"href":"https:\/\/www.europesays.com\/fr\/wp-json\/wp\/v2\/posts\/383906\/revisions"}],"wp:featuredmedia":[{"embeddable":true,"href":"https:\/\/www.europesays.com\/fr\/wp-json\/wp\/v2\/media\/383907"}],"wp:attachment":[{"href":"https:\/\/www.europesays.com\/fr\/wp-json\/wp\/v2\/media?parent=383906"}],"wp:term":[{"taxonomy":"category","embeddable":true,"href":"https:\/\/www.europesays.com\/fr\/wp-json\/wp\/v2\/categories?post=383906"},{"taxonomy":"post_tag","embeddable":true,"href":"https:\/\/www.europesays.com\/fr\/wp-json\/wp\/v2\/tags?post=383906"}],"curies":[{"name":"wp","href":"https:\/\/api.w.org\/{rel}","templated":true}]}}