{"id":383908,"date":"2025-09-11T23:14:10","date_gmt":"2025-09-11T23:14:10","guid":{"rendered":"https:\/\/www.europesays.com\/fr\/383908\/"},"modified":"2025-09-11T23:14:10","modified_gmt":"2025-09-11T23:14:10","slug":"les-etats-unis-promettent-de-repondre-en-consequence-a-la-condamnation-injuste-de-bolsonaro","status":"publish","type":"post","link":"https:\/\/www.europesays.com\/fr\/383908\/","title":{"rendered":"Les \u00c9tats-Unis promettent de \u00abr\u00e9pondre en cons\u00e9quence\u00bb \u00e0 la condamnation \u00abinjuste\u00bb de Bolsonaro"},"content":{"rendered":"<p>Le chef de la diplomatie am\u00e9ricaine Marco Rubio a assur\u00e9 que les \u00c9tats-Unis allaient \u00abr\u00e9pondre en cons\u00e9quence\u00bb \u00e0 la condamnation jeudi pour tentative de coup d\u2019\u00c9tat de l\u2019ex-pr\u00e9sident br\u00e9silien.<\/p>\n<p class=\"fig-paragraph\">Le chef de la diplomatie am\u00e9ricaine Marco Rubio a assur\u00e9 que les \u00c9tats-Unis allaient \u00abr\u00e9pondre en cons\u00e9quence\u00bb \u00e0\u00a0<a href=\"http:\/\/www.lefigaro.fr\/international\/bresil-la-majorite-des-juges-de-la-cour-supreme-en-faveur-d-une-condamnation-de-jair-bolsonaro-20250911\" target=\"_blank\" data-fig-type=\"NewsFlash\" rel=\"noopener\" data-gtm-custom-categorie=\"navigation\" data-gtm-custom-action=\"crossclick\" data-gtm-custom-label=\"Contextuel\" data-gtm-event=\"customEventSPE\" data-fig-domain=\"LEFIGARO\">la condamnation jeudi pour tentative de coup d\u2019\u00c9tat de l\u2019ex-pr\u00e9sident br\u00e9silien Jair Bolsonaro<\/a>, d\u00e9non\u00e7ant une \u00abchasse aux sorci\u00e8res\u00bb.<\/p>\n<p class=\"fig-paragraph\">\u00abLes pers\u00e9cutions politiques men\u00e9es par (le juge) Alexandre de Moraes, sanctionn\u00e9 (aux \u00c9tats-Unis) pour ses violations des droits humains, se poursuivent, lui et d\u2019autres membres de la Cour supr\u00eame du Br\u00e9sil ayant injustement d\u00e9cid\u00e9 d\u2019emprisonner l\u2019ancien pr\u00e9sident Jair Bolsonaro\u00bb, a dit le secr\u00e9taire d\u2019\u00c9tat am\u00e9ricain sur X.<\/p>\n<p>                                    <a class=\"fig-a11y-skip a11y-hidden\" href=\"#fig-a11y-skip-main-inarticle\"><br \/>\n        Passer la publicit\u00e9<br \/>\n    <\/a><\/p>\n<p class=\"fig-paragraph\">\u00abLes \u00c9tats-Unis vont r\u00e9pondre en cons\u00e9quence \u00e0 cette chasse aux sorci\u00e8res\u00bb, a-t-il promis, Washington ayant d\u00e9j\u00e0 exerc\u00e9 diverses formes de pressions sur le Br\u00e9sil pour soutenir Jair Bolsonaro, politiquement proche de Donald Trump.<\/p>\n<p class=\"fig-paragraph\">Plus t\u00f4t, le pr\u00e9sident am\u00e9ricain Donald Trump avait lui-m\u00eame d\u00e9clar\u00e9 \u00eatre surpris et m\u00e9content que l\u2019ancien pr\u00e9sident br\u00e9silien Jair Bolsonaro ait \u00e9t\u00e9 condamn\u00e9 dans son proc\u00e8s devant la Cour supr\u00eame. L\u2019ex-pr\u00e9sident br\u00e9silien a notamment \u00e9t\u00e9 reconnu coupable d\u2019avoir conspir\u00e9 pour assurer son \u00abmaintien autoritaire au pouvoir\u00bb malgr\u00e9 sa d\u00e9faite face au pr\u00e9sident de gauche actuel, Luiz Inacio Lula da Silva, lors de l\u2019\u00e9lection de 2022.<\/p>\n","protected":false},"excerpt":{"rendered":"Le chef de la diplomatie am\u00e9ricaine Marco Rubio a assur\u00e9 que les \u00c9tats-Unis allaient \u00abr\u00e9pondre en cons\u00e9quence\u00bb \u00e0&hellip;\n","protected":false},"author":2,"featured_media":383909,"comment_status":"","ping_status":"","sticky":false,"template":"","format":"standard","meta":{"footnotes":""},"categories":[1589],"tags":[11,2548,73,1866,35977,12,2694,1864,1865,1863,308],"class_list":{"0":"post-383908","1":"post","2":"type-post","3":"status-publish","4":"format-standard","5":"has-post-thumbnail","7":"category-etats-unis","8":"tag-actualites","9":"tag-bresil","10":"tag-etats-unis","11":"tag-etats-unis-damerique","12":"tag-jair-bolsonaro","13":"tag-news","14":"tag-proces","15":"tag-united-states","16":"tag-united-states-of-america","17":"tag-us","18":"tag-usa"},"share_on_mastodon":{"url":"https:\/\/pubeurope.com\/@fr\/115188207713126640","error":""},"_links":{"self":[{"href":"https:\/\/www.europesays.com\/fr\/wp-json\/wp\/v2\/posts\/383908","targetHints":{"allow":["GET"]}}],"collection":[{"href":"https:\/\/www.europesays.com\/fr\/wp-json\/wp\/v2\/posts"}],"about":[{"href":"https:\/\/www.europesays.com\/fr\/wp-json\/wp\/v2\/types\/post"}],"author":[{"embeddable":true,"href":"https:\/\/www.europesays.com\/fr\/wp-json\/wp\/v2\/users\/2"}],"replies":[{"embeddable":true,"href":"https:\/\/www.europesays.com\/fr\/wp-json\/wp\/v2\/comments?post=383908"}],"version-history":[{"count":0,"href":"https:\/\/www.europesays.com\/fr\/wp-json\/wp\/v2\/posts\/383908\/revisions"}],"wp:featuredmedia":[{"embeddable":true,"href":"https:\/\/www.europesays.com\/fr\/wp-json\/wp\/v2\/media\/383909"}],"wp:attachment":[{"href":"https:\/\/www.europesays.com\/fr\/wp-json\/wp\/v2\/media?parent=383908"}],"wp:term":[{"taxonomy":"category","embeddable":true,"href":"https:\/\/www.europesays.com\/fr\/wp-json\/wp\/v2\/categories?post=383908"},{"taxonomy":"post_tag","embeddable":true,"href":"https:\/\/www.europesays.com\/fr\/wp-json\/wp\/v2\/tags?post=383908"}],"curies":[{"name":"wp","href":"https:\/\/api.w.org\/{rel}","templated":true}]}}