{"id":383910,"date":"2025-09-11T23:15:12","date_gmt":"2025-09-11T23:15:12","guid":{"rendered":"https:\/\/www.europesays.com\/fr\/383910\/"},"modified":"2025-09-11T23:15:12","modified_gmt":"2025-09-11T23:15:12","slug":"il-a-adore-sa-visite-apres-avoir-revu-son-pere-le-roi-charles-iii-le-prince-harry-repart-du-royaume-uni","status":"publish","type":"post","link":"https:\/\/www.europesays.com\/fr\/383910\/","title":{"rendered":"Il a \u00ab\u00a0ador\u00e9\u00a0\u00bb sa visite\u00a0: apr\u00e8s avoir revu son p\u00e8re le roi Charles\u00a0III, le prince Harry repart du Royaume-Uni"},"content":{"rendered":"<p class=\"paragraph text_align_left lp-f-body-02\">Un petit pas en avant vers son p\u00e8re, mais pas vers son fr\u00e8re. Le <a href=\"https:\/\/www.leparisien.fr\/international\/royaume-uni\/le-prince-harry-et-son-pere-charles-iii-reunis-pour-la-premiere-fois-depuis-fevrier-2024-10-09-2025-JHEREPGA35G2DBV442RI2TYFLE.php\" target=\"_blank\" rel=\"noreferrer nofollow noopener\">prince Harry<\/a> a achev\u00e9 jeudi sa visite au Royaume-Uni, ravi selon son porte-parole de ce s\u00e9jour o\u00f9 il a, pour la premi\u00e8re fois en 19 mois, rencontr\u00e9 son p\u00e8re dans un effort de r\u00e9conciliation.<\/p>\n<p class=\"paragraph text_align_left lp-f-body-02\">Harry a \u00ab ador\u00e9 \u00bb \u00eatre de retour au Royaume-Uni, a d\u00e9clar\u00e9 ce porte-parole, ajoutant qu\u2019il avait \u00ab renou\u00e9 avec d\u2019anciens amis et coll\u00e8gues \u00bb.<\/p>\n<p class=\"paragraph text_align_left lp-f-body-02\">Le prince Harry, qui aura 41 ans lundi, a rencontr\u00e9 le roi Charles III mercredi en fin d\u2019apr\u00e8s-midi pendant un peu moins d\u2019une heure, prenant le th\u00e9 en priv\u00e9 avec lui dans sa r\u00e9sidence de Clarence House \u00e0 Londres.<\/p>\n<p class=\"paragraph text_align_left lp-f-body-02\">Les deux hommes ne s\u2019\u00e9taient pas vus depuis f\u00e9vrier 2024, quand Harry, qui a quitt\u00e9 la famille royale et vit en Californie depuis 2020, avait saut\u00e9 dans un avion apprenant que son p\u00e8re souffrait d\u2019un cancer. Ils sont en froid depuis des ann\u00e9es, pour une s\u00e9rie de griefs, aliment\u00e9s par les critiques publiques du prince contre sa famille.<\/p>\n<p>Un passage devant la tombe d\u2019Elizabeth II<\/p>\n<p class=\"paragraph text_align_left lp-f-body-02\">Harry, aussi connu comme le duc de Sussex, n\u2019a par contre eu aucune interaction avec son fr\u00e8re William, h\u00e9ritier de la couronne qui ne lui parle plus.<\/p>\n<p class=\"paragraph text_align_left lp-f-body-02\">Durant son s\u00e9jour de quatre jours, Harry a consacr\u00e9 la plupart de son temps \u00e0 ses \u0153uvres caritatives.<\/p>\n<p class=\"paragraph text_align_left lp-f-body-02\">Jeudi, il a termin\u00e9 son s\u00e9jour en rendant visite au centre \u00ab Diana Award \u00bb, qui c\u00e9l\u00e8bre la m\u00e9moire de sa m\u00e8re la princesse Diana. Il y a \u00e9cout\u00e9 des jeunes parler de leur sant\u00e9 mentale.<\/p>\n<p class=\"paragraph text_align_left lp-f-body-02\">Durant son s\u00e9jour, le prince <a href=\"https:\/\/www.leparisien.fr\/international\/royaume-uni\/royaume-uni-le-prince-harry-se-recueille-seul-sur-la-tombe-de-sa-grand-mere-a-windsor-08-09-2025-3JXAQ6KIQNBJZOGUYASN4AM5GM.php\" target=\"_blank\" rel=\"noreferrer nofollow noopener\">s\u2019est aussi recueilli sur la tombe de sa grand-m\u00e8re, la reine Elizabeth II<\/a>, trois ans jour pour jour apr\u00e8s son d\u00e9c\u00e8s, le 8 septembre 2022. Harry avait confi\u00e9 en mai \u00e0 la BBC qu\u2019il \u00ab aimerait beaucoup (se) r\u00e9concilier avec (sa) famille \u00bb, apr\u00e8s cinq ans de ranc\u0153urs et d\u00e9chirements.<\/p>\n","protected":false},"excerpt":{"rendered":"Un petit pas en avant vers son p\u00e8re, mais pas vers son fr\u00e8re. Le prince Harry a achev\u00e9&hellip;\n","protected":false},"author":2,"featured_media":383911,"comment_status":"","ping_status":"","sticky":false,"template":"","format":"standard","meta":{"footnotes":""},"categories":[1588],"tags":[11,1777,674,14,12,473,1853,1851,1850,1852],"class_list":{"0":"post-383910","1":"post","2":"type-post","3":"status-publish","4":"format-standard","5":"has-post-thumbnail","7":"category-royaume-uni","8":"tag-actualites","9":"tag-eu","10":"tag-europe","11":"tag-international","12":"tag-news","13":"tag-royaume-uni","14":"tag-royaume-uni-de-grande-bretagne-et-dirlande-du-nord","15":"tag-uk","16":"tag-united-kingdom","17":"tag-united-kingdom-of-great-britain-and-northern-ireland"},"share_on_mastodon":{"url":"https:\/\/pubeurope.com\/@fr\/115188211658703137","error":""},"_links":{"self":[{"href":"https:\/\/www.europesays.com\/fr\/wp-json\/wp\/v2\/posts\/383910","targetHints":{"allow":["GET"]}}],"collection":[{"href":"https:\/\/www.europesays.com\/fr\/wp-json\/wp\/v2\/posts"}],"about":[{"href":"https:\/\/www.europesays.com\/fr\/wp-json\/wp\/v2\/types\/post"}],"author":[{"embeddable":true,"href":"https:\/\/www.europesays.com\/fr\/wp-json\/wp\/v2\/users\/2"}],"replies":[{"embeddable":true,"href":"https:\/\/www.europesays.com\/fr\/wp-json\/wp\/v2\/comments?post=383910"}],"version-history":[{"count":0,"href":"https:\/\/www.europesays.com\/fr\/wp-json\/wp\/v2\/posts\/383910\/revisions"}],"wp:featuredmedia":[{"embeddable":true,"href":"https:\/\/www.europesays.com\/fr\/wp-json\/wp\/v2\/media\/383911"}],"wp:attachment":[{"href":"https:\/\/www.europesays.com\/fr\/wp-json\/wp\/v2\/media?parent=383910"}],"wp:term":[{"taxonomy":"category","embeddable":true,"href":"https:\/\/www.europesays.com\/fr\/wp-json\/wp\/v2\/categories?post=383910"},{"taxonomy":"post_tag","embeddable":true,"href":"https:\/\/www.europesays.com\/fr\/wp-json\/wp\/v2\/tags?post=383910"}],"curies":[{"name":"wp","href":"https:\/\/api.w.org\/{rel}","templated":true}]}}