{"id":383916,"date":"2025-09-11T23:18:11","date_gmt":"2025-09-11T23:18:11","guid":{"rendered":"https:\/\/www.europesays.com\/fr\/383916\/"},"modified":"2025-09-11T23:18:11","modified_gmt":"2025-09-11T23:18:11","slug":"meta-et-tiktok-ont-gagne-en-justice-pour-les-couts-de-surveillance-de-lue-les-regulateurs-devraient-le-calcul-de-leur-compte","status":"publish","type":"post","link":"https:\/\/www.europesays.com\/fr\/383916\/","title":{"rendered":"Meta et TikTok ont gagn\u00e9 en justice pour les co\u00fbts de surveillance de l\u2019UE, les r\u00e9gulateurs devraient le calcul de leur compte"},"content":{"rendered":"<p data-end=\"609\">ARTA \u2013 Meta Platforms Inc. et TikTok ont remport\u00e9 mercredi 10 septembre une action en justice concernant la fa\u00e7on dont les r\u00e9gulateurs de l\u2019UE ont calcul\u00e9 les co\u00fbts de surveillance qui leur sont factur\u00e9s sur la base de nouvelles r\u00e8gles technologiques. Cependant, les deux soci\u00e9t\u00e9s n\u2019accepteront pas de remboursement des co\u00fbts en 2023, tandis que les responsables de l\u2019UE seront invit\u00e9s \u00e0 r\u00e9fonter leurs m\u00e9thodes de calcul.<\/p>\n<p data-end=\"911\">Meta et TikTok, appartenant \u00e0 ByteDance, poursuivent auparavant la Commission europ\u00e9enne apr\u00e8s avoir \u00e9t\u00e9 factur\u00e9s par des frais de surveillance de 0,05% de leur revenu net mondial annuel. Ces frais visent \u00e0 couvrir les frais de surveillance du conformit\u00e9 \u00e0 la loi sur les services num\u00e9riques (DSA).<\/p>\n<p data-end=\"1171\">est calcul\u00e9 sur la base du nombre moyen d\u2019utilisateurs actifs mensuels et de la situation financi\u00e8re de l\u2019entreprise l\u2019ann\u00e9e pr\u00e9c\u00e9dente. Cependant, Meta et TikTok ont \u00e9valu\u00e9 que la m\u00e9thode de calcul \u00e9tait d\u00e9fectueuse, entra\u00eenant une charge de co\u00fbts disproportionn\u00e9e.<\/p>\n<p data-end=\"1397\">de la Cour supr\u00eame de l\u2019Union europ\u00e9enne, bas\u00e9e \u00e0 luxembourg, a approuv\u00e9 le proc\u00e8s des deux soci\u00e9t\u00e9s et a donn\u00e9 aux r\u00e9gulateurs de l\u2019UE 12 mois pour am\u00e9liorer la m\u00e9thodologie utilisant diff\u00e9rentes bases juridiques.<\/p>\n<p data-end=\"1556\">al Al Jazeera, a d\u00e9clar\u00e9 : \u00ab Cette m\u00e9thodologie devrait \u00eatre adopt\u00e9e non pas par le biais d\u2019une d\u00e9cision de mise en \u0153uvre, mais par le biais d\u2019une d\u00e9l\u00e9gation conform\u00e9ment aux r\u00e8gles de la DSA \u00bb, a d\u00e9clar\u00e9 le juge.<\/p>\n<p data-end=\"1743\">r\u00e9nalement, la cour a soulign\u00e9 que les r\u00e9gulateurs n\u2019ont pas besoin de rembourser les d\u00e9penses en 2023 qui ont \u00e9t\u00e9 pay\u00e9es par l\u2019entreprise, en attendant une nouvelle base juridique pour le calcul.<\/p>\n<p data-end=\"2001\">r\u00e9nal. La Commission europ\u00e9enne a d\u00e9clar\u00e9 que la d\u00e9cision de la Cour n\u2019\u00e9tait requise que de correction processuel. \u00ab Nous avons d\u00e9sormais 12 mois pour adopter des mesures d\u00e9l\u00e9gu\u00e9es visant \u00e0 inaugurer le calcul des co\u00fbts et \u00e0 publier de nouvelles d\u00e9cisions de mise en \u0153uvre \u00bb, a d\u00e9clar\u00e9 un porte-parole de la Commission.<\/p>\n<p data-end=\"2139\">Tok a salu\u00e9 la d\u00e9cision. \u00ab Nous suivrons de pr\u00e8s le d\u00e9veloppement des actions de la d\u00e9l\u00e9gation \u00bb, a d\u00e9clar\u00e9 un porte-parole de TikTok.<\/p>\n<p data-end=\"2523\">Meta a \u00e9galement d\u00e9clar\u00e9 qu\u2019il \u00e9tait satisfait de la d\u00e9cision. \u00ab Actuellement, les entreprises qui enregistrent des pertes ne sont pas tenues de payer, m\u00eame s\u2019elles ont une grande base d\u2019utilisateurs ou causent un fardeau r\u00e9glementaire, de sorte que d\u2019autres entreprises devraient supporter de plus grandes parties de mani\u00e8re disproportionn\u00e9e. Nous esp\u00e9rons que les lacunes de cette m\u00e9thodologie seront r\u00e9par\u00e9es imm\u00e9diatement \u00bb, a d\u00e9clar\u00e9 un repr\u00e9sentant de Meta.<\/p>\n<p data-end=\"2719\">an DSA, qui est en vigueur depuis novembre 2022, exige que les plates-formes en ligne tr\u00e8s importantes soient plus actives dans la gestion du contenu ill\u00e9gal et nuisible, soit menac\u00e9es d\u2019amendes allant jusqu\u2019\u00e0 6% du chiffre d\u2019affaires mondial annuel.<\/p>\n<p data-end=\"2899\">en plus de Meta et TikTok, d\u2019autres entreprises qui sont oblig\u00e9es de payer des frais de surveillance comprennent Amazon, Apple, Book.com, Google, Microsoft, X d\u2019Elon Musk, Snapchat et Pinterest.<\/p>\n<p>The English, Chinese, Japanese, Arabic, and French versions are automatically generated by the AI. So there may still be inaccuracies in translating, please always see Indonesian as our main language.<br \/>\n                                    (system supported by DigitalSiber.id)<\/p>\n","protected":false},"excerpt":{"rendered":"ARTA \u2013 Meta Platforms Inc. et TikTok ont remport\u00e9 mercredi 10 septembre une action en justice concernant la&hellip;\n","protected":false},"author":2,"featured_media":383917,"comment_status":"","ping_status":"","sticky":false,"template":"","format":"standard","meta":{"footnotes":""},"categories":[1586],"tags":[11,1777,674,1779,1011,27,51667,51666,12,25,1778,364],"class_list":{"0":"post-383916","1":"post","2":"type-post","3":"status-publish","4":"format-standard","5":"has-post-thumbnail","7":"category-europe","8":"tag-actualites","9":"tag-eu","10":"tag-europe","11":"tag-european-union","12":"tag-fr","13":"tag-france","14":"tag-les-regulateurs-devraient-le-calcul-de-leur-compte","15":"tag-meta-et-tiktok-ont-gagne-en-justice-pour-les-couts-de-surveillance-de-lue","16":"tag-news","17":"tag-republique-francaise","18":"tag-ue","19":"tag-union-europeenne"},"share_on_mastodon":{"url":"https:\/\/pubeurope.com\/@fr\/115188223509059087","error":""},"_links":{"self":[{"href":"https:\/\/www.europesays.com\/fr\/wp-json\/wp\/v2\/posts\/383916","targetHints":{"allow":["GET"]}}],"collection":[{"href":"https:\/\/www.europesays.com\/fr\/wp-json\/wp\/v2\/posts"}],"about":[{"href":"https:\/\/www.europesays.com\/fr\/wp-json\/wp\/v2\/types\/post"}],"author":[{"embeddable":true,"href":"https:\/\/www.europesays.com\/fr\/wp-json\/wp\/v2\/users\/2"}],"replies":[{"embeddable":true,"href":"https:\/\/www.europesays.com\/fr\/wp-json\/wp\/v2\/comments?post=383916"}],"version-history":[{"count":0,"href":"https:\/\/www.europesays.com\/fr\/wp-json\/wp\/v2\/posts\/383916\/revisions"}],"wp:featuredmedia":[{"embeddable":true,"href":"https:\/\/www.europesays.com\/fr\/wp-json\/wp\/v2\/media\/383917"}],"wp:attachment":[{"href":"https:\/\/www.europesays.com\/fr\/wp-json\/wp\/v2\/media?parent=383916"}],"wp:term":[{"taxonomy":"category","embeddable":true,"href":"https:\/\/www.europesays.com\/fr\/wp-json\/wp\/v2\/categories?post=383916"},{"taxonomy":"post_tag","embeddable":true,"href":"https:\/\/www.europesays.com\/fr\/wp-json\/wp\/v2\/tags?post=383916"}],"curies":[{"name":"wp","href":"https:\/\/api.w.org\/{rel}","templated":true}]}}