{"id":383920,"date":"2025-09-11T23:20:18","date_gmt":"2025-09-11T23:20:18","guid":{"rendered":"https:\/\/www.europesays.com\/fr\/383920\/"},"modified":"2025-09-11T23:20:18","modified_gmt":"2025-09-11T23:20:18","slug":"le-paris-fc-accroche-a-domicile-par-laustria-vienne-au-troisieme-tour-preliminaire-aller-de-ligue-des-champions-lequipe","status":"publish","type":"post","link":"https:\/\/www.europesays.com\/fr\/383920\/","title":{"rendered":"Le Paris FC accroch\u00e9 \u00e0 domicile par l&#039;Austria Vienne au troisi\u00e8me tour pr\u00e9liminaire aller de Ligue des champions &#8211; L&#039;\u00c9quipe"},"content":{"rendered":"<ol>\n<li><a href=\"https:\/\/news.google.com\/rss\/articles\/CBMi9gFBVV95cUxOakE5UVY5YWc5TDlvLTdJcEl0bmpEdnRJeDhCV0dINGM5LXZLYm1BWUN3YURYVG5wTVFqamwydnNTV1JrSnJSOEg5alBQNDU2RVJ3YUdTbGJ4eXZQWDhwclRMVVhkX3RtQ01SQ0xpajZzRTZKOU0ycExTQmE1eVdaSExMZ3NrMTlZa0lYeFB6MGtzbnQyYnE0dXJkRGpETDJCYXpsVzVWaDlya0FEbmZWN29USHZmRl9lbktad3g4dFBxdTBHNTFFdUtfdmp6Z1RXUTZmWWdQc3dTX0VGczR4bW80Z3Vab3NfR19HUWw3YmhpcGpJVEE?oc=5\" target=\"_blank\" rel=\"nofollow noopener\">Le Paris FC accroch\u00e9 \u00e0 domicile par l&rsquo;Austria Vienne au troisi\u00e8me tour pr\u00e9liminaire aller de Ligue des champions<\/a>&nbsp;&nbsp;L&rsquo;\u00c9quipe<\/li>\n<li><a href=\"https:\/\/news.google.com\/rss\/articles\/CBMi3wFBVV95cUxNeGNVNEVmVGJOSjQ5RVJNcmFjemZGWEE1UXpKSWtGMXdHQ2h3T1VHRlFlVDkxdUVSeXl4MDVPLTl2Y2ZVY0VHWmxVY1BQaHdJS0JFVEhJUHpmeHE4N1dmMmlodUJSRW5tYkNCZk1zT0lwcVVacG8wYU9pMnIwRXRQTkpDVEdZcFZQZzV6QW9hMHJxSzJST05BSjRYOVByN2RIQ0pHMm5DRXA4QUQ1Q0ktOFpCTjVhYjFaRklWd0RGZzBfRFdpN2R6Wk1MV3YzaHFKSkpMZlc0bWg3alVOclJV?oc=5\" target=\"_blank\" rel=\"nofollow noopener\">\u00ab \u00c7a va aussi de soi qu&rsquo;elle devienne capitaine \u00bb : au Paris FC, Mateo a repris le flambeau de Thiney<\/a>&nbsp;&nbsp;L&rsquo;\u00c9quipe<\/li>\n<li><a href=\"https:\/\/news.google.com\/rss\/articles\/CBMi1AFBVV95cUxNdjI5ejhwb0E4bWpRN1Nzbnl0OHZDQmVuZFNwcDA4cTlxdmN0T2JkT2xnc3ZYajJiZnltOFhmTE5iejFiWDB1S0JURkxTVzB0d0pSVnRqWE13aG1sVFlTaGVORG1YU1kta0RGT3k2eTNxc0hpRlVCYTRNT28tMDNzQWpDTHZmWGZOQmljTjFLZHNJaEtSV1g2TWJSenpMLUFhekZXUFRDbmFkMDJqMEFFaFd2STE0cmxyMlVSWDJDTWxrQUZpYmUyQ2tEY3JBOW5NSU5zMtIB0wFBVV95cUxQVUsyQkdMdVVGMEc3b2xzQnoxYnE5dXVpRXlvdnlSTkxaVW5RNG40RU00b2JBcVMwNmpreEhYaVJWekZMNE5TMUJXTTdDd1ZLdk9RUHpSSkN5c0oxd3dLWHBMRzlKbVZqOVV6enBoaEx3RXFlSHFKVjJwYTdfRW9FelFmXzNTZE9kdHpJRFNBalB1U2t4aEtIRWpqQVhuS0pJbDhId2t3UUNwd01lTkt0S1UzWjFnMjVKeFh5WnJXZDFERmdadS04NzBvMmNEZHFvaGVR?oc=5\" target=\"_blank\" rel=\"nofollow noopener\">Ligue des champions (F) : Le Paris FC bute sur l&rsquo;Austria Vienne<\/a>&nbsp;&nbsp;Orange Actualit\u00e9s | Sports<\/li>\n<li><a href=\"https:\/\/news.google.com\/rss\/articles\/CBMirgFBVV95cUxQX1FiNlZvaHFvLWQyS0gwSFpUS0NqT1VmZGk0bXJTMW1oNWVZTldTTi12Q1VUTVlmbi1TSnJ2Z042NWd6dDYwMEZ0MEZ3anhuUFhjS2VxU1MzTWJlZ09INnp6U0gwVXB6Z1plTDdfbGIzdWZmT0lYMUxDM1JtTllYeVhKODkzTFdOYU9UdGY0dnJTeG1DdkhWRDFsZnB3MlpsWkI2ZTRuSExLSEd1cGc?oc=5\" target=\"_blank\" rel=\"nofollow noopener\">Ligue des champions (F) : le Paris FC pi\u00e9g\u00e9 par l&rsquo;Austria Vienne<\/a>&nbsp;&nbsp;Le Figaro<\/li>\n<li><a href=\"https:\/\/news.google.com\/rss\/articles\/CBMihgFBVV95cUxNVnA2UXBheHFSdjVoSExfeGFOQkRMSWNLa2xiOG9saklKVW9BemFUODU0M3JnUmZDV09qanVaRWtJOEJGQUlncVY1Qy14NjlpcjEzVGQ0MHhPeXpKaVo0eDc4clhHeUtyaEpnbHBCb1NqZzU5eDk0UVBzZXAtVkQ5V3BCMlBCdw?oc=5\" target=\"_blank\" rel=\"nofollow noopener\">Le retour de la Women\u2019s Champions League \u00e0 Paris !<\/a>&nbsp;&nbsp;Certifi\u00e9 Paris<\/li>\n<\/ol>\n","protected":false},"excerpt":{"rendered":"Le Paris FC accroch\u00e9 \u00e0 domicile par l&rsquo;Austria Vienne au troisi\u00e8me tour pr\u00e9liminaire aller de Ligue des champions&nbsp;&nbsp;L&rsquo;\u00c9quipe&hellip;\n","protected":false},"author":2,"featured_media":383921,"comment_status":"","ping_status":"","sticky":false,"template":"","format":"standard","meta":{"footnotes":""},"categories":[2],"tags":[11,1011,27,12,25],"class_list":{"0":"post-383920","1":"post","2":"type-post","3":"status-publish","4":"format-standard","5":"has-post-thumbnail","7":"category-actualites","8":"tag-actualites","9":"tag-fr","10":"tag-france","11":"tag-news","12":"tag-republique-francaise"},"share_on_mastodon":{"url":"https:\/\/pubeurope.com\/@fr\/115188231335526587","error":""},"_links":{"self":[{"href":"https:\/\/www.europesays.com\/fr\/wp-json\/wp\/v2\/posts\/383920","targetHints":{"allow":["GET"]}}],"collection":[{"href":"https:\/\/www.europesays.com\/fr\/wp-json\/wp\/v2\/posts"}],"about":[{"href":"https:\/\/www.europesays.com\/fr\/wp-json\/wp\/v2\/types\/post"}],"author":[{"embeddable":true,"href":"https:\/\/www.europesays.com\/fr\/wp-json\/wp\/v2\/users\/2"}],"replies":[{"embeddable":true,"href":"https:\/\/www.europesays.com\/fr\/wp-json\/wp\/v2\/comments?post=383920"}],"version-history":[{"count":0,"href":"https:\/\/www.europesays.com\/fr\/wp-json\/wp\/v2\/posts\/383920\/revisions"}],"wp:featuredmedia":[{"embeddable":true,"href":"https:\/\/www.europesays.com\/fr\/wp-json\/wp\/v2\/media\/383921"}],"wp:attachment":[{"href":"https:\/\/www.europesays.com\/fr\/wp-json\/wp\/v2\/media?parent=383920"}],"wp:term":[{"taxonomy":"category","embeddable":true,"href":"https:\/\/www.europesays.com\/fr\/wp-json\/wp\/v2\/categories?post=383920"},{"taxonomy":"post_tag","embeddable":true,"href":"https:\/\/www.europesays.com\/fr\/wp-json\/wp\/v2\/tags?post=383920"}],"curies":[{"name":"wp","href":"https:\/\/api.w.org\/{rel}","templated":true}]}}