{"id":383922,"date":"2025-09-11T23:21:21","date_gmt":"2025-09-11T23:21:21","guid":{"rendered":"https:\/\/www.europesays.com\/fr\/383922\/"},"modified":"2025-09-11T23:21:21","modified_gmt":"2025-09-11T23:21:21","slug":"un-prodige-de-la-fabrica-a-tranche-entre-la-france-et-lespagne","status":"publish","type":"post","link":"https:\/\/www.europesays.com\/fr\/383922\/","title":{"rendered":"Un prodige de la F\u00e1brica a tranch\u00e9 entre la France et l\u2019Espagne"},"content":{"rendered":"<p>L\u00e9o Lemaitre, d\u00e9fenseur central prometteur de La F\u00e1brica, l\u2019acad\u00e9mie du <a href=\"https:\/\/www.footmercato.net\/club\/real-madrid-cf-u19\/\" rel=\"nofollow noopener\" target=\"_blank\">Real Madrid<\/a>, a r\u00e9cemment \u00e9t\u00e9 convoqu\u00e9 en \u00e9quipe de France des moins de 17 ans pour deux matchs amicaux contre la Finlande les 17 et 19 septembre, apr\u00e8s avoir \u00e9t\u00e9 ignor\u00e9 par la RFEF depuis avril. N\u00e9 \u00e0 Saragosse, mais ayant des racines familiales en France, il a rapidement accept\u00e9 cette opportunit\u00e9, s\u00e9duisant la F\u00e9d\u00e9ration fran\u00e7aise gr\u00e2ce \u00e0 son profil et \u00e0 ses liens avec le pays. Mesurant 1,93 m et auteur d\u2019un but lors de la r\u00e9cente Coupe du Monde des clubs jeunes avec le Real Madrid, Lemaitre s\u2019affirme comme l\u2019un des grands espoirs du centre de formation madril\u00e8ne, et la France esp\u00e8re ainsi renforcer sa g\u00e9n\u00e9ration montante de d\u00e9fenseurs centraux.<\/p>\n<p>            La suite apr\u00e8s cette publicit\u00e9<\/p>\n<p>\u00c0 Valdebebas, Lemaitre est compar\u00e9 \u00e0 Dean Huijsen pour son style de jeu et sa maturit\u00e9 sur le terrain. Sa capacit\u00e9 \u00e0 g\u00e9rer les changements de cat\u00e9gorie et son calme naturel lui permettent de se distinguer parmi la g\u00e9n\u00e9ration 2009 madril\u00e8ne, consid\u00e9r\u00e9e comme la meilleure depuis longtemps. Si l\u2019Espagne peut encore tenter de le convaincre pour ses prochaines qualifications en octobre, Lemaitre semble d\u00e9sormais pleinement engag\u00e9 <a href=\"https:\/\/www.footmercato.net\/a8505416505234527520-suivez-en-direct-le-match-amical-entre-la-france-et-la-serbie-espoir\" rel=\"nofollow noopener\" target=\"_blank\">avec la France et pr\u00eat \u00e0 relever ce nouveau d\u00e9fi international.<\/a><\/p>\n<p>\n    Pub. le 11\/09\/2025 23:27<br \/>\n            &#8211; MAJ le 12\/09\/2025 01:09\n    <\/p>\n","protected":false},"excerpt":{"rendered":"L\u00e9o Lemaitre, d\u00e9fenseur central prometteur de La F\u00e1brica, l\u2019acad\u00e9mie du Real Madrid, a r\u00e9cemment \u00e9t\u00e9 convoqu\u00e9 en \u00e9quipe&hellip;\n","protected":false},"author":2,"featured_media":383923,"comment_status":"","ping_status":"","sticky":false,"template":"","format":"standard","meta":{"footnotes":""},"categories":[4],"tags":[11,1011,27,12,25],"class_list":{"0":"post-383922","1":"post","2":"type-post","3":"status-publish","4":"format-standard","5":"has-post-thumbnail","7":"category-france","8":"tag-actualites","9":"tag-fr","10":"tag-france","11":"tag-news","12":"tag-republique-francaise"},"share_on_mastodon":{"url":"https:\/\/pubeurope.com\/@fr\/115188235880210863","error":""},"_links":{"self":[{"href":"https:\/\/www.europesays.com\/fr\/wp-json\/wp\/v2\/posts\/383922","targetHints":{"allow":["GET"]}}],"collection":[{"href":"https:\/\/www.europesays.com\/fr\/wp-json\/wp\/v2\/posts"}],"about":[{"href":"https:\/\/www.europesays.com\/fr\/wp-json\/wp\/v2\/types\/post"}],"author":[{"embeddable":true,"href":"https:\/\/www.europesays.com\/fr\/wp-json\/wp\/v2\/users\/2"}],"replies":[{"embeddable":true,"href":"https:\/\/www.europesays.com\/fr\/wp-json\/wp\/v2\/comments?post=383922"}],"version-history":[{"count":0,"href":"https:\/\/www.europesays.com\/fr\/wp-json\/wp\/v2\/posts\/383922\/revisions"}],"wp:featuredmedia":[{"embeddable":true,"href":"https:\/\/www.europesays.com\/fr\/wp-json\/wp\/v2\/media\/383923"}],"wp:attachment":[{"href":"https:\/\/www.europesays.com\/fr\/wp-json\/wp\/v2\/media?parent=383922"}],"wp:term":[{"taxonomy":"category","embeddable":true,"href":"https:\/\/www.europesays.com\/fr\/wp-json\/wp\/v2\/categories?post=383922"},{"taxonomy":"post_tag","embeddable":true,"href":"https:\/\/www.europesays.com\/fr\/wp-json\/wp\/v2\/tags?post=383922"}],"curies":[{"name":"wp","href":"https:\/\/api.w.org\/{rel}","templated":true}]}}