{"id":383924,"date":"2025-09-11T23:22:26","date_gmt":"2025-09-11T23:22:26","guid":{"rendered":"https:\/\/www.europesays.com\/fr\/383924\/"},"modified":"2025-09-11T23:22:26","modified_gmt":"2025-09-11T23:22:26","slug":"ryder-cup-les-hommes-de-luke-donald-pour-la-plupart-deja-au-rendez-vous","status":"publish","type":"post","link":"https:\/\/www.europesays.com\/fr\/383924\/","title":{"rendered":"Ryder Cup : Les hommes de Luke Donald, pour la plupart d\u00e9j\u00e0 au rendez-vous"},"content":{"rendered":"<p>\t\t\t\t\t\t<img width=\"770\" height=\"556\" src=\"https:\/\/www.europesays.com\/fr\/wp-content\/uploads\/2025\/09\/aberg-770x556.jpg\" class=\"img-responsive wp-post-image\" alt=\"\" decoding=\"async\" fetchpriority=\"high\"  \/>\t\t\t\t\t<\/p>\n<p>\t\t\t\t\t\t Partager cet article <\/p>\n<p class=\"screen-reader-text juiz_sps_maybe_hidden_text\">Partager la publication \u00ab\u00a0Ryder Cup : Les hommes de Luke Donald, pour la plupart d\u00e9j\u00e0 au rendez-vous\u00a0\u00bb<\/p>\n<p><strong>Onze des douze joueurs de l\u2019\u00e9quipe europ\u00e9enne de Ryder Cup qui iront d\u00e9fier les Am\u00e9ricains \u00e0 Bethpage Black \u00e0 la fin du mois (26-28 septembre) sont pr\u00e9sents cette semaine \u00e0 Wentworth. La plupart ont r\u00e9ussi leur entame dans ce BMW PGA Championship perturb\u00e9 par la m\u00e9t\u00e9o.<\/strong><\/p>\n<p>\t\t\t\t\t<a id=\"174987\" href=\"https:\/\/www.sudfrancegolf.com\/fr\/\" target=\"_blank\" rel=\"sponsorised nofollow noopener\"><img decoding=\"async\" src=\"data:image\/svg+xml,%3Csvg%20xmlns=\" http:=\"\" class=\"img-responsive\" alt=\"\" data-lazy-src=\"https:\/\/www.europesays.com\/fr\/wp-content\/uploads\/2025\/06\/giesudfrancegolf-e02-egolf-pass-2025-v2-1170x275-1.gif\"\/><\/a><\/p>\n<p><strong>L.V.<\/strong><\/p>\n<p>Neuf des onze joueurs du capitaine <strong>Luke Donald<\/strong> (l\u2019Autrichien <strong>Sepp Straka<\/strong> est rest\u00e9 en famille aupr\u00e8s de sa femme et de leur nouveau-n\u00e9 pr\u00e9matur\u00e9) affichent un score sous le par \u00e0 l\u2019issue du premier tour du <strong>BMW PGA Championship<\/strong>. Cinq d\u2019entre eux occupent m\u00eame le top 10, ce qui est plut\u00f4t une bonne nouvelle \u00e0 deux semaines de la 45e \u00e9dition de la <strong>Ryder Cup<\/strong> \u00e0 <strong>Bethpage Black<\/strong>, dans la proche banlieue de New York.<\/p>\n<p><img loading=\"lazy\" decoding=\"async\" class=\"wp-image-185143 size-large aligncenter\" src=\"data:image\/svg+xml,%3Csvg%20xmlns=\" http:=\"\" alt=\"\" width=\"578\" height=\"770\" data-lazy- data-lazy- data-lazy-src=\"https:\/\/www.europesays.com\/fr\/wp-content\/uploads\/2025\/09\/rydercupteam-578x770.jpeg\"\/><\/p>\n<p>Fort d\u2019un superbe 64 (-8) avec neuf birdies pour un seul bogey conc\u00e9d\u00e9, <strong>Ludvig \u00c5berg<\/strong> (photo) est co-leader (<a href=\"https:\/\/www.golfplanete.com\/actualites\/tom-vaillant-et-ludvig-aberg-prennent-un-premier-avantage-a-wentworth\/\" target=\"_blank\" rel=\"noopener nofollow\">avec le Fran\u00e7ais Tom Vaillant<\/a>). Son partenaire de jeu, l\u2019Anglais <strong>Matthew Fitzpatrick<\/strong>, dans une bonne spirale depuis plusieurs semaines maintenant, apparait \u00e0 la 4e place \u00e0 -6 (66), malgr\u00e9 un dernier bogey sur le par 5 du 18.<\/p>\n<blockquote class=\"twitter-tweet\"><p>&#13;<\/p>\n<p dir=\"ltr\" lang=\"da\">Ludvig \u00c5berg and Matt Fitzpatrick shoot a 13-under better ball \ud83d\udd25<\/p>\n<p>Bethpage pending \ud83d\udc40<a href=\"https:\/\/twitter.com\/hashtag\/BMWPGA?src=hash&amp;ref_src=twsrc%5Etfw\" rel=\"nofollow noopener\" target=\"_blank\">#BMWPGA<\/a> | <a href=\"https:\/\/twitter.com\/hashtag\/RolexSeries?src=hash&amp;ref_src=twsrc%5Etfw\" rel=\"nofollow noopener\" target=\"_blank\">#RolexSeries<\/a> <a href=\"https:\/\/t.co\/aKDxJcr2Yp\" rel=\"nofollow\">pic.twitter.com\/aKDxJcr2Yp<\/a><\/p>\n<p>&#13;<br \/>\n&#13;<br \/>\n\u2014 DP World Tour (@DPWorldTour) <a href=\"https:\/\/twitter.com\/DPWorldTour\/status\/1966148505875132796?ref_src=twsrc%5Etfw\" rel=\"nofollow noopener\" target=\"_blank\">September 11, 2025<\/a><\/p><\/blockquote>\n<p><strong>Viktor Hovland<\/strong>, <strong>Justin Rose<\/strong> et <strong>Shane Lowry<\/strong> (voir ci-dessous) lancent, eux aussi, id\u00e9alement leur semaine dans le Surrey avec un solide 67 (-5) qui leur permettent de prendre la 8e place ex aequo.<\/p>\n<p>\t\t\t\t\t<a id=\"184476\" href=\"https:\/\/golfplus.fr\/promotion-footjoy-c1528\" target=\"_blank\" rel=\"sponsorised nofollow noopener\"><img fetchpriority=\"high\" decoding=\"async\" src=\"https:\/\/www.europesays.com\/fr\/wp-content\/uploads\/2025\/09\/golfplus-e24-promo-footjoy-40-1170x275-1.jpg\" class=\"img-responsive\" alt=\"\"\/><\/a><\/p>\n<blockquote class=\"twitter-tweet\"><p>&#13;<\/p>\n<p dir=\"ltr\" lang=\"en\">Great camera angle. Even better shot from <a href=\"https:\/\/twitter.com\/ShaneLowryGolf?ref_src=twsrc%5Etfw\" rel=\"nofollow noopener\" target=\"_blank\">@ShaneLowryGolf<\/a> \ud83d\ude2e\u200d\ud83d\udca8<a href=\"https:\/\/twitter.com\/hashtag\/BMWPGA?src=hash&amp;ref_src=twsrc%5Etfw\" rel=\"nofollow noopener\" target=\"_blank\">#BMWPGA<\/a> | <a href=\"https:\/\/twitter.com\/hashtag\/RolexSeries?src=hash&amp;ref_src=twsrc%5Etfw\" rel=\"nofollow noopener\" target=\"_blank\">#RolexSeries<\/a> <a href=\"https:\/\/t.co\/ggBYj3IRDs\" rel=\"nofollow\">pic.twitter.com\/ggBYj3IRDs<\/a><\/p>\n<p>&#13;<br \/>\n&#13;<br \/>\n\u2014 DP World Tour (@DPWorldTour) <a href=\"https:\/\/twitter.com\/DPWorldTour\/status\/1966208954897220013?ref_src=twsrc%5Etfw\" rel=\"nofollow noopener\" target=\"_blank\">September 11, 2025<\/a><\/p><\/blockquote>\n<p>Alternant le bon et le moins bon, <strong>Rory McIlroy<\/strong> et <strong>Tyrrell Hatton<\/strong> (cinq birdies, deux bogeys pour tous les deux) restent pour l\u2019instant du bon c\u00f4t\u00e9 du cut en 33e position tandis que <strong>Robert MacIntyre<\/strong> et <strong>Jon Rahm<\/strong> sont juste au-dessus de ce m\u00eame cut virtuel, \u00e0 la 67e place \u00e0 -1 (71).\u00a0<\/p>\n<p>\t\t\t\t\t<a id=\"160863\" href=\"https:\/\/eu.ping.com\/fr-fr\/clubs\/drivers\" target=\"_blank\" rel=\"sponsorised nofollow noopener\"><img decoding=\"async\" src=\"data:image\/svg+xml,%3Csvg%20xmlns=\" http:=\"\" class=\"img-responsive\" alt=\"\" data-lazy-src=\"https:\/\/www.europesays.com\/fr\/wp-content\/uploads\/2025\/04\/ping-e01-bois-g440-1170x275-1.jpg\"\/><\/a><\/p>\n<blockquote class=\"twitter-tweet\"><p>&#13;<\/p>\n<p dir=\"ltr\" lang=\"en\">Rory starts with a chip-in birdie! <a href=\"https:\/\/twitter.com\/hashtag\/BMWPGA?src=hash&amp;ref_src=twsrc%5Etfw\" rel=\"nofollow noopener\" target=\"_blank\">#BMWPGA<\/a> | <a href=\"https:\/\/twitter.com\/hashtag\/RolexSeries?src=hash&amp;ref_src=twsrc%5Etfw\" rel=\"nofollow noopener\" target=\"_blank\">#RolexSeries<\/a> <a href=\"https:\/\/t.co\/lwa6vVMApX\" rel=\"nofollow\">pic.twitter.com\/lwa6vVMApX<\/a><\/p>\n<p>&#13;<br \/>\n&#13;<br \/>\n\u2014 DP World Tour (@DPWorldTour) <a href=\"https:\/\/twitter.com\/DPWorldTour\/status\/1966111391711998232?ref_src=twsrc%5Etfw\" rel=\"nofollow noopener\" target=\"_blank\">September 11, 2025<\/a><\/p><\/blockquote>\n<p dir=\"ltr\" lang=\"en\">Clairement en dedans jusqu\u2019\u00e0 son 4e bogey au trou n\u00b011 (pour alors un seul birdie r\u00e9alis\u00e9), l\u2019Espagnol s\u2019est enfin remis \u00e0 l\u2019endroit en alignant quatre birdies du 12 au 17. Mais le golfeur du <strong>LIV Golf<\/strong> n\u2019est pas apparu clairement \u00ab conqu\u00e9rant \u00bb putter en mains dans ce premier tour.<\/p>\n<blockquote class=\"twitter-tweet\"><p>&#13;<\/p>\n<p dir=\"ltr\" lang=\"en\">Those Spanish hands \ud83c\uddea\ud83c\uddf8<\/p>\n<p>Jon Rahm holes out from the bunker! <a href=\"https:\/\/twitter.com\/hashtag\/BMWPGA?src=hash&amp;ref_src=twsrc%5Etfw\" rel=\"nofollow noopener\" target=\"_blank\">#BMWPGA<\/a> | <a href=\"https:\/\/twitter.com\/hashtag\/RolexSeries?src=hash&amp;ref_src=twsrc%5Etfw\" rel=\"nofollow noopener\" target=\"_blank\">#RolexSeries<\/a> <a href=\"https:\/\/t.co\/iWrc8fEyfc\" rel=\"nofollow\">pic.twitter.com\/iWrc8fEyfc<\/a><\/p>\n<p>&#13;<br \/>\n&#13;<br \/>\n\u2014 DP World Tour (@DPWorldTour) <a href=\"https:\/\/twitter.com\/DPWorldTour\/status\/1966191944138149888?ref_src=twsrc%5Etfw\" rel=\"nofollow noopener\" target=\"_blank\">September 11, 2025<\/a><\/p><\/blockquote>\n<p>\t\t\t\t\t<a id=\"184735\" href=\"https:\/\/site.arkea-banque-ei.com\/\" target=\"_blank\" rel=\"sponsorised nofollow noopener\"><img decoding=\"async\" src=\"data:image\/svg+xml,%3Csvg%20xmlns=\" http:=\"\" class=\"img-responsive\" alt=\"\" data-lazy-src=\"https:\/\/www.europesays.com\/fr\/wp-content\/uploads\/2025\/06\/arkea-e02-objectif-strategie-v2-1170x275-1.png\"\/><\/a><\/p>\n<p>De retour en Europe pour la premi\u00e8re fois depuis sa 16e place \u00e0 <strong>The Open<\/strong> \u00e0 la mi-juillet, <strong>Tommy Fleetwood<\/strong> ne s\u2019est pas franchement rassur\u00e9 avec son 73 (+1) lest\u00e9 par trois bogeys pour deux birdies. L\u2019Anglais, qui a enfin d\u00e9bloqu\u00e9 son compteur sur le <strong>PGA Tour<\/strong> en remportant fin ao\u00fbt \u00e0 la fois le <strong>Tour Championship<\/strong> et la <strong>FedEx Cup<\/strong>, est 106e au leaderboard (avec le tenant du titre, <strong>Billy<\/strong> <strong>Horschel<\/strong>).<\/p>\n<p>\t\t\t\t\t<a id=\"184458\" href=\"https:\/\/www.lacoste.com\/fr\/lacoste\/decouvrez\/sport-collections\/golf\/\" target=\"_blank\" rel=\"sponsorised nofollow noopener\"><img decoding=\"async\" src=\"data:image\/svg+xml,%3Csvg%20xmlns=\" http:=\"\" class=\"img-responsive\" alt=\"\" data-lazy-src=\"https:\/\/www.europesays.com\/fr\/wp-content\/uploads\/2025\/09\/lacoste-e02-collection-golf-1170x275-1.gif\"\/><\/a><\/p>\n<blockquote class=\"twitter-tweet\"><p>&#13;<\/p>\n<p dir=\"ltr\" lang=\"da\">Rasmus H\u00f8jgaard, that is ridiculous \ud83d\ude02<a href=\"https:\/\/twitter.com\/hashtag\/BMWPGA?src=hash&amp;ref_src=twsrc%5Etfw\" rel=\"nofollow noopener\" target=\"_blank\">#BMWPGA<\/a> | <a href=\"https:\/\/twitter.com\/hashtag\/RolexSeries?src=hash&amp;ref_src=twsrc%5Etfw\" rel=\"nofollow noopener\" target=\"_blank\">#RolexSeries<\/a> <a href=\"https:\/\/t.co\/GjkTVVxM5B\" rel=\"nofollow\">pic.twitter.com\/GjkTVVxM5B<\/a><\/p>\n<p>&#13;<br \/>\n&#13;<br \/>\n\u2014 DP World Tour (@DPWorldTour) <a href=\"https:\/\/twitter.com\/DPWorldTour\/status\/1966204572256317600?ref_src=twsrc%5Etfw\" rel=\"nofollow noopener\" target=\"_blank\">September 11, 2025<\/a><\/p><\/blockquote>\n<p>Plus inqui\u00e9tante, c\u2019est la prestation tr\u00e8s contrast\u00e9e de <strong>Rasmus H\u00f8jgaard<\/strong>, auteur d\u2019un magnifique et tr\u00e8s chanceux eagle sur le 18 (ci-dessus) mais aussi de deux doubles (sur le par 5 du 4 et au 15). Le Danois ferme la marche \u00e0 la 119e place \u00e0 +2 (74) !<\/p>\n<p>\t\t\t\t\t<a id=\"182585\" href=\"https:\/\/www.golfcapdagde.com\/\" target=\"_blank\" rel=\"sponsorised nofollow noopener\"><img decoding=\"async\" src=\"data:image\/svg+xml,%3Csvg%20xmlns=\" http:=\"\" class=\"img-responsive\" alt=\"\" data-lazy-src=\"https:\/\/www.europesays.com\/fr\/wp-content\/uploads\/2025\/06\/capdagdegolf-e01-experience-golf-1170x275-1.gif\"\/><\/a><\/p>\n<p>Photo : Kate McShane \/ Getty Images<\/p>\n<p>\t\t\t<script async src=\"https:\/\/platform.twitter.com\/widgets.js\" charset=\"utf-8\"><\/script><\/p>\n","protected":false},"excerpt":{"rendered":"Partager cet article Partager la publication \u00ab\u00a0Ryder Cup : Les hommes de Luke Donald, pour la plupart d\u00e9j\u00e0&hellip;\n","protected":false},"author":2,"featured_media":383925,"comment_status":"","ping_status":"","sticky":false,"template":"","format":"standard","meta":{"footnotes":""},"categories":[1418],"tags":[1011,27,1472,60],"class_list":{"0":"post-383924","1":"post","2":"type-post","3":"status-publish","4":"format-standard","5":"has-post-thumbnail","7":"category-golf","8":"tag-fr","9":"tag-france","10":"tag-golf","11":"tag-sports"},"share_on_mastodon":{"url":"https:\/\/pubeurope.com\/@fr\/115188239615476273","error":""},"_links":{"self":[{"href":"https:\/\/www.europesays.com\/fr\/wp-json\/wp\/v2\/posts\/383924","targetHints":{"allow":["GET"]}}],"collection":[{"href":"https:\/\/www.europesays.com\/fr\/wp-json\/wp\/v2\/posts"}],"about":[{"href":"https:\/\/www.europesays.com\/fr\/wp-json\/wp\/v2\/types\/post"}],"author":[{"embeddable":true,"href":"https:\/\/www.europesays.com\/fr\/wp-json\/wp\/v2\/users\/2"}],"replies":[{"embeddable":true,"href":"https:\/\/www.europesays.com\/fr\/wp-json\/wp\/v2\/comments?post=383924"}],"version-history":[{"count":0,"href":"https:\/\/www.europesays.com\/fr\/wp-json\/wp\/v2\/posts\/383924\/revisions"}],"wp:featuredmedia":[{"embeddable":true,"href":"https:\/\/www.europesays.com\/fr\/wp-json\/wp\/v2\/media\/383925"}],"wp:attachment":[{"href":"https:\/\/www.europesays.com\/fr\/wp-json\/wp\/v2\/media?parent=383924"}],"wp:term":[{"taxonomy":"category","embeddable":true,"href":"https:\/\/www.europesays.com\/fr\/wp-json\/wp\/v2\/categories?post=383924"},{"taxonomy":"post_tag","embeddable":true,"href":"https:\/\/www.europesays.com\/fr\/wp-json\/wp\/v2\/tags?post=383924"}],"curies":[{"name":"wp","href":"https:\/\/api.w.org\/{rel}","templated":true}]}}