{"id":383926,"date":"2025-09-11T23:24:12","date_gmt":"2025-09-11T23:24:12","guid":{"rendered":"https:\/\/www.europesays.com\/fr\/383926\/"},"modified":"2025-09-11T23:24:12","modified_gmt":"2025-09-11T23:24:12","slug":"agen-enchaine-a-domicile-et-fait-chuter-grenoble","status":"publish","type":"post","link":"https:\/\/www.europesays.com\/fr\/383926\/","title":{"rendered":"Agen encha\u00eene \u00e0 domicile et fait chuter Grenoble"},"content":{"rendered":"<p class=\"date\">\n                                                            Aur\u00e9lien Canot, Media365, publi\u00e9 le jeudi 11 septembre 2025 \u00e0 23h08\n                                                    <\/p>\n<p>Etrill\u00e9 \u00e0 Nevers lors de la 1re journ\u00e9e de Pro D2, Agen est m\u00e9connaissable depuis cette gifle re\u00e7ue d&rsquo;entr\u00e9e. La preuve encore ce jeudi soir \u00e0 Armandie, o\u00f9 le SUA, non content d&rsquo;encha\u00eener une deuxi\u00e8me victoire bonifi\u00e9e, s&rsquo;est offert (38-20) une \u00e9quipe de Grenoble qui avait gagn\u00e9 ses deux premiers matchs. Ces Agenais, virtuels co-leaders, n&rsquo;ont plus rien \u00e0 voir avec ceux du premier match.<\/p>\n<p>Grenoble n&rsquo;est plus invaincu. Ainsi en a d\u00e9cid\u00e9 Agen, premi\u00e8re \u00e9quipe \u00e0 faire chuter les Is\u00e9rois cette saison. Jeudi soir, en match avanc\u00e9 de la 3e journ\u00e9e de Pro D2, le SUA a ainsi inflig\u00e9 son premier revers (38-15) \u00e0 ce FCG toujours invaincu et qui \u00e9tait la seule \u00e9quipe avec le leader Colomiers et l&rsquo;\u00e9tonnant Valence Romans, 3e et tombeur de Provence lors de la derni\u00e8re journ\u00e9e, \u00e0 avoir gagn\u00e9 ses deux premiers matchs. Le troisi\u00e8me a manifestement \u00e9t\u00e9 de trop pour ces Grenoblois qui avaient but\u00e9 la saison derni\u00e8re sur leur pelouse contre Montauban lors de ce match pour l&rsquo;accession qu&rsquo;il ne fallait surtout pas perdre. Ce sont pourtant les Grenoblois qui avaient trouv\u00e9 les premiers la faille dans cette partie, sur un essai de Yan Lestrade, parfaitement d\u00e9cal\u00e9 devant les poteaux par Julien H\u00e9riteau. Pas de quoi freiner pour autant dans leurs intentions ces Agenais gifl\u00e9s d&rsquo;entr\u00e9e \u00e0 Nevers (54-17) mais qui avaient ensuite pass\u00e9 leurs nerfs chez eux contre Mont-de-Marsan, atomis\u00e9 \u00e0 son tour (53-7). Les Lot-et-Garonnais, pour leur deuxi\u00e8me match de suite sur leur pelouse d&rsquo;Armandie, ne se voyaient pas ne pas encha\u00eener de deuxi\u00e8me succ\u00e8s. Ils ont donc tout fait pour aller chercher cette deuxi\u00e8me victoire de rang, de surcro\u00eet bonifi\u00e9e (38-20).<\/p>\n<p><strong>La deuxi\u00e8me victoire bonifi\u00e9e en deux matchs pour Agen<\/strong><\/p>\n<p>A l&rsquo;essai d&rsquo;entr\u00e9e d&rsquo;H\u00e9riteau, Agen a tout d&rsquo;abord r\u00e9agi par John Madigan, qui a remis les compteurs \u00e0 z\u00e9ro. Dans la foule, le SUA, lanc\u00e9, a fait le break sur une interception d&rsquo;Iban Etcheverry. Grenoble, venue dans le Lot-et-Garonne avec une \u00e9quipe remani\u00e9e, a r\u00e9duit le score sur une p\u00e9nalit\u00e9 de Max Cl\u00e9ment, mais les locaux sont repartis de l&rsquo;avant et ont de nouveau trouv\u00e9 l&rsquo;ouverture, cette fois gr\u00e2ce \u00e0 Lucas Martins suite \u00e0 un superbe travail de l&rsquo;arri\u00e8re Matthias Jean. Devant \u00e0 la pause (19-10), Agen ne s&rsquo;en contentait pas. Les joueurs de Mauricio Reggiardo entamaient la seconde p\u00e9riode encore mieux qu&rsquo;ils ne l&rsquo;avaient termin\u00e9e. Kolinio Ramoka et le Portugais Lucas Martins, auteur d&rsquo;un doubl\u00e9 venu r\u00e9compenser sa magnifique performance, permettaient sur deux essais marqu\u00e9s coup sur coup \u00e0 leur \u00e9quipe de reprendre le large au score. Les deux essais de Grenoble, inscrits par Tristan Labouteley et Romain Fusier, n&rsquo;allaient rien changer \u00e0 la victoire bonifi\u00e9e des Agenais, qui se profilait depuis un moment d\u00e9j\u00e0. Tomasi Fineanganofo, auteur du sixi\u00e8me essai du SUA \u00e0 dix grosses minutes de la sir\u00e8ne, s&rsquo;en est assur\u00e9. Du c\u00f4t\u00e9 d&rsquo;Armandie, la d\u00e9culott\u00e9e de Nevers est d\u00e9finitivement oubli\u00e9e et pardonn\u00e9e. Et apr\u00e8s cette deuxi\u00e8me victoire bonifi\u00e9e en deux journ\u00e9es, voici Agen nouveau leader provisoire devant Colomiers en attendant le r\u00e9sultat de ce dernier \u00e0 Oyonnax vendredi. Inimaginable au soir de la 1ere journ\u00e9e et de cette humiliation subie \u00e0 Nevers.<\/p>\n","protected":false},"excerpt":{"rendered":"Aur\u00e9lien Canot, Media365, publi\u00e9 le jeudi 11 septembre 2025 \u00e0 23h08 Etrill\u00e9 \u00e0 Nevers lors de la 1re&hellip;\n","protected":false},"author":2,"featured_media":383927,"comment_status":"","ping_status":"","sticky":false,"template":"","format":"standard","meta":{"footnotes":""},"categories":[1416],"tags":[1011,27,479,1468,60],"class_list":{"0":"post-383926","1":"post","2":"type-post","3":"status-publish","4":"format-standard","5":"has-post-thumbnail","7":"category-rugby","8":"tag-fr","9":"tag-france","10":"tag-rugby","11":"tag-rugby-football","12":"tag-sports"},"share_on_mastodon":{"url":"https:\/\/pubeurope.com\/@fr\/115188247222835010","error":""},"_links":{"self":[{"href":"https:\/\/www.europesays.com\/fr\/wp-json\/wp\/v2\/posts\/383926","targetHints":{"allow":["GET"]}}],"collection":[{"href":"https:\/\/www.europesays.com\/fr\/wp-json\/wp\/v2\/posts"}],"about":[{"href":"https:\/\/www.europesays.com\/fr\/wp-json\/wp\/v2\/types\/post"}],"author":[{"embeddable":true,"href":"https:\/\/www.europesays.com\/fr\/wp-json\/wp\/v2\/users\/2"}],"replies":[{"embeddable":true,"href":"https:\/\/www.europesays.com\/fr\/wp-json\/wp\/v2\/comments?post=383926"}],"version-history":[{"count":0,"href":"https:\/\/www.europesays.com\/fr\/wp-json\/wp\/v2\/posts\/383926\/revisions"}],"wp:featuredmedia":[{"embeddable":true,"href":"https:\/\/www.europesays.com\/fr\/wp-json\/wp\/v2\/media\/383927"}],"wp:attachment":[{"href":"https:\/\/www.europesays.com\/fr\/wp-json\/wp\/v2\/media?parent=383926"}],"wp:term":[{"taxonomy":"category","embeddable":true,"href":"https:\/\/www.europesays.com\/fr\/wp-json\/wp\/v2\/categories?post=383926"},{"taxonomy":"post_tag","embeddable":true,"href":"https:\/\/www.europesays.com\/fr\/wp-json\/wp\/v2\/tags?post=383926"}],"curies":[{"name":"wp","href":"https:\/\/api.w.org\/{rel}","templated":true}]}}