{"id":383928,"date":"2025-09-11T23:25:13","date_gmt":"2025-09-11T23:25:13","guid":{"rendered":"https:\/\/www.europesays.com\/fr\/383928\/"},"modified":"2025-09-11T23:25:13","modified_gmt":"2025-09-11T23:25:13","slug":"carlos-alcaraz-en-couple-le-tennisman-a-trouve-lamour-et-cest-avec-une-autre-star-tres-en-vue","status":"publish","type":"post","link":"https:\/\/www.europesays.com\/fr\/383928\/","title":{"rendered":"Carlos Alcaraz en couple : le tennisman a trouv\u00e9 l&rsquo;amour et c&rsquo;est avec une autre star tr\u00e8s en vue\u00a0"},"content":{"rendered":"<p>La vie sentimentale des sportifs de haut niveau passionne tout<br \/>\nautant que celle des acteurs ou des chanteurs. Si les joueurs de<br \/>\nfoot sont souvent sous le feu des projecteurs, il en est de m\u00eame<br \/>\npour les joueurs de tennis, qui gagnent de plus en plus en<br \/>\npopularit\u00e9, avec la m\u00e9diatisation de <a class=\"qbe-widget\" href=\"https:\/\/www.closermag.fr\/people\/roland-garros-carlos-alcaraz-pose-un-lapin-apres-sa-folle-victoire-et-cest-desesperant-3553133\" target=\"_blank\" rel=\"noopener noreferrer\">tournois comme<br \/>\nRoland-Garros<\/a> ou Wimbledon. Leur notori\u00e9t\u00e9 les am\u00e8ne souvent \u00e0<br \/>\nrencontrer d\u2019autres c\u00e9l\u00e9brit\u00e9s.<\/p>\n<p>Ainsi, si <a class=\"qbe-widget\" href=\"https:\/\/www.closermag.fr\/people\/roger-federer-qui-est-sa-femme-mirka-qu-on-dit-froide-et-ennuyeuse-1325857#item=1\" target=\"_blank\" rel=\"noopener noreferrer\">Roger Federer a \u00e9pous\u00e9<br \/>\nson amour de jeunesse<\/a>, d\u2019autres comme <strong>Carlos<br \/>\nAlcaraz<\/strong> fr\u00e9quentent des stars. Sa relation avec une<br \/>\npersonnalit\u00e9 tr\u00e8s connue vient d\u2019\u00eatre officialis\u00e9e.<\/p>\n<p>Carlos Alcaraz en couple avec une c\u00e9l\u00e8bre mannequin<\/p>\n<p>\u00c0 seulement 22 ans, <a class=\"qbe-widget\" href=\"https:\/\/www.closermag.fr\/people\/carlos-alcaraz-scene-folle-a-wimbledon-il-stoppe-un-match-pour-courir-en-tribunes-3560244\" target=\"_blank\" rel=\"noopener noreferrer\">Carlos Alcaraz est d\u00e9j\u00e0<br \/>\nune star dans sa discipline<\/a>. En 2025, il remporte sept titres<br \/>\net passe <a class=\"qbe-widget\" href=\"https:\/\/www.closermag.fr\/people\/kate-middleton-a-wimbledon-ce-geste-adorable-de-charlotte-a-ete-filme-avant-quelle-ne-lui-demande-darreter-3563960\" target=\"_blank\" rel=\"noopener noreferrer\">deux fois en finale, \u00e0<br \/>\nBarcelone et \u00e0 Wimbledon<\/a>. Sur 68 matchs jou\u00e9s, il en a gagn\u00e9<br \/>\n62. En plus d\u2019avoir acquis une notori\u00e9t\u00e9, le sportif de haut niveau<br \/>\na aussi trouv\u00e9 l\u2019amour. Et l\u2019heureuse \u00e9lue est <a class=\"qbe-widget\" href=\"https:\/\/www.closermag.fr\/mode\/brooks-nader-le-mannequin-seins-apparents-en-pleine-fashion-week-elle-montre-tout-3562224\" target=\"_blank\" rel=\"noopener noreferrer\">la mannequin am\u00e9ricaine<br \/>\nBrooks Nader,<\/a> de six ans son a\u00een\u00e9e.<\/p>\n<p>C\u2019est la petite s\u0153ur de la star des podiums, qui a r\u00e9v\u00e9l\u00e9 au<br \/>\ngrand jour leur relation, dans le magazine <a class=\"qbe-widget\" href=\"https:\/\/www.eonline.com\/news\/1422310\/brooks-nader-dating-carlos-alcaraz\" target=\"_blank\" rel=\"nofollow noopener\">E!news<\/a>. \u201cLes<br \/>\nrumeurs sont vraies\u201d, a d\u00e9clar\u00e9 Grace Ann Nader, lors du<br \/>\nd\u00e9fil\u00e9 Raising Cane\u00a0\u00bbs NYFW le 10 septembre. \u201c<strong>Sortir<br \/>\navec quelqu&rsquo;un est un terme vague. Mais je sais que c&rsquo;est l&rsquo;homme<br \/>\ndu moment.<\/strong>\u201d M\u00eame si elle ne donne pas<br \/>\nvraiment de pr\u00e9cision, elle affirme donc que les deux c\u00e9l\u00e9brit\u00e9s se<br \/>\nfr\u00e9quentent bel et bien. Si elle ne l\u2019a encore jamais rencontr\u00e9,<br \/>\nelle esp\u00e8re que cela se fera bient\u00f4t. Dans un premier temps parce<br \/>\nqu\u2019elle le trouve \u201ctellement mignon\u201d, mais aussi parce<br \/>\nqu\u2019il a d\u00e9j\u00e0 rencontr\u00e9 d\u2019autres membres de la fratrie, \u00e0 savoir<br \/>\nMary Holland Nader et Sarah Jane Nader.<\/p>\n<p>Carlos Alcaraz : des rumeurs sur sa vie<br \/>\namoureuse<\/p>\n<p>Pour l\u2019instant, la mannequin n\u2019a pas confirm\u00e9 les propos de sa<br \/>\ns\u0153ur. Pourtant, <strong>elle a r\u00e9cemment \u00e9t\u00e9 vue en tribune de l\u2019US<br \/>\nOpen<\/strong>, dans lequel joue actuellement Carlos Alcaraz.<\/p>\n<p>Cette mise en lumi\u00e8re de leur relation met une bonne fois pour<br \/>\ntoutes <a class=\"qbe-widget\" href=\"https:\/\/www.closermag.fr\/people\/carlos-alcaraz-son-message-apres-la-victoire-de-coco-gauff-ne-va-pas-faire-taire-les-rumeurs-de-couple-3552561\" target=\"_blank\" rel=\"noopener noreferrer\">fin aux rumeurs,<\/a> qui<br \/>\nlaissaient entendre que le jeune homme de 22 ans \u00e9tait en<br \/>\n<strong>couple avec la joueuse de tennis britannique Emma<br \/>\nRaducanu.<\/strong> Lors d\u2019une conf\u00e9rence de presse donn\u00e9e \u00e0<br \/>\nWimbledon, le 28 juin, elle avait d\u2019ailleurs affirm\u00e9 qu\u2019ils \u00e9taient<br \/>\nseulement \u201cde bons amis\u201d.<\/p>\n","protected":false},"excerpt":{"rendered":"La vie sentimentale des sportifs de haut niveau passionne tout autant que celle des acteurs ou des chanteurs.&hellip;\n","protected":false},"author":2,"featured_media":383929,"comment_status":"","ping_status":"","sticky":false,"template":"","format":"standard","meta":{"footnotes":""},"categories":[1415],"tags":[548,7779,1011,27,60,1467],"class_list":{"0":"post-383928","1":"post","2":"type-post","3":"status-publish","4":"format-standard","5":"has-post-thumbnail","7":"category-tennis","8":"tag-article-simple","9":"tag-carlos-alcaraz","10":"tag-fr","11":"tag-france","12":"tag-sports","13":"tag-tennis"},"share_on_mastodon":{"url":"https:\/\/pubeurope.com\/@fr\/115188250938035427","error":""},"_links":{"self":[{"href":"https:\/\/www.europesays.com\/fr\/wp-json\/wp\/v2\/posts\/383928","targetHints":{"allow":["GET"]}}],"collection":[{"href":"https:\/\/www.europesays.com\/fr\/wp-json\/wp\/v2\/posts"}],"about":[{"href":"https:\/\/www.europesays.com\/fr\/wp-json\/wp\/v2\/types\/post"}],"author":[{"embeddable":true,"href":"https:\/\/www.europesays.com\/fr\/wp-json\/wp\/v2\/users\/2"}],"replies":[{"embeddable":true,"href":"https:\/\/www.europesays.com\/fr\/wp-json\/wp\/v2\/comments?post=383928"}],"version-history":[{"count":0,"href":"https:\/\/www.europesays.com\/fr\/wp-json\/wp\/v2\/posts\/383928\/revisions"}],"wp:featuredmedia":[{"embeddable":true,"href":"https:\/\/www.europesays.com\/fr\/wp-json\/wp\/v2\/media\/383929"}],"wp:attachment":[{"href":"https:\/\/www.europesays.com\/fr\/wp-json\/wp\/v2\/media?parent=383928"}],"wp:term":[{"taxonomy":"category","embeddable":true,"href":"https:\/\/www.europesays.com\/fr\/wp-json\/wp\/v2\/categories?post=383928"},{"taxonomy":"post_tag","embeddable":true,"href":"https:\/\/www.europesays.com\/fr\/wp-json\/wp\/v2\/tags?post=383928"}],"curies":[{"name":"wp","href":"https:\/\/api.w.org\/{rel}","templated":true}]}}