{"id":38393,"date":"2025-04-20T08:07:23","date_gmt":"2025-04-20T08:07:23","guid":{"rendered":"https:\/\/www.europesays.com\/fr\/38393\/"},"modified":"2025-04-20T08:07:23","modified_gmt":"2025-04-20T08:07:23","slug":"pres-de-rouen-ces-distributeurs-de-pizzas-poussent-comme-des-petits-pains","status":"publish","type":"post","link":"https:\/\/www.europesays.com\/fr\/38393\/","title":{"rendered":"Pr\u00e8s de Rouen, ces distributeurs de pizzas poussent comme des petits pains"},"content":{"rendered":"<p>            Par<br \/>\n        <strong><br \/>\n            <a href=\"https:\/\/actu.fr\/auteur\/isabellevilly\" title=\"Consulter tous les articles de Isabelle Villy\" rel=\"nofollow noopener\" target=\"_blank\">Isabelle Villy<\/a><br \/>\n        <\/strong><\/p>\n<p>        Publi\u00e9 le<\/p>\n<p>            19 avr. 2025 \u00e0 17h15        <\/p>\n<p>Il faisait beau, vendredi 11 avril 2025, \u00e0 <a href=\"https:\/\/actu.fr\/normandie\/saint-germain-des-essourts_76581\" rel=\"nofollow noopener\" target=\"_blank\">Saint-Germain-des-Essourts<\/a> ! Le temps id\u00e9al pour une petite d\u00e9gustation afin d\u2019inaugurer <strong>le distributeur de pizzas<\/strong>, install\u00e9 pr\u00e8s de la mairie.<\/p>\n<p class=\" wall-content\">Apr\u00e8s Servaville-Salmonville et avant Morgny-la-Pommeraye qui aura, elle aussi prochainement le sien, la commune de Saint-Germain-des-Essourts a en effet donn\u00e9 son accord pour que <strong>le distributeur Just Queen<\/strong> s\u2019implante dans le village : ce sera le 35e que la marque installe dans la r\u00e9gion.<\/p>\n<p class=\" wall-content\">Une dizaine de personnes \u00e9taient sur place, pour la plupart membres du conseil municipal, pour go\u00fbter quelques-unes des huit saveurs propos\u00e9es.<\/p>\n<p>Huit formules et des saveurs \u00e9ph\u00e9m\u00e8res<\/p>\n<p class=\" wall-content\">\u00ab J\u2019ai \u00e9t\u00e9 d\u00e9march\u00e9 par un habitant de la commune qui travaille justement pour cette soci\u00e9t\u00e9. J\u2019ai pens\u00e9 que c\u2019\u00e9tait une bonne id\u00e9e d\u2019avoir ce service pour Saint-Germain \u00bb, explique le maire Alain Burette, qui pr\u00e9cise que la soci\u00e9t\u00e9 a elle-m\u00eame r\u00e9alis\u00e9 la plateforme et pris en charge le raccordement pour faire fonctionner la machine.<\/p>\n<p class=\" wall-content\">Ylann Cajot, responsable Normandie pour la soci\u00e9t\u00e9 Just Queen, indique pour sa part que dans les distributeurs, les clients pourront trouver <strong>des pizzas chaudes ou froides<\/strong> \u00e0 faire r\u00e9chauffer \u00e0 domicile, avec huit formules permanentes. \u00ab Nous proposons \u00e9galement une ou deux saveurs \u00e9ph\u00e9m\u00e8res, en fonction des saisons et des r\u00e9gions. Par exemple, au moment de No\u00ebl, nous avions L\u2019Exquise, avec de la truffe \u00bb, illustre le responsable.<\/p>\n<p>De 8 \u00e0 13\u00a0euros<\/p>\n<p class=\" wall-content\">Avec une gamme de prix de 8 \u00e0 13 euros, la marque Just Queen, qui appartient <strong>au groupe Mentor bas\u00e9 \u00e0 Nancy<\/strong>, se fait fort de donner une image locale. Bas\u00e9 \u00e0 P\u00eetres (Eure), le laboratoire qui alimente les distributeurs emploie ainsi une quinzaine de salari\u00e9s du secteur : \u00ab Le plus loin r\u00e9side \u00e0 une demi-heure de P\u00eetres, les autres vivent dans le bassin de l\u2019Andelle \u00bb, confirme Ylann Cajot.<\/p>\n<p class=\" wall-content\">Quant aux pizzas Just Queen, le responsable Normandie de la marque souligne qu\u2019elles sont fabriqu\u00e9es \u00ab de A \u00e0 Z \u00bb \u00e0 P\u00eetres, selon un proc\u00e9d\u00e9 rigoureux et qu\u2019une fois dans les distributeurs, une DLC (date limite de consommation) permet de bloquer les pizzas si jamais celle-ci est d\u00e9pass\u00e9e. Un logiciel permet au responsable de g\u00e9rer les stocks et de savoir notamment ce qui est plus susceptible d\u2019\u00eatre vendu \u00e0 tel ou tel endroit.<\/p>\n<p>La marque Just Queen pr\u00e9sente dans toute la France<\/p>\n<p class=\" wall-content\">La marque Just Queen est en tout cas <strong>pr\u00e9sente dans la France enti\u00e8re<\/strong>, et m\u00eame en Allemagne et aux \u00c9tats-Unis. \u00ab Le groupe Mentor est sp\u00e9cialis\u00e9 dans les distributeurs automatiques dans de nombreux domaines \u00bb, confirme Ylann Cajot, qui indique qu\u2019<strong>une application est disponible<\/strong>, \u00e0 t\u00e9l\u00e9charger sur vos smartphones, pour commander vos pizzas et localiser les distributeurs les plus proches de chez vous, afin de r\u00e9cup\u00e9rer votre commande.<\/p>\n<p class=\" wall-content\">Suivez toute l\u2019actualit\u00e9 de vos villes et m\u00e9dias favoris en vous inscrivant \u00e0 <a href=\"https:\/\/moncompte.actu.fr\" title=\"D\u00e9couvez Mon Actu\" rel=\"nofollow noopener\" data-trk=\"{&quot;cta&quot;:{&quot;action&quot;:&quot;https:\\\/\\\/moncompte.actu.fr&quot;,&quot;category&quot;:&quot;mon compte&quot;,&quot;from&quot;:&quot;article footer&quot;,&quot;name&quot;:&quot;Mon actu&quot;,&quot;type&quot;:&quot;cta&quot;}}\" target=\"_blank\">Mon Actu<\/a>.<\/p>\n","protected":false},"excerpt":{"rendered":"Par Isabelle Villy Publi\u00e9 le 19 avr. 2025 \u00e0 17h15 Il faisait beau, vendredi 11 avril 2025, \u00e0&hellip;\n","protected":false},"author":2,"featured_media":38394,"comment_status":"","ping_status":"","sticky":false,"template":"","format":"standard","meta":{"footnotes":""},"categories":[9587],"tags":[1111,11,258,1777,674,1011,27,12,5161,25,9590,104],"class_list":{"0":"post-38393","1":"post","2":"type-post","3":"status-publish","4":"format-standard","5":"has-post-thumbnail","7":"category-rouen","8":"tag-actu","9":"tag-actualites","10":"tag-alimentation","11":"tag-eu","12":"tag-europe","13":"tag-fr","14":"tag-france","15":"tag-news","16":"tag-normandie","17":"tag-republique-francaise","18":"tag-rouen","19":"tag-societe"},"share_on_mastodon":{"url":"https:\/\/pubeurope.com\/@fr\/114369268552953649","error":""},"_links":{"self":[{"href":"https:\/\/www.europesays.com\/fr\/wp-json\/wp\/v2\/posts\/38393","targetHints":{"allow":["GET"]}}],"collection":[{"href":"https:\/\/www.europesays.com\/fr\/wp-json\/wp\/v2\/posts"}],"about":[{"href":"https:\/\/www.europesays.com\/fr\/wp-json\/wp\/v2\/types\/post"}],"author":[{"embeddable":true,"href":"https:\/\/www.europesays.com\/fr\/wp-json\/wp\/v2\/users\/2"}],"replies":[{"embeddable":true,"href":"https:\/\/www.europesays.com\/fr\/wp-json\/wp\/v2\/comments?post=38393"}],"version-history":[{"count":0,"href":"https:\/\/www.europesays.com\/fr\/wp-json\/wp\/v2\/posts\/38393\/revisions"}],"wp:featuredmedia":[{"embeddable":true,"href":"https:\/\/www.europesays.com\/fr\/wp-json\/wp\/v2\/media\/38394"}],"wp:attachment":[{"href":"https:\/\/www.europesays.com\/fr\/wp-json\/wp\/v2\/media?parent=38393"}],"wp:term":[{"taxonomy":"category","embeddable":true,"href":"https:\/\/www.europesays.com\/fr\/wp-json\/wp\/v2\/categories?post=38393"},{"taxonomy":"post_tag","embeddable":true,"href":"https:\/\/www.europesays.com\/fr\/wp-json\/wp\/v2\/tags?post=38393"}],"curies":[{"name":"wp","href":"https:\/\/api.w.org\/{rel}","templated":true}]}}