{"id":383930,"date":"2025-09-11T23:27:15","date_gmt":"2025-09-11T23:27:15","guid":{"rendered":"https:\/\/www.europesays.com\/fr\/383930\/"},"modified":"2025-09-11T23:27:15","modified_gmt":"2025-09-11T23:27:15","slug":"johann-zarco-en-confiance-apres-barcelone-il-y-avait-une-odeur-de-podium","status":"publish","type":"post","link":"https:\/\/www.europesays.com\/fr\/383930\/","title":{"rendered":"Johann Zarco en confiance apr\u00e8s Barcelone : \u00ab Il y avait une odeur de podium \u00bb"},"content":{"rendered":"<p class=\"my-2 [&amp;+p]:mt-4 [&amp;_strong:has(+br)]:inline-block [&amp;_strong:has(+br)]:pb-2\">Johann Zarco aborde le Grand Prix de Saint-Marin avec un moral reboost\u00e9 par son week-end catalan. Malgr\u00e9 une chute survenue alors qu\u2019il se battait dans le top-5, le tricolore repart de Barcelone avec une confiance retrouv\u00e9e qui pourrait l\u2019aider \u00e0 Misano, o\u00f9 il compte capitaliser sur les progr\u00e8s r\u00e9alis\u00e9s au guidon de la RC213v.<\/p>\n<p class=\"my-2 [&amp;+p]:mt-4 [&amp;_strong:has(+br)]:inline-block [&amp;_strong:has(+br)]:pb-2\">Si le d\u00e9but de week-end du Cannois en Catalogne ne laissait pas esp\u00e9rer une telle comp\u00e9titivit\u00e9, tout a chang\u00e9 le dimanche. Gr\u00e2ce notamment \u00e0 un nouveau bras oscillant test\u00e9 \u00e0 la derni\u00e8re minute \u2013 il fut mont\u00e9 sur sa machine juste avant le d\u00e9but du Warm-Up \u2013 le Fran\u00e7ais a retrouv\u00e9 des sensations. \u00ab J\u2019ai dit, bon, je pr\u00e9f\u00e8re prendre ce risque-l\u00e0, mais avancer sur du matos que j\u2019aurai prochainement plut\u00f4t que de rester avec ce que je connais par c\u0153ur, sur lequel je ne suis pas au mieux. Et en fait, c\u2019\u00e9tait la bonne d\u00e9cision, parce que \u00e7a faisait plaisir d\u2019avoir de la gestion derri\u00e8re les autres \u00bb, confie-t-il.<\/p>\n<p class=\"my-2 [&amp;+p]:mt-4 [&amp;_strong:has(+br)]:inline-block [&amp;_strong:has(+br)]:pb-2\">Au fil de la course, il a pu se battre au contact du groupe de t\u00eate. Il avoue m\u00eame avoir un temps repris des sensations qui le laissaient esp\u00e9rer \u00e0 un top-3. Lui qui a r\u00e9alis\u00e9 les deux derniers podiums de Honda en <a href=\"https:\/\/www.autohebdo.fr\/actualites\/motogp\" data-internallinksmanager029f6b8e52c=\"4\" title=\"MotoGP\" target=\"_blank\" rel=\"noopener\">MotoGP<\/a>, avec sa victoire au Mans, suivie de sa 2e place \u00e0 Silverstone. \u00ab Quand tu peux rester derri\u00e8re, tu peux te donner l\u2019opportunit\u00e9 de doubler. Il y avait m\u00eame une odeur de podium, mais c\u2019\u00e9tait pas loin. Et \u00e7a m\u2019a fait du bien. Je sais ce que c\u2019est que d\u2019avoir le contr\u00f4le de la moto. Et franchement, dimanche, j\u2019ai eu ce contr\u00f4le, et \u00e7a m\u2019a fait du bien. C\u2019est pour \u00e7a, \u00e7a me met les boules d\u2019avoir chut\u00e9. Je manque certainement 13 points \u00bb, reconna\u00eet le tricolore faisant r\u00e9f\u00e9rence au capital d\u2019unit\u00e9s attribu\u00e9 au 4e.<\/p>\n<p><a href=\"https:\/\/www.europesays.com\/fr\/wp-content\/uploads\/2025\/09\/e15d38f7-8708-6364-c110-f23030193424.jpg\" data-lbwps-width=\"900\" data-lbwps-height=\"600\" data-lbwps-srcsmall=\"https:\/\/www.autohebdo.fr\/app\/uploads\/2025\/09\/e15d38f7-8708-6364-c110-f23030193424-300x200.jpg\"><img fetchpriority=\"high\" decoding=\"async\" aria-describedby=\"caption-attachment-631817\" class=\"wp-image-631817\" src=\"https:\/\/www.europesays.com\/fr\/wp-content\/uploads\/2025\/09\/e15d38f7-8708-6364-c110-f23030193424.jpg\" alt=\"\" width=\"665\" height=\"443\"  \/><\/a><\/p>\n<p id=\"caption-attachment-631817\" class=\"wp-caption-text\">\u00a9 LCR Honda<\/p>\n<p>Rebondir apr\u00e8s un week-end compliqu\u00e9<\/p>\n<p class=\"my-2 [&amp;+p]:mt-4 [&amp;_strong:has(+br)]:inline-block [&amp;_strong:has(+br)]:pb-2\">Zarco insiste cependant sur le contraste entre la vitesse affich\u00e9e tout le week-end et l\u2019inconfort persistant sur sa machine. \u00ab C\u2019est un bon week-end, il y avait une vraie vitesse. Certainement la piste, le trac\u00e9, convient bien, mais \u00e7a fait du bien de retrouver des choses pour lesquelles j\u2019aime courir, explique-t-il. Et ce qui m\u2019a fait beaucoup de bien, c\u2019est cette course du dimanche, parce que tout le week-end, m\u00eame si j\u2019allais vite, je disais, je ne suis pas bien sur la moto, \u00e7a ne va pas. Et j\u2019insistais parce qu\u2019on me dit, oui, tu vas vite, d\u2019accord, mais je ne suis pas bien. \u00bb\u00a0<\/p>\n<p class=\"my-2 [&amp;+p]:mt-4 [&amp;_strong:has(+br)]:inline-block [&amp;_strong:has(+br)]:pb-2\">Apr\u00e8s son double abandon en Hongrie, ponctu\u00e9 par beaucoup de frustration, le Fran\u00e7ais se satisfait d\u2019avoir montr\u00e9 un autre visage en Espagne. Alors que la saison entre dans sa derni\u00e8re ligne droite, Johann Zarco semble donc avoir retrouv\u00e9 une base solide pour se relancer. \u00ab Je rate un week-end, tout de suite celui d\u2019apr\u00e8s je reviens \u00e0 un niveau dans lequel je sais performer \u00bb, conclut-il. Il s\u2019agira donc de capitaliser sur cette confiance pour entamer le week-end sur la m\u00eame dynamique \u00e0 Misano.<\/p>\n<p><strong>\u00c0 LIRE AUSSI &gt;\u00a0<a href=\"https:\/\/www.autohebdo.fr\/actualites\/motogp\/johann-zarco-revient-sur-sa-chute-lors-du-gp-de-catalogne-je-ne-peux-pas-rouler-comme-ca.html\" target=\"_blank\" rel=\"noopener\">Johann Zarco revient sur sa chute lors du GP de Catalogne : \u00ab Je ne peux pas rouler comme \u00e7a \u00bb<\/a><\/strong><\/p>\n","protected":false},"excerpt":{"rendered":"Johann Zarco aborde le Grand Prix de Saint-Marin avec un moral reboost\u00e9 par son week-end catalan. Malgr\u00e9 une&hellip;\n","protected":false},"author":2,"featured_media":383445,"comment_status":"","ping_status":"","sticky":false,"template":"","format":"standard","meta":{"footnotes":""},"categories":[1413],"tags":[1011,27,1457,1456,60],"class_list":{"0":"post-383930","1":"post","2":"type-post","3":"status-publish","4":"format-standard","5":"has-post-thumbnail","7":"category-moto","8":"tag-fr","9":"tag-france","10":"tag-moto","11":"tag-motocycle","12":"tag-sports"},"share_on_mastodon":{"url":"https:\/\/pubeurope.com\/@fr\/115188258957895179","error":""},"_links":{"self":[{"href":"https:\/\/www.europesays.com\/fr\/wp-json\/wp\/v2\/posts\/383930","targetHints":{"allow":["GET"]}}],"collection":[{"href":"https:\/\/www.europesays.com\/fr\/wp-json\/wp\/v2\/posts"}],"about":[{"href":"https:\/\/www.europesays.com\/fr\/wp-json\/wp\/v2\/types\/post"}],"author":[{"embeddable":true,"href":"https:\/\/www.europesays.com\/fr\/wp-json\/wp\/v2\/users\/2"}],"replies":[{"embeddable":true,"href":"https:\/\/www.europesays.com\/fr\/wp-json\/wp\/v2\/comments?post=383930"}],"version-history":[{"count":0,"href":"https:\/\/www.europesays.com\/fr\/wp-json\/wp\/v2\/posts\/383930\/revisions"}],"wp:featuredmedia":[{"embeddable":true,"href":"https:\/\/www.europesays.com\/fr\/wp-json\/wp\/v2\/media\/383445"}],"wp:attachment":[{"href":"https:\/\/www.europesays.com\/fr\/wp-json\/wp\/v2\/media?parent=383930"}],"wp:term":[{"taxonomy":"category","embeddable":true,"href":"https:\/\/www.europesays.com\/fr\/wp-json\/wp\/v2\/categories?post=383930"},{"taxonomy":"post_tag","embeddable":true,"href":"https:\/\/www.europesays.com\/fr\/wp-json\/wp\/v2\/tags?post=383930"}],"curies":[{"name":"wp","href":"https:\/\/api.w.org\/{rel}","templated":true}]}}