{"id":383931,"date":"2025-09-11T23:28:09","date_gmt":"2025-09-11T23:28:09","guid":{"rendered":"https:\/\/www.europesays.com\/fr\/383931\/"},"modified":"2025-09-11T23:28:09","modified_gmt":"2025-09-11T23:28:09","slug":"vous-voulez-connaitre-les-ingredients-du-produit-secret-de-mercedes-dites-bonjour-a-motorsports-et-aux-equipes-de-developpement-f1-groupe-patrick-launay","status":"publish","type":"post","link":"https:\/\/www.europesays.com\/fr\/383931\/","title":{"rendered":"Vous voulez conna\u00eetre les ingr\u00e9dients du produit secret de Mercedes? Dites bonjour \u00e0 Motorsports et aux \u00e9quipes de d\u00e9veloppement F1 &#8211; Groupe Patrick Launay"},"content":{"rendered":"<ol>\n<li><a href=\"https:\/\/news.google.com\/rss\/articles\/CBMi-wFBVV95cUxQeFhWbE9HbVo1bGNHaHgzTDRTOTBtTlFlZHZwYWJZQmVlOEVnQWxzaG4tQm4zbWlmYXBUbm9IZFctMWFkakEwaGNKTE1QNGgxb2lTbE5uTGxocmVLY2xYM05aajA5VWQxbHV4ZXZjb296WFIxaC1oN196VTJZNUY5cXZ3eXVSMkRvTHIzX2MzbFRKUThMOXlGQ0x0NnpqM2VvLVpwekh2MGlVQTJQa2l6MmhCSk53X010cE9sLUVtclhWOVZ4M1BIMGx6SzRhRk9GSXg3b1AxZ2ZLc3ExLW1kU0JPRElxdjdtbWE5cEY3RUZIQ2Z5NmxTWFNMbw?oc=5\" target=\"_blank\" rel=\"noopener\">Vous voulez conna\u00eetre les ingr\u00e9dients du produit secret de Mercedes? Dites bonjour \u00e0 Motorsports et aux \u00e9quipes de d\u00e9veloppement F1<\/a>&nbsp;&nbsp;Groupe Patrick Launay<\/li>\n<li><a href=\"https:\/\/news.google.com\/rss\/articles\/CBMijgFBVV95cUxPcWZHcmU3SGU5ZkN3ZW1UTG5JbUQ3X3RsTGlaTXlla3lHcFBPbDZEbUxNUzdsaHR6b21rdEN2V3o1emlBZmNqbUVUMEwzVnp4Nk5oRV9rN2JXeTJrN3lkTzV0bkV1NFFOdDNlN0dqeHc5d0c0dWxjQUp4ZkNXdmxoSm9nT3ktSkNQY2picktB?oc=5\" target=\"_blank\" rel=\"noopener\">Pourquoi les motoristes sont align\u00e9s sur le V8 mais refusent de se pr\u00e9cipiter<\/a>&nbsp;&nbsp;Motorsport.com<\/li>\n<li><a href=\"https:\/\/news.google.com\/rss\/articles\/CBMioAFBVV95cUxPcEYwLXZLa3dYbnFhczJLRExSczFxU2FwOEp5S2xMQXhDeE5LQ0xzUnF1cy1uc3ZjMzhCVl9qMGdaSENGNHA5UDNIb2pjQk9UbE53ODIwcUZtQU1YWjZqME9MQVE2Y2Z3MzBudU0zbWtvdGNqNm5QaWNsM0VQYlFTRnlHN1RfQWhDV0xGUE8xWG93LXlUQ2t6UnBTdDhkcFBv?oc=5\" target=\"_blank\" rel=\"noopener\">Le flou persiste autour de l&rsquo;avenir des moteurs V8<\/a>&nbsp;&nbsp;f1i.autojournal.fr<\/li>\n<li><a href=\"https:\/\/news.google.com\/rss\/articles\/CBMi6AFBVV95cUxPc3lrcGhQeFotbUl3bVlKRGJyb3BwTHJFSkJQVjhPb2Y1SEtVRHlWcm9LekozN05rbUFJbGZXZjh6aGM4MGtCYXpmZWxyWlJqbTZZREdiYzdLNjVJQW0xX0VOakl2WWRnb1k4WC1uVWZ6RGl2LVlLNXFGeXpUdVVnaXBTM0ZhY3JhR2FnUkxOM2lYeVMySmVNSkFtcGNJWjc5UGRDUWZnYWN6Vng4TDh6RnBFQVM4ZzNYd1JEdHVoc1lxS3dMVkhWVUhKcjg4ckdSOXhQbW1FVk4wNjhNWllybXRNcVJiVWdC?oc=5\" target=\"_blank\" rel=\"noopener\">George Russell d\u00e9clare que gagner fera taire les craintes des pilotes de F1 concernant les changements de r\u00e8gles radicaux de 2026<\/a>&nbsp;&nbsp;autogear.pt<\/li>\n<li><a href=\"https:\/\/news.google.com\/rss\/articles\/CBMiugFBVV95cUxPWHpFbndtM1dGcUpWZ2poSzdDQVd1UTAyT0JkX0ZEM01VRmlXLWFfNUpCbTBFZkVBZ0wwQUQ4MEFjdU15SGg3cnZpRENCeWthTm1tQ3JxNTNaY0Z6XzBDNFhIUnlyNEViRlVqT2NTTjRHVnVKTUw1RFNabHBXTGdNT0FlNVliVk9EMU1ZbGFic2xXUTRuT2N3QjZrWmhleDlRaVg0QUV0UmxVUGxUc2NRcWpPTEJfVk5FU3c?oc=5\" target=\"_blank\" rel=\"noopener\">F1 : Retour du V8 repouss\u00e9 \u2013 enjeux, coulisses et nouvelles perspectives pour l\u2019avenir<\/a>&nbsp;&nbsp;Blog Joinsteer<\/li>\n<\/ol>\n","protected":false},"excerpt":{"rendered":"Vous voulez conna\u00eetre les ingr\u00e9dients du produit secret de Mercedes? Dites bonjour \u00e0 Motorsports et aux \u00e9quipes de&hellip;\n","protected":false},"author":2,"featured_media":1445,"comment_status":"","ping_status":"","sticky":false,"template":"","format":"standard","meta":{"footnotes":""},"categories":[1412],"tags":[1451,1452,1453,1454,1455,1011,27,60],"class_list":{"0":"post-383931","1":"post","2":"type-post","3":"status-publish","4":"format-standard","5":"has-post-thumbnail","7":"category-f1","8":"tag-f1","9":"tag-formula-1","10":"tag-formula1","11":"tag-formule-1","12":"tag-formule1","13":"tag-fr","14":"tag-france","15":"tag-sports"},"share_on_mastodon":{"url":"https:\/\/pubeurope.com\/@fr\/115188262724959985","error":""},"_links":{"self":[{"href":"https:\/\/www.europesays.com\/fr\/wp-json\/wp\/v2\/posts\/383931","targetHints":{"allow":["GET"]}}],"collection":[{"href":"https:\/\/www.europesays.com\/fr\/wp-json\/wp\/v2\/posts"}],"about":[{"href":"https:\/\/www.europesays.com\/fr\/wp-json\/wp\/v2\/types\/post"}],"author":[{"embeddable":true,"href":"https:\/\/www.europesays.com\/fr\/wp-json\/wp\/v2\/users\/2"}],"replies":[{"embeddable":true,"href":"https:\/\/www.europesays.com\/fr\/wp-json\/wp\/v2\/comments?post=383931"}],"version-history":[{"count":0,"href":"https:\/\/www.europesays.com\/fr\/wp-json\/wp\/v2\/posts\/383931\/revisions"}],"wp:featuredmedia":[{"embeddable":true,"href":"https:\/\/www.europesays.com\/fr\/wp-json\/wp\/v2\/media\/1445"}],"wp:attachment":[{"href":"https:\/\/www.europesays.com\/fr\/wp-json\/wp\/v2\/media?parent=383931"}],"wp:term":[{"taxonomy":"category","embeddable":true,"href":"https:\/\/www.europesays.com\/fr\/wp-json\/wp\/v2\/categories?post=383931"},{"taxonomy":"post_tag","embeddable":true,"href":"https:\/\/www.europesays.com\/fr\/wp-json\/wp\/v2\/tags?post=383931"}],"curies":[{"name":"wp","href":"https:\/\/api.w.org\/{rel}","templated":true}]}}