{"id":383936,"date":"2025-09-11T23:31:13","date_gmt":"2025-09-11T23:31:13","guid":{"rendered":"https:\/\/www.europesays.com\/fr\/383936\/"},"modified":"2025-09-11T23:31:13","modified_gmt":"2025-09-11T23:31:13","slug":"florent-manaudou-lola-dumenil-confirme-que-cest-termine-avec-le-nageur-et-cela-depuis-un-bon-moment-deja","status":"publish","type":"post","link":"https:\/\/www.europesays.com\/fr\/383936\/","title":{"rendered":"Florent Manaudou : Lola Dumenil confirme que c&rsquo;est \u00ab\u00a0termin\u00e9\u00a0\u00bb avec le nageur, et cela depuis un bon moment d\u00e9j\u00e0"},"content":{"rendered":"<p>            <img loading=\"lazy\" decoding=\"async\" src=\"https:\/\/www.europesays.com\/fr\/wp-content\/uploads\/2025\/04\/121-62909a850c1a7-35x35-1.jpg\" class=\"author-article-picture\" width=\"35\" height=\"35\"\/><\/p>\n<p>                Par<br \/>\n                                    <a class=\"author-article-bio-link\" href=\"https:\/\/www.purepeople.com\/auteur\/bertrand-bielle_a121\" rel=\"nofollow noopener\" target=\"_blank\">Bertrand Bielle<\/a><br \/>\n                                                    | Journaliste<\/p>\n<p>\n                Curieux de nature, Bertrand est toujours \u00e0 l\u2019affut du moindre petit scoop. Passionn\u00e9 par le football, il n\u2019est jamais bien loin du ballon rond et de toutes les actualit\u00e9s qui en d\u00e9coulent. Toutefois, l\u2019\u00e9v\u00e8nementiel du showbiz ou de la politique fait \u00e9galement partie de ses recherches journalistiques privil\u00e9gi\u00e9es.\n            <\/p>\n<p>\n    Apr\u00e8s des mois de silence et de rumeurs, Lola Dumenil a d\u00e9cid\u00e9 de prendre la parole. Dans une vid\u00e9o publi\u00e9e sur TikTok, la jeune femme confirme sa rupture avec Florent Manaudou, mettant ainsi fin aux sp\u00e9culations sur leur relation.\n<\/p>\n<p>                                                        <img decoding=\"async\" class=\"player-thumbnail\" src=\"https:\/\/www.europesays.com\/fr\/wp-content\/uploads\/2025\/09\/8ab7b59bde761413-580x326-1.jpg\" width=\"580\" height=\"326\" loading=\"lazy\"\/><\/p>\n<p>                    Florent Manaudou : Lola Dumenil confirme que c&rsquo;est \u00ab\u00a0termin\u00e9\u00a0\u00bb avec le nageur, et cela depuis un bon moment d\u00e9j\u00e0<\/p>\n<p>La suite apr\u00e8s la publicit\u00e9<\/p>\n<p>Dans une vid\u00e9o post\u00e9e ce mercredi 10 septembre 2025 sur son compte TikTok, o\u00f9 est elle suivie par presque 100 000 personnes, Lola Dumenil confirme pour la premi\u00e8re fois <a href=\"https:\/\/www.purepeople.com\/article\/florent-manaudou-est-il-separe-de-lola-la-jeune-femme-questionnee-sur-le-sujet-au-milieu-de-plein-de-compliments_a535706\/1\" rel=\"nofollow noopener\" target=\"_blank\">sa rupture avec Florent Manaudou.<\/a><\/p>\n<p>\u00ab\u00a0<strong>Non, je ne suis plus avec Flo, depuis la premi\u00e8re ou la deuxi\u00e8me semaine de f\u00e9vrier<\/strong><strong>.<\/strong>\u00ab\u00a0, a d\u00e9clar\u00e9 la jeune femme de 24 ans. Et d&rsquo;ajouter : \u00ab\u00a0Vous n&rsquo;aurez pas plus de d\u00e9tails \u00e0 ce sujet parce qu&rsquo;il n&rsquo;y a pas de d\u00e9tail \u00e0 donner, \u00e7a reste de l&rsquo;ordre du priv\u00e9.\u00a0\u00bb Lola Dumenil a toutefois pr\u00e9cis\u00e9 qu&rsquo;elle ne retient que le positif de cette histoire: \u00ab\u00a0Nous avons partag\u00e9 des choses exceptionnelles. Aujourd&rsquo;hui c&rsquo;est termin\u00e9, ce n\u2019est absolument pas grave. Nous ne sommes pas faits pour \u00eatre en couple avec tout le monde toute notre vie (&#8230;). J&rsquo;ai encore le temps d&rsquo;aimer mille fois.\u00a0\u00bb<\/p>\n<p>Pour rappel, leur rencontre s&rsquo;\u00e9tait faite via les r\u00e9seaux sociaux. C&rsquo;est ce que racontait en septembre\u00a02024 Florent Manaudou \u00e0 nos confr\u00e8res de <strong>T\u00e9l\u00e9 Loisirs<\/strong> : \u00ab\u00a0J\u2019\u00e9tais \u00e0 Paris, et puis je ne sais pas, j\u2019ai mis en story Instagram un po\u00e8me, et elle m\u2019a r\u00e9pondu un truc dr\u00f4le, et on a commenc\u00e9 \u00e0 parler. Quand on raconte l\u2019histoire, les gens ne nous croient pas. Ils disent\u00a0: &lsquo;Florent, il a une notori\u00e9t\u00e9, il ne lit pas ses messages.&rsquo; Oui, pas tous, mais l\u00e0 j\u2019ai lu et \u00e7a m\u2019a fait rire. On est des \u00eatres humains normaux, il n\u2019y a pas de diff\u00e9rence, \u00e0 part que l\u2019on passe plus souvent \u00e0 la t\u00e9l\u00e9. J\u2019ai une vie totalement normale.\u00a0\u00bb<\/p>\n<p>Lola Dumenil en couple avec Michou ? Elle met les choses au clair<\/p>\n<p>L&rsquo;\u00e9tudiante en commerce affirme que c&rsquo;\u00e9tait \u00ab\u00a0une tr\u00e8s belle relation\u00a0\u00bb. En ce qui concerne<a href=\"https:\/\/www.purepeople.com\/article\/michou-en-couple-avec-lex-de-florent-manaudou-lola-dumenil-on-sest-pas-mal-rapproches-a-ce-moment-la_a542379\/1\" rel=\"nofollow noopener\" target=\"_blank\"> la nature de celle qu&rsquo;elle entretient avec le youtubeur Michou<\/a>, qui lui s&rsquo;est s\u00e9par\u00e9 au m\u00eame moment <a href=\"https:\/\/www.purepeople.com\/article\/michou-prend-une-decision-tres-reflechie-apres-sa-rupture-avec-elsa-bois_a542306\/1\" rel=\"nofollow noopener\" target=\"_blank\">d&rsquo;Elsa Bois<\/a>, la partenaire de Florent Manaudou dans <a href=\"https:\/\/www.purepeople.com\/article\/florent-manaudou-et-elsa-bois-reunis-des-semaines-apres-la-fin-de-danse-avec-les-stars-retrouvailles-dans-un-lieu-etonnant-pour-le-nageur_a538257\/1\" rel=\"nofollow noopener\" target=\"_blank\">Danse avec les stars<\/a>, elle indique ceci : \u00ab\u00a0C&rsquo;\u00e9tait la seule personne \u00e0 pouvoir vraiment comprendre ce que c&rsquo;\u00e9tait donc on s&rsquo;est pas mal rapproch\u00e9s, c&rsquo;est une personne avec qui je m&rsquo;entends extr\u00eamement bien.\u00a0\u00bb Cependant, \u00ab\u00a0il ne s&rsquo;est absolument rien pass\u00e9\u00a0\u00bb entre eux, contrairement aux rumeurs. \u00ab\u00a0C&rsquo;est une personne que j&rsquo;appr\u00e9cie, je serai contente de le recroiser, y&rsquo;a aucun probl\u00e8me. On s&rsquo;envoie des messages de temps en temps mais \u00e7a en reste l\u00e0.\u00a0\u00bb<\/p>\n<p>Une vid\u00e9o n\u00e9cessaire pour tout mettre au clair, et qui a d\u00e9j\u00e0 \u00e9t\u00e9 visionn\u00e9e par plus d&rsquo;un million de personnes.<\/p>\n","protected":false},"excerpt":{"rendered":"Par Bertrand Bielle | Journaliste Curieux de nature, Bertrand est toujours \u00e0 l\u2019affut du moindre petit scoop. Passionn\u00e9&hellip;\n","protected":false},"author":2,"featured_media":383937,"comment_status":"","ping_status":"","sticky":false,"template":"","format":"standard","meta":{"footnotes":""},"categories":[1359],"tags":[58,59,1011,27,973],"class_list":{"0":"post-383936","1":"post","2":"type-post","3":"status-publish","4":"format-standard","5":"has-post-thumbnail","7":"category-people","8":"tag-divertissement","9":"tag-entertainment","10":"tag-fr","11":"tag-france","12":"tag-people"},"share_on_mastodon":{"url":"https:\/\/pubeurope.com\/@fr\/115188274630394267","error":""},"_links":{"self":[{"href":"https:\/\/www.europesays.com\/fr\/wp-json\/wp\/v2\/posts\/383936","targetHints":{"allow":["GET"]}}],"collection":[{"href":"https:\/\/www.europesays.com\/fr\/wp-json\/wp\/v2\/posts"}],"about":[{"href":"https:\/\/www.europesays.com\/fr\/wp-json\/wp\/v2\/types\/post"}],"author":[{"embeddable":true,"href":"https:\/\/www.europesays.com\/fr\/wp-json\/wp\/v2\/users\/2"}],"replies":[{"embeddable":true,"href":"https:\/\/www.europesays.com\/fr\/wp-json\/wp\/v2\/comments?post=383936"}],"version-history":[{"count":0,"href":"https:\/\/www.europesays.com\/fr\/wp-json\/wp\/v2\/posts\/383936\/revisions"}],"wp:featuredmedia":[{"embeddable":true,"href":"https:\/\/www.europesays.com\/fr\/wp-json\/wp\/v2\/media\/383937"}],"wp:attachment":[{"href":"https:\/\/www.europesays.com\/fr\/wp-json\/wp\/v2\/media?parent=383936"}],"wp:term":[{"taxonomy":"category","embeddable":true,"href":"https:\/\/www.europesays.com\/fr\/wp-json\/wp\/v2\/categories?post=383936"},{"taxonomy":"post_tag","embeddable":true,"href":"https:\/\/www.europesays.com\/fr\/wp-json\/wp\/v2\/tags?post=383936"}],"curies":[{"name":"wp","href":"https:\/\/api.w.org\/{rel}","templated":true}]}}