{"id":383938,"date":"2025-09-11T23:32:14","date_gmt":"2025-09-11T23:32:14","guid":{"rendered":"https:\/\/www.europesays.com\/fr\/383938\/"},"modified":"2025-09-11T23:32:14","modified_gmt":"2025-09-11T23:32:14","slug":"agde-magnifiee-sous-lobjectif-du-photographe-norbert-gimeno","status":"publish","type":"post","link":"https:\/\/www.europesays.com\/fr\/383938\/","title":{"rendered":"Agde magnifi\u00e9e sous l&rsquo;objectif du photographe Norbert Gimeno"},"content":{"rendered":"<p>\n                                                                L\u2019ouvrage \u201cInstants Agde\u201d est une v\u00e9ritable d\u00e9claration d\u2019amour \u00e0 la cit\u00e9.\u00a0\n                            <\/p>\n<p>Depuis sa tendre enfance, Norbert Gimeno trimballe la passion des cartes postales et, par d\u00e9clinaison, de la photographie. Passion longtemps inassouvie \u2013 \u00ab\u00a0l\u2019argentique co\u00fbtait cher et laissait peu le droit \u00e0 l\u2019erreur\u00a0\u00bb, reconna\u00eet-il \u2013, mais que l\u2019av\u00e8nement du num\u00e9rique lui a permis d\u2019embrasser enfin.<\/p>\n<p>Des pelouses aux paysages littoraux<\/p>\n<p>L\u2019ancien rugbyman a d\u2019abord arpent\u00e9 les pelouses et mis sa connaissance du jeu au service du Rugby olympique agathois, avec des clich\u00e9s qui ont tr\u00e8s souvent illustr\u00e9 les colonnes de Midi Libre. Le rugby, les joutes aussi, puis des instantan\u00e9s de la ville d\u2019Agde, de son littoral, des paysages. Une d\u00e9marche plus artistique, soign\u00e9e. Un \u00e9loge du temps long qui a finalement abouti \u00e0 la parution d\u2019un ouvrage tir\u00e9 (pour le moment) \u00e0 150 exemplaires\u2005: Instants Agde. \u00ab\u00a0C\u2019est une s\u00e9lection de clich\u00e9s de la c\u00f4te agathoise, de la Tamarissi\u00e8re au Cap, mais \u00e9galement d\u2019Agde\u00a0\u00bb, pr\u00e9cise celui qui avoue \u00ab\u00a0avoir eu du mal \u00e0 s\u00e9lectionner les photos.Forc\u00e9ment, vous n\u2019\u00eates pas objectif. Ma compagne m\u2019a beaucoup aid\u00e9 sur ce point.\u00a0\u00bb<\/p>\n<p>Le r\u00e9sultat est \u00e0 la hauteur. Et illustre la progression d\u2019un photographe dont le travail est une v\u00e9ritable d\u00e9claration d\u2019amour \u00e0 la commune qui l\u2019a vu d\u00e9barquer \u00e0 l\u2019\u00e2ge de 6 ans, depuis les Vosges. Un hommage qui a aussi beaucoup plu \u00e0 Corinne Calmels, la libraire de La Promenade au Phare, rue Brescou, qui a mis le livre en vente. On peut aussi le trouver \u00e0 Hyper U et Intermarch\u00e9.<\/p>\n","protected":false},"excerpt":{"rendered":"L\u2019ouvrage \u201cInstants Agde\u201d est une v\u00e9ritable d\u00e9claration d\u2019amour \u00e0 la cit\u00e9.\u00a0 Depuis sa tendre enfance, Norbert Gimeno trimballe&hellip;\n","protected":false},"author":2,"featured_media":383939,"comment_status":"","ping_status":"","sticky":false,"template":"","format":"standard","meta":{"footnotes":""},"categories":[1358],"tags":[1348,1384,1385,1386,58,59,1011,27],"class_list":{"0":"post-383938","1":"post","2":"type-post","3":"status-publish","4":"format-standard","5":"has-post-thumbnail","7":"category-arts-et-design","8":"tag-arts","9":"tag-arts-and-design","10":"tag-arts-et-design","11":"tag-design","12":"tag-divertissement","13":"tag-entertainment","14":"tag-fr","15":"tag-france"},"share_on_mastodon":{"url":"https:\/\/pubeurope.com\/@fr\/115188278415292348","error":""},"_links":{"self":[{"href":"https:\/\/www.europesays.com\/fr\/wp-json\/wp\/v2\/posts\/383938","targetHints":{"allow":["GET"]}}],"collection":[{"href":"https:\/\/www.europesays.com\/fr\/wp-json\/wp\/v2\/posts"}],"about":[{"href":"https:\/\/www.europesays.com\/fr\/wp-json\/wp\/v2\/types\/post"}],"author":[{"embeddable":true,"href":"https:\/\/www.europesays.com\/fr\/wp-json\/wp\/v2\/users\/2"}],"replies":[{"embeddable":true,"href":"https:\/\/www.europesays.com\/fr\/wp-json\/wp\/v2\/comments?post=383938"}],"version-history":[{"count":0,"href":"https:\/\/www.europesays.com\/fr\/wp-json\/wp\/v2\/posts\/383938\/revisions"}],"wp:featuredmedia":[{"embeddable":true,"href":"https:\/\/www.europesays.com\/fr\/wp-json\/wp\/v2\/media\/383939"}],"wp:attachment":[{"href":"https:\/\/www.europesays.com\/fr\/wp-json\/wp\/v2\/media?parent=383938"}],"wp:term":[{"taxonomy":"category","embeddable":true,"href":"https:\/\/www.europesays.com\/fr\/wp-json\/wp\/v2\/categories?post=383938"},{"taxonomy":"post_tag","embeddable":true,"href":"https:\/\/www.europesays.com\/fr\/wp-json\/wp\/v2\/tags?post=383938"}],"curies":[{"name":"wp","href":"https:\/\/api.w.org\/{rel}","templated":true}]}}