{"id":383942,"date":"2025-09-11T23:34:16","date_gmt":"2025-09-11T23:34:16","guid":{"rendered":"https:\/\/www.europesays.com\/fr\/383942\/"},"modified":"2025-09-11T23:34:16","modified_gmt":"2025-09-11T23:34:16","slug":"matthieu-delormeau-enfin-dans-lemission-la-reaction-de-raymond-et-gilles-verdez-est-sans-appel","status":"publish","type":"post","link":"https:\/\/www.europesays.com\/fr\/383942\/","title":{"rendered":"Matthieu Delormeau enfin dans l&rsquo;\u00e9mission, la r\u00e9action de Raymond et Gilles Verdez est sans appel"},"content":{"rendered":"<p>Le monde de la t\u00e9l\u00e9vision raffole des <strong>retours<br \/>\nm\u00e9diatiques<\/strong>, souvent synonymes de <strong>succ\u00e8s<br \/>\nd\u00a0\u00bbaudience<\/strong>. Chaque r\u00e9apparition est minutieusement scrut\u00e9e<br \/>\npar le public et les critiques les plus aguerris. Celles-ci<br \/>\ndeviennent des \u00e9v\u00e9nements attendus, promettant r\u00e9v\u00e9lations et<br \/>\nmoments de pure \u00e9motion.<\/p>\n<p>Le come-back de <strong>Matthieu Delormeau<\/strong> s&rsquo;inscrit<br \/>\nparfaitement dans cette tradition t\u00e9l\u00e9visuelle. Apr\u00e8s une longue<br \/>\nabsence, son retour \u00e9tait l&rsquo;un des plus comment\u00e9s de la rentr\u00e9e. Ce<br \/>\nretour a raviv\u00e9 d&rsquo;anciennes tensions et cr\u00e9\u00e9 de nouvelles<br \/>\ncontroverses inattendues.<\/p>\n<p>Le retour de Matthieu Delormeau, un malaise palpable<\/p>\n<p>Il y a quelques jours, le <strong>retour de Matthieu<br \/>\nDelormeau<\/strong> a <a href=\"https:\/\/www.melty.fr\/people\/matthieu-delormeau-de-retour-avec-cyril-hanouna-la-reaction-de-raymond-fait-reagir-de-plus-en-plus-odieux-2260544.html\" rel=\"nofollow noopener\" target=\"_blank\"><br \/>\nboulevers\u00e9 les t\u00e9l\u00e9spectateurs<\/a>. Son t\u00e9moignage poignant a<br \/>\nr\u00e9v\u00e9l\u00e9 une facette intime et tr\u00e8s vuln\u00e9rable de sa personnalit\u00e9. En<br \/>\nparall\u00e8le, l&rsquo;attitude de <strong>Raymond Aabou<\/strong> a \u00e9t\u00e9<br \/>\nvivement critiqu\u00e9e sur les r\u00e9seaux sociaux. Le journaliste Cl\u00e9ment<br \/>\nGarin a d&rsquo;ailleurs soulign\u00e9 ce comportement sur le r\u00e9seau social X.<br \/>\nIl a d\u00e9clar\u00e9 : \u00ab\u00a0Depuis le d\u00e9but de la s\u00e9quence, Raymond Aabou<br \/>\nne regarde pas Matthieu\u00a0\u00bb. Cette froideur a \u00e9t\u00e9 per\u00e7ue comme un<br \/>\nmanque de respect par de nombreux internautes.<\/p>\n<p>Cette prise de parole est rapidement devenue un symbole de<br \/>\nr\u00e9silience pour <strong>Matthieu Delormeau<\/strong>. Une internaute<br \/>\na ainsi \u00e9crit : \u00ab\u00a0Bravo \u00e0 Mathieu, de s\u2019\u00eatre d\u00e9voil\u00e9,<br \/>\nautant\u00a0\u00bb. Elle a ensuite fustig\u00e9 le<br \/>\n<strong>chroniqueur<\/strong>, jugeant \u00ab\u00a0la t\u00eate de con de<br \/>\nRaymond devant Delormeau\u00a0\u00bb. Le principal int\u00e9ress\u00e9 a d\u00e9sormais<br \/>\npour objectif d&rsquo;alerter le public sur certains dangers. Cette<br \/>\npremi\u00e8re confrontation n&rsquo;\u00e9tait que le pr\u00e9lude \u00e0 une autre, bien<br \/>\nplus virulente.<\/p>\n<p>Accusations d&rsquo;homophobie, Matthieu Delormeau cible Gilles<br \/>\nVerdez<\/p>\n<p>Il y a peu, <strong>Matthieu Delormeau<\/strong> a de nouveau<br \/>\nfait parler de lui sur les r\u00e9seaux. Dans une s\u00e9rie de messages<br \/>\npubli\u00e9s puis supprim\u00e9s, il a remerci\u00e9 chaleureusement l&rsquo;\u00e9quipe. Il<br \/>\na cependant violemment pris \u00e0 partie l&rsquo;un de ses anciens coll\u00e8gues<br \/>\n<strong>chroniqueurs<\/strong>. L&rsquo;animateur a \u00e9crit : \u00ab\u00a0Merci aux<br \/>\nchroniqueurs [&#8230;] sauf Gilles Verdez qui a refus\u00e9 de me<br \/>\nsaluer\u00a0\u00bb. Il a ensuite ajout\u00e9 que ce dernier \u00ab\u00a0a reconnu son<br \/>\nhomophobie\u00a0\u00bb. Une <strong>accusation d&rsquo;une extr\u00eame<br \/>\ngravit\u00e9<\/strong> qui a imm\u00e9diatement enflamm\u00e9 la toile.<\/p>\n<p>L&rsquo;ancien pr\u00e9sentateur ne s&rsquo;est pas arr\u00eat\u00e9 \u00e0 cette premi\u00e8re<br \/>\nd\u00e9claration pour le moins fracassante. Il a promis que \u00ab\u00a0les<br \/>\nv\u00e9rit\u00e9s vont \u00eatre dites\u00a0\u00bb, assumant ses propres erreurs<br \/>\npass\u00e9es. Concernant <strong>Gilles Verdez<\/strong>,<br \/>\n<strong>Matthieu Delormeau<\/strong> a enfonc\u00e9 le clou avec une<br \/>\nphrase choc. \u00ab\u00a0Il est homophobe et antis\u00e9mite, qu\u2019il m\u2019attaque<br \/>\npour diffamation\u00a0\u00bb, a-t-il lanc\u00e9. Ces d\u00e9clarations explosives<br \/>\nont in\u00e9vitablement eu des cons\u00e9quences quasi imm\u00e9diates sur sa<br \/>\npr\u00e9sence.<\/p>\n<p>Cette r\u00e9action sans appel de Gilles<br \/>\nVerdez et Raymond Abbou<\/p>\n<p>D\u00e8s le lendemain, <strong>Matthieu Delormeau<\/strong> <a href=\"https:\/\/www.melty.fr\/tele\/tbt9-matthieu-delormeau-deja-evince-apres-son-tweet-polemique-sur-gilles-verdez-son-absence-fait-parler-2261223.html\" rel=\"nofollow noopener\" target=\"_blank\"><br \/>\n\u00e9tait le grand absent de l&rsquo;\u00e9mission TBT9<\/a>. <strong>Cyril<br \/>\nHanouna<\/strong> a justifi\u00e9 cette d\u00e9fection en direct, expliquant<br \/>\nsobrement aux t\u00e9l\u00e9spectateurs : \u00ab\u00a0Il ne se sent pas de venir ce<br \/>\nsoir\u00a0\u00bb. Cette explication n&rsquo;a toutefois pas convaincu le<br \/>\npublic, qui a fait part de ses doutes. Un internaute a d&rsquo;ailleurs<br \/>\ncomment\u00e9 avec une certaine lucidit\u00e9 : \u00ab\u00a0Avec le tweet de<br \/>\nvendredi, il n\u2019est pas pr\u00e8s de revenir\u00a0\u00bb. Le myst\u00e8re autour de<br \/>\nsa pr\u00e9sence s&rsquo;est donc \u00e9paissi.<\/p>\n<blockquote class=\"twitter-tweet\"><p><a class=\"twitter-link\" rel=\"noindex, nofollow noopener\" href=\"https:\/\/twitter.com\/_Emy_0208\/status\/1966190293117730850\" target=\"_blank\"><\/p><\/blockquote>\n<p>Cette ambiance tendue vire donc \u00e0 l&rsquo;imbroglio le plus total pour<br \/>\n<strong>Matthieu Delormeau<\/strong>. Officiellement, l&rsquo;animateur<br \/>\nstar de W9 assure vouloir lui laisser une place dans l&rsquo;\u00e9quipe.<br \/>\nOfficieusement, son tweet pol\u00e9mique pourrait bien avoir scell\u00e9 son<br \/>\nsort au sein de l&rsquo;\u00e9mission. L&rsquo;animosit\u00e9 entre les trois hommes<br \/>\nsemble plus forte que jamais. Seuls <strong>Gilles Verdez<\/strong><br \/>\net <strong>Raymond Aabou<\/strong> n&rsquo;ont pas applaudi son entr\u00e9e sur<br \/>\nle plateau.<\/p>\n<p><script async src=\"https:\/\/platform.twitter.com\/widgets.js\" charset=\"utf-8\"><\/script><\/p>\n","protected":false},"excerpt":{"rendered":"Le monde de la t\u00e9l\u00e9vision raffole des retours m\u00e9diatiques, souvent synonymes de succ\u00e8s d\u00a0\u00bbaudience. Chaque r\u00e9apparition est minutieusement&hellip;\n","protected":false},"author":2,"featured_media":383943,"comment_status":"","ping_status":"","sticky":false,"template":"","format":"standard","meta":{"footnotes":""},"categories":[1356],"tags":[58,59,1011,27,252,1364],"class_list":{"0":"post-383942","1":"post","2":"type-post","3":"status-publish","4":"format-standard","5":"has-post-thumbnail","7":"category-television","8":"tag-divertissement","9":"tag-entertainment","10":"tag-fr","11":"tag-france","12":"tag-television","13":"tag-tv"},"share_on_mastodon":{"url":"https:\/\/pubeurope.com\/@fr\/115188286345729671","error":""},"_links":{"self":[{"href":"https:\/\/www.europesays.com\/fr\/wp-json\/wp\/v2\/posts\/383942","targetHints":{"allow":["GET"]}}],"collection":[{"href":"https:\/\/www.europesays.com\/fr\/wp-json\/wp\/v2\/posts"}],"about":[{"href":"https:\/\/www.europesays.com\/fr\/wp-json\/wp\/v2\/types\/post"}],"author":[{"embeddable":true,"href":"https:\/\/www.europesays.com\/fr\/wp-json\/wp\/v2\/users\/2"}],"replies":[{"embeddable":true,"href":"https:\/\/www.europesays.com\/fr\/wp-json\/wp\/v2\/comments?post=383942"}],"version-history":[{"count":0,"href":"https:\/\/www.europesays.com\/fr\/wp-json\/wp\/v2\/posts\/383942\/revisions"}],"wp:featuredmedia":[{"embeddable":true,"href":"https:\/\/www.europesays.com\/fr\/wp-json\/wp\/v2\/media\/383943"}],"wp:attachment":[{"href":"https:\/\/www.europesays.com\/fr\/wp-json\/wp\/v2\/media?parent=383942"}],"wp:term":[{"taxonomy":"category","embeddable":true,"href":"https:\/\/www.europesays.com\/fr\/wp-json\/wp\/v2\/categories?post=383942"},{"taxonomy":"post_tag","embeddable":true,"href":"https:\/\/www.europesays.com\/fr\/wp-json\/wp\/v2\/tags?post=383942"}],"curies":[{"name":"wp","href":"https:\/\/api.w.org\/{rel}","templated":true}]}}