{"id":383944,"date":"2025-09-11T23:35:23","date_gmt":"2025-09-11T23:35:23","guid":{"rendered":"https:\/\/www.europesays.com\/fr\/383944\/"},"modified":"2025-09-11T23:35:23","modified_gmt":"2025-09-11T23:35:23","slug":"le-britannique-ed-sheeran-sort-un-huitieme-album-play-actualites","status":"publish","type":"post","link":"https:\/\/www.europesays.com\/fr\/383944\/","title":{"rendered":"Le Britannique Ed Sheeran sort un huiti\u00e8me album, \u00ab\u00a0Play\u00a0\u00bb : Actualit\u00e9s"},"content":{"rendered":"<p class=\"lead \">La star de la pop britannique Ed Sheeran, qui d\u00e9marre en d\u00e9cembre en Europe une tourn\u00e9e mondiale, sort vendredi un nouvel album, \u00ab\u00a0Play\u00a0\u00bb. <\/p>\n<p class=\"lead \">Il s&rsquo;agit du huiti\u00e8me album studio de l&rsquo;artiste de 34 ans, qui connait un immense succ\u00e8s depuis une dizaine d&rsquo;ann\u00e9es au Royaume-Uni et \u00e0 travers le monde. <\/p>\n<p class=\"lead \">L&rsquo;album, \u00e0 la pochette rose, contient notamment les titres \u00ab\u00a0Sapphire\u00a0\u00bb, \u00ab\u00a0Azizam\u00a0\u00bb et \u00ab\u00a0A little more\u00a0\u00bb. <\/p>\n<p class=\"lead \">Son dernier disque, \u00ab\u00a0Autumn Variations\u00a0\u00bb, remonte \u00e0 2023. <\/p>\n<p class=\"lead \">Avec ses titres empruntant au folk, hip hop, pop, dance, soul et rock, il est le 6e artiste le plus stream\u00e9 sur Spotify. Son titre \u00ab\u00a0Shape of you\u00a0\u00bb, sorti en 2017, compte parmi les titres les plus \u00e9cout\u00e9s dans le monde, selon cette plateforme.<\/p>\n<p class=\"lead \">L&rsquo;artiste, qui a grandi dans l&rsquo;est de l&rsquo;Angleterre, a r\u00e9v\u00e9l\u00e9 cette semaine qu&rsquo;il s&rsquo;appr\u00eatait \u00e0 aller vivre temporairement aux Etats-Unis.<\/p>\n<p class=\"lead \">\u00ab\u00a0J&rsquo;ai l&rsquo;impression d&rsquo;\u00eatre la seule personne \u00e0 d\u00e9m\u00e9nager aux \u00c9tats-Unis\u00a0\u00bb, a-t-il plaisant\u00e9, interview\u00e9 pour le podcast The 2 Johnnies.<\/p>\n<p class=\"lead \">\u00ab\u00a0Je pars en tourn\u00e9e l\u00e0-bas pour un moment. J&rsquo;ai une famille, je ne peux pas faire des allers-retours\u00a0\u00bb, a expliqu\u00e9 Ed Sheeran.<\/p>\n<p class=\"lead \">\u00ab\u00a0Je ne veux bien s\u00fbr pas faire la navette entre Londres et San Diego\u00a0\u00bb en Californie, a-t-il aussi \u00e9crit sur Instagram.<\/p>\n<p class=\"lead \">Il a d\u00e9menti qu&rsquo;il \u00e9tait motiv\u00e9 par des raisons fiscales. \u00ab\u00a0Je continuerai de payer mes imp\u00f4ts au Royaume-Uni, car c&rsquo;est l\u00e0 que je vis\u00a0\u00bb, a \u00e9crit l&rsquo;artiste. <\/p>\n<p class=\"lead \">Sa tourn\u00e9 d\u00e9marrera \u00e0 Paris le 1er d\u00e9cembre, puis se poursuivra en Allemagne, au Royaume-Uni et en Irlande. Il se produira d\u00e9but 2026 en Nouvelle-Z\u00e9lande puis en Australie. Les dates de sa tourn\u00e9e am\u00e9ricaine n&rsquo;ont pas encore \u00e9t\u00e9 annonc\u00e9es.<\/p>\n<p class=\"small font-weight-bold text-gray3 \"> publi\u00e9 le 11 septembre \u00e0 16h55, AFP<\/p>\n<p>                             Partager<\/p>\n","protected":false},"excerpt":{"rendered":"La star de la pop britannique Ed Sheeran, qui d\u00e9marre en d\u00e9cembre en Europe une tourn\u00e9e mondiale, sort&hellip;\n","protected":false},"author":2,"featured_media":383945,"comment_status":"","ping_status":"","sticky":false,"template":"","format":"standard","meta":{"footnotes":""},"categories":[1355],"tags":[1971,58,59,1011,27,6228,1361,873,308],"class_list":{"0":"post-383944","1":"post","2":"type-post","3":"status-publish","4":"format-standard","5":"has-post-thumbnail","7":"category-musique","8":"tag-clbrits","9":"tag-divertissement","10":"tag-entertainment","11":"tag-fr","12":"tag-france","13":"tag-gb","14":"tag-music","15":"tag-musique","16":"tag-usa"},"share_on_mastodon":{"url":"https:\/\/pubeurope.com\/@fr\/115188290275881708","error":""},"_links":{"self":[{"href":"https:\/\/www.europesays.com\/fr\/wp-json\/wp\/v2\/posts\/383944","targetHints":{"allow":["GET"]}}],"collection":[{"href":"https:\/\/www.europesays.com\/fr\/wp-json\/wp\/v2\/posts"}],"about":[{"href":"https:\/\/www.europesays.com\/fr\/wp-json\/wp\/v2\/types\/post"}],"author":[{"embeddable":true,"href":"https:\/\/www.europesays.com\/fr\/wp-json\/wp\/v2\/users\/2"}],"replies":[{"embeddable":true,"href":"https:\/\/www.europesays.com\/fr\/wp-json\/wp\/v2\/comments?post=383944"}],"version-history":[{"count":0,"href":"https:\/\/www.europesays.com\/fr\/wp-json\/wp\/v2\/posts\/383944\/revisions"}],"wp:featuredmedia":[{"embeddable":true,"href":"https:\/\/www.europesays.com\/fr\/wp-json\/wp\/v2\/media\/383945"}],"wp:attachment":[{"href":"https:\/\/www.europesays.com\/fr\/wp-json\/wp\/v2\/media?parent=383944"}],"wp:term":[{"taxonomy":"category","embeddable":true,"href":"https:\/\/www.europesays.com\/fr\/wp-json\/wp\/v2\/categories?post=383944"},{"taxonomy":"post_tag","embeddable":true,"href":"https:\/\/www.europesays.com\/fr\/wp-json\/wp\/v2\/tags?post=383944"}],"curies":[{"name":"wp","href":"https:\/\/api.w.org\/{rel}","templated":true}]}}