{"id":383946,"date":"2025-09-11T23:36:26","date_gmt":"2025-09-11T23:36:26","guid":{"rendered":"https:\/\/www.europesays.com\/fr\/383946\/"},"modified":"2025-09-11T23:36:26","modified_gmt":"2025-09-11T23:36:26","slug":"les-gardiens-du-temps-dans-les-causses-du-lot","status":"publish","type":"post","link":"https:\/\/www.europesays.com\/fr\/383946\/","title":{"rendered":"les gardiens du temps dans les causses du Lot"},"content":{"rendered":"<p>            lire plus tard<\/p>\n<p id=\"dialog__title\" class=\"dialog__title\">Pour sauvegarder cet article, connectez-vous ou cr\u00e9ez un compte franceinfo<\/p>\n<p class=\"dialog__description\">Sans paiement. Sans abonnement.<\/p>\n<p>        Fermer la fen\u00eatre d\u2019activation des notifications France Info<\/p>\n<p>            cr\u00e9er votre compte<\/p>\n<p>            se connecter<\/p>\n<p>        Fermer la fen\u00eatre de pr\u00e9sentation<\/p>\n<p>    Publi\u00e9 le 11\/09\/2025 17:31<\/p>\n<p>      Mis \u00e0 jour le 11\/09\/2025 18:07<\/p>\n<p>        Temps de lecture : 4min &#8211; vid\u00e9o : 5min<\/p>\n<p>    <img decoding=\"async\" class=\"francetv-player-wrapper__image\" alt=\"Pech Merle : Les gardiens du temps dans les causses du Lot\"  width=\"432\" height=\"243\" src=\"https:\/\/www.europesays.com\/fr\/wp-content\/uploads\/2025\/09\/hhth-68c2eb246d757863452960.png\" fetchpriority=\"high\"\/><\/p>\n<p>              Pech Merle : Les gardiens du temps dans les causses du Lot<br \/>\n                    (France 2)<\/p>\n<p>      5min<\/p>\n<p>\n  Dans les causses du Lot, la grotte du Pech Merle r\u00e9v\u00e8le 30 000 ans d&rsquo;histoire. Entre peintures pr\u00e9historiques intactes et empreintes anciennes, Maryse David et Bertrand Defois nous plongent dans un lieu secret, t\u00e9moin des premiers artistes de l&rsquo;humanit\u00e9.\n<\/p>\n<p><strong>Ce texte correspond \u00e0 une partie de la transcription du reportage ci-dessus. Cliquez sur la vid\u00e9o pour la regarder en int\u00e9gralit\u00e9.<\/strong><\/p>\n<p>Les causses calcaires du Lot sont les gardiens de bien des m\u00e9moires. M\u00e9moire de la terre, fa\u00e7onn\u00e9e par l&rsquo;eau depuis des millions d&rsquo;ann\u00e9es. M\u00e9moire des humains. Ici-bas, la grotte du <a href=\"https:\/\/france3-regions.franceinfo.fr\/occitanie\/lot\/cahors\/decouverte-saint-cirq-lapopie-pech-merle-figeac-histoire-de-langage-et-d-ecriture-sur-les-traces-de-lieux-et-personnages-illustres-3005408.html\" data-tooltip-url=\"https:\/\/france3-regions.franceinfo.fr\/occitanie\/lot\/cahors\/decouverte-saint-cirq-lapopie-pech-merle-figeac-histoire-de-langage-et-d-ecriture-sur-les-traces-de-lieux-et-personnages-illustres-3005408.html\" rel=\"nofollow noopener\" target=\"_blank\">Pech Merle<\/a> est l&rsquo;un des plus beaux joyaux de la pr\u00e9histoire. 40 m\u00e8tres plus haut, nous suivons les pas de ces passeurs de m\u00e9moire : Maryse David, fille du d\u00e9couvreur de la grotte, accompagn\u00e9e de Bertrand Defois, conservateur du mus\u00e9e de Pech Merle. Cach\u00e9 dans la v\u00e9g\u00e9tation, le lieu est tenu secret depuis pr\u00e8s de 100 ans.<\/p>\n<p>\u00c0 l&rsquo;origine de cette aventure : un adolescent et son ami, pr\u00eats \u00e0 prendre des risques insens\u00e9s. Maryse David raconte : \u00ab\u00a0La premi\u00e8re fois qu&rsquo;ils sont rentr\u00e9s, mon p\u00e8re et Henri avaient mis des bougies sur le parcours, l\u00e0 o\u00f9 ils avan\u00e7aient. Seulement, quand ils se sont retourn\u00e9s, les bougies \u00e9taient toutes \u00e9teintes parce qu&rsquo;il y a toujours de l&rsquo;eau qui tombe du plafond. Et puis \u00e0 un moment, il faut ramper et ramper. On ne sait pas o\u00f9 on va pour la premi\u00e8re fois. Ils ne s&rsquo;attendaient pas \u00e0 voir des dessins, \u00e0 voir les traces de l&rsquo;homme. C&rsquo;\u00e9tait tellement impressionnant qu&rsquo;\u00e0 un moment, ils disaient qu&rsquo;on croyait devenir fous. \u00ab\u00a0<\/p>\n<p>Des concr\u00e9tions calcaires spectaculaires s&rsquo;\u00e9tendent sur pr\u00e8s de 2 km. Et sur certaines parois, des peintures intactes, dont les plus anciennes remontent \u00e0 29 000 ans.<\/p>\n<p>Les chevaux visibles sur les parois ont \u00e9t\u00e9 peints en projetant les pigments avec la bouche. Bertrand Defois pr\u00e9cise : \u00ab\u00a0C&rsquo;est une technique qui demande beaucoup de temps, beaucoup d&rsquo;investissement. Et pour r\u00e9aliser cette peinture, l&rsquo;exp\u00e9rimentation d\u00e9montrait qu&rsquo;il fallait au moins cinq journ\u00e9es de travail pour r\u00e9aliser ce panneau.\u00a0\u00bb<\/p>\n<p>L&rsquo;\u00e9motion est d&rsquo;autant plus grande en traversant la grotte que l&rsquo;on suit litt\u00e9ralement les pas de ceux qui sont venus ici il y a 30 000 ans. \u00ab\u00a0Les pr\u00e9historiques ont travers\u00e9 cette petite plage et ont laiss\u00e9 imprimer dans le sol leurs empreintes de pas. Il y a notamment une empreinte qui est enti\u00e8re et qui nous montre un petit pied gauche\u00a0\u00bb, explique Bertrand Defois, sans doute un adolescent. Un peu plus loin, la trace ocre d&rsquo;une main de femme, plus fine que les autres. \u00c9taient-elles aussi peintres ? C\u2019est une hypoth\u00e8se. \u00ab\u00a0Les pr\u00e9historiques ne vivaient pas dans les grottes, mais ils venaient y chercher quelque chose d&rsquo;essentiel.\u00a0\u00bb Notre guide poursuit : \u00ab\u00a0Peut-\u00eatre que pour eux, c&rsquo;\u00e9tait un monde occup\u00e9 par les esprits, par des forces surnaturelles. Et peut-\u00eatre que les dessins cherchaient \u00e0 \u00e9tablir un contact avec ces forces.\u00a0\u00bb<\/p>\n<p>Les 800 motifs de Pech Merle sont diss\u00e9min\u00e9s dans une grotte 50 fois plus vaste que celle de Lascaux, la plus c\u00e9l\u00e8bre des grottes orn\u00e9es. Mais ici, ce sont des peintures authentiques, pas des reproductions. \u00ab\u00a0La grotte de Lascaux a \u00e9t\u00e9 extr\u00eamement fr\u00e9quent\u00e9e, sans limitation. Ici, depuis plus de 40 ans, nous limitons le nombre de visiteurs et le temps de visite\u00a0\u00bb, justifie le conservateur.<\/p>\n<p>25 personnes maximum par groupe, pas plus de 50 minutes \u00e0 l\u2019int\u00e9rieur : une visite v\u00e9cue comme un privil\u00e8ge. Ce jour-l\u00e0, un enfant en ressort fascin\u00e9 : \u00ab\u00a0C&rsquo;est une vraie grotte pour une fois. Ce ne sont pas des fosses.\u00a0\u00bb M\u00eame sentiment chez les adultes : \u00ab\u00a0C&rsquo;est tr\u00e8s impressionnant de voir nos anc\u00eatres, ce qu&rsquo;ils ont pu faire avec rien.\u00a0\u00bb<\/p>\n<p>Ces gestes semblent simples, mais ils demandent un apprentissage. Mettre de la terre ocre dans sa bouche, l\u2019humidifier, puis cracher sur la paroi : un geste r\u00e9p\u00e9titif qui permet de comprendre ce qui s&rsquo;est pass\u00e9 il y a 30 000 ans, dans une grotte encore pleine de myst\u00e8res.<\/p>\n","protected":false},"excerpt":{"rendered":"lire plus tard Pour sauvegarder cet article, connectez-vous ou cr\u00e9ez un compte franceinfo Sans paiement. Sans abonnement. Fermer&hellip;\n","protected":false},"author":2,"featured_media":383947,"comment_status":"","ping_status":"","sticky":false,"template":"","format":"standard","meta":{"footnotes":""},"categories":[1354],"tags":[58,59,1346,1011,27,1360],"class_list":{"0":"post-383946","1":"post","2":"type-post","3":"status-publish","4":"format-standard","5":"has-post-thumbnail","7":"category-films","8":"tag-divertissement","9":"tag-entertainment","10":"tag-films","11":"tag-fr","12":"tag-france","13":"tag-movies"},"share_on_mastodon":{"url":"https:\/\/pubeurope.com\/@fr\/115188294242737192","error":""},"_links":{"self":[{"href":"https:\/\/www.europesays.com\/fr\/wp-json\/wp\/v2\/posts\/383946","targetHints":{"allow":["GET"]}}],"collection":[{"href":"https:\/\/www.europesays.com\/fr\/wp-json\/wp\/v2\/posts"}],"about":[{"href":"https:\/\/www.europesays.com\/fr\/wp-json\/wp\/v2\/types\/post"}],"author":[{"embeddable":true,"href":"https:\/\/www.europesays.com\/fr\/wp-json\/wp\/v2\/users\/2"}],"replies":[{"embeddable":true,"href":"https:\/\/www.europesays.com\/fr\/wp-json\/wp\/v2\/comments?post=383946"}],"version-history":[{"count":0,"href":"https:\/\/www.europesays.com\/fr\/wp-json\/wp\/v2\/posts\/383946\/revisions"}],"wp:featuredmedia":[{"embeddable":true,"href":"https:\/\/www.europesays.com\/fr\/wp-json\/wp\/v2\/media\/383947"}],"wp:attachment":[{"href":"https:\/\/www.europesays.com\/fr\/wp-json\/wp\/v2\/media?parent=383946"}],"wp:term":[{"taxonomy":"category","embeddable":true,"href":"https:\/\/www.europesays.com\/fr\/wp-json\/wp\/v2\/categories?post=383946"},{"taxonomy":"post_tag","embeddable":true,"href":"https:\/\/www.europesays.com\/fr\/wp-json\/wp\/v2\/tags?post=383946"}],"curies":[{"name":"wp","href":"https:\/\/api.w.org\/{rel}","templated":true}]}}