{"id":383948,"date":"2025-09-11T23:38:09","date_gmt":"2025-09-11T23:38:09","guid":{"rendered":"https:\/\/www.europesays.com\/fr\/383948\/"},"modified":"2025-09-11T23:38:09","modified_gmt":"2025-09-11T23:38:09","slug":"gianluigi-donnarumma-est-fascine-par-pep-guardiola","status":"publish","type":"post","link":"https:\/\/www.europesays.com\/fr\/383948\/","title":{"rendered":"Gianluigi Donnarumma est fascin\u00e9 par Pep Guardiola"},"content":{"rendered":"<p>Devenu ind\u00e9sirable du c\u00f4t\u00e9 du Paris Saint-Germain malgr\u00e9 la victoire en C1, <a href=\"https:\/\/www.footmercato.net\/joueur\/gianluigi-donnarumma\/\" rel=\"nofollow noopener\" target=\"_blank\">Gianluigi Donnarumma<\/a> aura attendu la toute fin du mercato  pour trouver un nouveau point de chute. Courtis\u00e9 par City qui attendait de vendre Ederson, le gardien italien a bien sign\u00e9 dans le club anglais dans les derni\u00e8res heures du mercato. Ce jeudi, il a \u00e9t\u00e9 pr\u00e9sent\u00e9 par son club et il en a profit\u00e9 pour \u00e9voquer sa signature.<\/p>\n<p>            La suite apr\u00e8s cette publicit\u00e9<\/p>\n<p>\u00ab\u00catre entra\u00een\u00e9 par Pep Guardiola est la meilleure chose qui puisse arriver \u00e0 un footballeur. Il me voulait\u2026 J\u2019en suis fier. C\u2019est un club qui m\u2019a toujours fascin\u00e9, un club que j\u2019ai toujours eu le plaisir de suivre. Il faut venir ici pour comprendre, voir tout ce qui se passe autour du club, le terrain d\u2019entra\u00eenement, le stade, c\u2019est vraiment fantastique. Tant que vous n\u2019\u00eates pas ici, vous ne comprenez pas la qualit\u00e9 du club, toutes les installations sont fantastiques, tous les gens qui travaillent ici sont fantastiques, et \u00eatre ici est vraiment une grande fiert\u00e9. Je suis heureux de mon choix. J\u2019esp\u00e8re \u00e9crire l\u2019histoire ici, rester ici de nombreuses ann\u00e9es et remporter tout ce qui est possible. C\u2019est mon objectif\u00bb, a-t-il ainsi lanc\u00e9.<\/p>\n<p>\n    Pub. le 12\/09\/2025 00:00<br \/>\n            &#8211; MAJ le 12\/09\/2025 00:52\n    <\/p>\n","protected":false},"excerpt":{"rendered":"Devenu ind\u00e9sirable du c\u00f4t\u00e9 du Paris Saint-Germain malgr\u00e9 la victoire en C1, Gianluigi Donnarumma aura attendu la toute&hellip;\n","protected":false},"author":2,"featured_media":383949,"comment_status":"","ping_status":"","sticky":false,"template":"","format":"standard","meta":{"footnotes":""},"categories":[9],"tags":[1011,27,60],"class_list":{"0":"post-383948","1":"post","2":"type-post","3":"status-publish","4":"format-standard","5":"has-post-thumbnail","7":"category-sports","8":"tag-fr","9":"tag-france","10":"tag-sports"},"share_on_mastodon":{"url":"https:\/\/pubeurope.com\/@fr\/115188302082996899","error":""},"_links":{"self":[{"href":"https:\/\/www.europesays.com\/fr\/wp-json\/wp\/v2\/posts\/383948","targetHints":{"allow":["GET"]}}],"collection":[{"href":"https:\/\/www.europesays.com\/fr\/wp-json\/wp\/v2\/posts"}],"about":[{"href":"https:\/\/www.europesays.com\/fr\/wp-json\/wp\/v2\/types\/post"}],"author":[{"embeddable":true,"href":"https:\/\/www.europesays.com\/fr\/wp-json\/wp\/v2\/users\/2"}],"replies":[{"embeddable":true,"href":"https:\/\/www.europesays.com\/fr\/wp-json\/wp\/v2\/comments?post=383948"}],"version-history":[{"count":0,"href":"https:\/\/www.europesays.com\/fr\/wp-json\/wp\/v2\/posts\/383948\/revisions"}],"wp:featuredmedia":[{"embeddable":true,"href":"https:\/\/www.europesays.com\/fr\/wp-json\/wp\/v2\/media\/383949"}],"wp:attachment":[{"href":"https:\/\/www.europesays.com\/fr\/wp-json\/wp\/v2\/media?parent=383948"}],"wp:term":[{"taxonomy":"category","embeddable":true,"href":"https:\/\/www.europesays.com\/fr\/wp-json\/wp\/v2\/categories?post=383948"},{"taxonomy":"post_tag","embeddable":true,"href":"https:\/\/www.europesays.com\/fr\/wp-json\/wp\/v2\/tags?post=383948"}],"curies":[{"name":"wp","href":"https:\/\/api.w.org\/{rel}","templated":true}]}}