{"id":383950,"date":"2025-09-11T23:39:10","date_gmt":"2025-09-11T23:39:10","guid":{"rendered":"https:\/\/www.europesays.com\/fr\/383950\/"},"modified":"2025-09-11T23:39:10","modified_gmt":"2025-09-11T23:39:10","slug":"un-journal-pitoyable-la-cgt-de-france-2-atomise-le-20-heures-de-lea-salame","status":"publish","type":"post","link":"https:\/\/www.europesays.com\/fr\/383950\/","title":{"rendered":"\u00ab\u00a0Un journal pitoyable\u00a0\u00bb : La CGT de France 2 atomise le \u00ab\u00a020 Heures\u00a0\u00bb de L\u00e9a Salam\u00e9"},"content":{"rendered":"<p>La suite apr\u00e8s la publicit\u00e9<\/p>\n<p>C&rsquo;\u00e9tait l&rsquo;actualit\u00e9 br\u00fblante de ce mercredi 10 septembre : <a href=\"https:\/\/www.ozap.com\/actu\/nous-vous-prions-de-nous-en-excuser-la-matinale-annulee-lantenne-de-france-inter-totalement-paralysee-par-le-mouvement-bloquons-tout-ce-mercredi-10-septembre\/651542\" rel=\"nofollow noopener\" target=\"_blank\">le mouvement \u00ab\u00a0Bloquons tout\u00a0\u00bb,<\/a> n\u00e9 sur les r\u00e9seaux sociaux et sans leader identifi\u00e9, qui a mobilis\u00e9 pr\u00e8s de 200.000 personnes selon le minist\u00e8re de l&rsquo;Int\u00e9rieur, 250.000 selon la CGT. Des centaines de cort\u00e8ges, barrages et blocages ont eu lieu dans les grandes m\u00e9tropoles comme dans les petites villes.\u00a0<\/p>\n<p>\u00ab\u00a0Pour tenter de gagner le Graal de la meilleure audience devant TF1\u00a0\u00bb<\/p>\n<p>Universit\u00e9s ferm\u00e9es, routes coup\u00e9es, transports perturb\u00e9s, gares bloqu\u00e9es : le pays a connu une journ\u00e9e sous tension, <a href=\"https:\/\/www.ozap.com\/actu\/cruaute-du-time-delay-quand-quotidien-de-yann-barthes-sur-tmc-annonce-la-nomination-du-premier-ministre-avec-40-minutes-de-retard\/651544\" rel=\"nofollow noopener\" target=\"_blank\">au lendemain de la nomination de S\u00e9bastien Lecornu en tant que Premier ministre.<\/a> Plusieurs incidents ont \u00e9clat\u00e9 \u00e0 Lyon, Rennes ou Paris, o\u00f9 la police a proc\u00e9d\u00e9 \u00e0 des centaines d&rsquo;interpellations. En fin de journ\u00e9e, le ministre de l&rsquo;Int\u00e9rieur Bruno Retailleau s&rsquo;est f\u00e9licit\u00e9 de \u00ab\u00a0l&rsquo;\u00e9chec de ceux qui voulaient bloquer le pays\u00a0\u00bb, d\u00e9non\u00e7ant un mouvement \u00ab\u00a0d\u00e9tourn\u00e9 par l&rsquo;extr\u00eame gauche et l&rsquo;ultra gauche\u00a0\u00bb.<\/p>\n<p>Dans ce contexte explosif, le traitement r\u00e9serv\u00e9 \u00e0 cette mobilisation par le \u00ab\u00a020 Heures\u00a0\u00bb de France 2 a provoqu\u00e9 la col\u00e8re de la CGT de France T\u00e9l\u00e9visions. Dans un communiqu\u00e9 au ton ac\u00e9r\u00e9, le syndicat d\u00e9nonce un journal qui \u00ab\u00a0tourne le dos \u00e0 cette population fran\u00e7aise qui continue de d\u00e9fendre le droit l\u00e9gitime de manifester\u00a0\u00bb. Selon lui, la direction de l&rsquo;information aurait sacrifi\u00e9 l&rsquo;\u00e9quilibre journalistique sur l&rsquo;autel de la course \u00e0 l&rsquo;audience : \u00ab\u00a0Pour tenter de gagner le Graal de la meilleure audience devant TF1, la direction de l&rsquo;information de France T\u00e9l\u00e9visions semble avoir mis\u00e9 sur tout ce qu&rsquo;il y a de plus rance dans le spectre des opinions politiques.\u00a0\u00bb<\/p>\n<p>Le syndicat s&rsquo;en prend directement au traitement de la journ\u00e9e du 10 septembre : \u00ab\u00a0Alors que selon les instituts de sondage, pr\u00e8s d&rsquo;un Fran\u00e7ais sur deux soutient le mouvement\u00a0 &lsquo;Bloquons tout&rsquo;, le journal de L\u00e9a Salam\u00e9 occulte totalement les raisons de la col\u00e8re populaire, pour ne traiter cette journ\u00e9e que sous l&rsquo;angle du maintien de l&rsquo;ordre et des perturbations \u00e0 venir pour la France qui travaille.\u00a0\u00bb\u00a0<\/p>\n<p><a href=\"https:\/\/www.ozap.com\/actu\/audiences-au-soir-de-bloquons-tout-lea-salame-mene-le-20-heures-de-france-2-a-son-plus-haut-niveau-depuis-plus-de-quatre-mois\/651557\" rel=\"nofollow noopener\" target=\"_blank\"><strong>\u00c0 LIRE AUSSI : Audiences : Au soir de \u00ab\u00a0Bloquons tout\u00a0\u00bb, L\u00e9a Salam\u00e9 m\u00e8ne le \u00ab\u00a020 Heures\u00a0\u00bb de France 2 \u00e0 son plus haut niveau depuis plus de quatre mois<\/strong><\/a><\/p>\n<p>Une couverture jug\u00e9e biais\u00e9e et dangereuse : \u00ab\u00a0Le sujet sur le dispositif policier mis en place fait un \u00e9talage des moyens de r\u00e9pression que pourront utiliser les policiers, comme s&rsquo;ils n&rsquo;avaient en face d&rsquo;eux que des casseurs, des voyous et des black bloc, et non des citoyens avec des revendications l\u00e9gitimes. France 2 se met ainsi explicitement du c\u00f4t\u00e9 de la police, quitte \u00e0 mettre en danger ses \u00e9quipes qui couvriront les manifestations.\u00a0\u00bb<\/p>\n<p>L&rsquo;absence de rappel du bilan des violences polici\u00e8res, r\u00e9guli\u00e8rement d\u00e9nonc\u00e9es par des ONG et des syndicats, est \u00e9galement point\u00e9e du doigt : \u00ab\u00a0Dire que &lsquo;les forces de l&rsquo;ordre ont appris des gilets jaunes \u00e0 \u00eatre plus efficaces&rsquo;, sans rappeler que depuis que Macron est au pouvoir la r\u00e9pression polici\u00e8re n&rsquo;a jamais \u00e9t\u00e9 aussi violente, avec des dizaines de personnes mutil\u00e9es et \u00e9borgn\u00e9es, et m\u00eame trois personnes tu\u00e9es depuis 2015, c&rsquo;est tourner le dos \u00e0 cette population fran\u00e7aise qui continue de d\u00e9fendre le droit l\u00e9gitime de manifester.\u00a0\u00bb<\/p>\n<p>\u00ab\u00a0F\u00e9licitations pour ce journal d&rsquo;Ancien R\u00e9gime, pour ce journalisme de cour\u00a0\u00bb<\/p>\n<p>\u00ab\u00a0Pour ne pas \u00eatre en reste, pour dire quand m\u00eame quelques mots du m\u00e9contentement populaire, la chefferie du &rsquo;20H&rsquo; se livre \u00e0 une manipulation grossi\u00e8re, que l&rsquo;on a d\u00e9j\u00e0 vue au moment des Gilets jaunes&rsquo;, poursuit le texte. \u00ab\u00a0Le t\u00e9l\u00e9spectateur est incit\u00e9 \u00e0 faire un lien entre le mouvement &lsquo;Bloquons tout&rsquo; et l&rsquo;extr\u00eame droite, puisque les seules revendications exprim\u00e9es dans le journal sont celles du &lsquo;trop d&rsquo;imp\u00f4ts&rsquo; et du &lsquo;Nicolas qui paie&rsquo;. Rien sur le naufrage des services publics, les milliardaires qui se gavent, les vraies revendications de gauche.\u00a0\u00bb<\/p>\n<p>Le communiqu\u00e9 se conclut par une attaque frontale : \u00ab\u00a0Pour clore le tout, ce journal pitoyable se termine par l&rsquo;onction du cardinal Bustillo, un Richard Gere en soutane, qui nous prie de sortir de la lutte des classes. F\u00e9licitations pour ce journal d&rsquo;Ancien R\u00e9gime, pour ce journalisme de cour. Quel m\u00e9pris pour les citoyens qui regardent encore le &rsquo;20 Heures&rsquo; et pour les journalistes qui continuent de faire leur travail, dans l&rsquo;adversit\u00e9.\u00a0\u00bb<\/p>\n<p>La charge de la CGT s&rsquo;inscrit dans un climat tendu. Vingt-neuf soci\u00e9t\u00e9s de journalistes, dont celles du \u00ab\u00a0Monde\u00a0\u00bb, de \u00ab\u00a0Lib\u00e9ration\u00a0\u00bb, de TF1, de l&rsquo;AFP ou encore de France T\u00e9l\u00e9visions, ont publi\u00e9 le 8 septembre une tribune d\u00e9non\u00e7ant le nouveau \u00ab\u00a0sch\u00e9ma national des violences urbaines\u00a0\u00bb.\u00a0\u00ab\u00a0L\u00e9a Salam\u00e9 aurait pu rappeler que la France est le pays europ\u00e9en le plus violent en mati\u00e8re de maintien de l&rsquo;ordre, ou m\u00eame, \u00e9voquer la note envoy\u00e9e cet \u00e9t\u00e9 par le Minist\u00e8re de l&rsquo;Int\u00e9rieur aux forces de l&rsquo;ordre. D\u00e9nonc\u00e9e par les syndicats de journalistes, elle ne prend plus en compte le statut de journaliste en cas de violences urbaines\u00a0\u00bb, \u00e9crit encore le communiqu\u00e9.\u00a0<\/p>\n<p>Ce texte du minist\u00e8re de l&rsquo;Int\u00e9rieur pr\u00e9cise en effet que le statut de journaliste \u00ab\u00a0ne trouve pas \u00e0 s&rsquo;appliquer dans un contexte de violences urbaines\u00a0\u00bb, ce qui pourrait permettre aux forces de l&rsquo;ordre de restreindre la libert\u00e9 de circulation et de couvrir plus difficilement les manifestations. \u00ab\u00a0Alors que le travail des journalistes dans la couverture des mouvements sociaux est d\u00e9j\u00e0 de plus en plus difficile (&#8230;), cette phrase grave dans le marbre la possibilit\u00e9 pour les policiers d&rsquo;entraver le travail de la presse\u00a0\u00bb, s&rsquo;inqui\u00e8tent les signataires.<\/p>\n","protected":false},"excerpt":{"rendered":"La suite apr\u00e8s la publicit\u00e9 C&rsquo;\u00e9tait l&rsquo;actualit\u00e9 br\u00fblante de ce mercredi 10 septembre : le mouvement \u00ab\u00a0Bloquons tout\u00a0\u00bb,&hellip;\n","protected":false},"author":2,"featured_media":383951,"comment_status":"","ping_status":"","sticky":false,"template":"","format":"standard","meta":{"footnotes":""},"categories":[8],"tags":[58,59,1011,27],"class_list":{"0":"post-383950","1":"post","2":"type-post","3":"status-publish","4":"format-standard","5":"has-post-thumbnail","7":"category-divertissement","8":"tag-divertissement","9":"tag-entertainment","10":"tag-fr","11":"tag-france"},"share_on_mastodon":{"url":"https:\/\/pubeurope.com\/@fr\/115188306086592342","error":""},"_links":{"self":[{"href":"https:\/\/www.europesays.com\/fr\/wp-json\/wp\/v2\/posts\/383950","targetHints":{"allow":["GET"]}}],"collection":[{"href":"https:\/\/www.europesays.com\/fr\/wp-json\/wp\/v2\/posts"}],"about":[{"href":"https:\/\/www.europesays.com\/fr\/wp-json\/wp\/v2\/types\/post"}],"author":[{"embeddable":true,"href":"https:\/\/www.europesays.com\/fr\/wp-json\/wp\/v2\/users\/2"}],"replies":[{"embeddable":true,"href":"https:\/\/www.europesays.com\/fr\/wp-json\/wp\/v2\/comments?post=383950"}],"version-history":[{"count":0,"href":"https:\/\/www.europesays.com\/fr\/wp-json\/wp\/v2\/posts\/383950\/revisions"}],"wp:featuredmedia":[{"embeddable":true,"href":"https:\/\/www.europesays.com\/fr\/wp-json\/wp\/v2\/media\/383951"}],"wp:attachment":[{"href":"https:\/\/www.europesays.com\/fr\/wp-json\/wp\/v2\/media?parent=383950"}],"wp:term":[{"taxonomy":"category","embeddable":true,"href":"https:\/\/www.europesays.com\/fr\/wp-json\/wp\/v2\/categories?post=383950"},{"taxonomy":"post_tag","embeddable":true,"href":"https:\/\/www.europesays.com\/fr\/wp-json\/wp\/v2\/tags?post=383950"}],"curies":[{"name":"wp","href":"https:\/\/api.w.org\/{rel}","templated":true}]}}