{"id":383952,"date":"2025-09-11T23:40:12","date_gmt":"2025-09-11T23:40:12","guid":{"rendered":"https:\/\/www.europesays.com\/fr\/383952\/"},"modified":"2025-09-11T23:40:12","modified_gmt":"2025-09-11T23:40:12","slug":"un-objet-geant-et-ultra-rapide-remet-en-cause-nos-modeles-cosmologiques","status":"publish","type":"post","link":"https:\/\/www.europesays.com\/fr\/383952\/","title":{"rendered":"un objet g\u00e9ant et ultra-rapide remet en cause nos mod\u00e8les cosmologiques"},"content":{"rendered":"<blockquote class=\"wp-block-quote\">\n<p><strong>Depuis juillet 2025, un objet spatial hors norme captive la communaut\u00e9 scientifique. Baptis\u00e9 3I\/ATLAS, ce troisi\u00e8me visiteur interstellaire jamais observ\u00e9 traverse actuellement notre Syst\u00e8me solaire \u00e0 une vitesse \u00e9poustouflante. Avec sa taille colossale et sa composition chimique in\u00e9dite, il pourrait remettre en question les mod\u00e8les classiques des com\u00e8tes et de la formation plan\u00e9taire.<\/strong><\/p>\n<\/blockquote>\n<p><img fetchpriority=\"high\" decoding=\"async\" width=\"1024\" height=\"578\" src=\"https:\/\/www.europesays.com\/fr\/wp-content\/uploads\/2025\/09\/visiteur-interstailaire-qui-intrigue-les-scientifiques-1024x578.webp.webp\" alt=\"Illustration d\u2019un objet interstellaire sombre filant dans l\u2019espace, travers\u00e9 par des faisceaux lumineux bleus.\" class=\"wp-image-990053\"  \/>Repr\u00e9sentation artistique d\u2019un myst\u00e9rieux visiteur interstellaire, une \u00e9nigme qui alimente la recherche astronomique \u2013 DailyGeekShow.com<\/p>\n<p>Un comportement chimique et physique qui ne correspond \u00e0 aucune com\u00e8te connue<\/p>\n<p><strong><a href=\"https:\/\/dailygeekshow.com\/les-scientifiques-de-la-nasa-levent-le-voile-sur-la-comete-3i-atlas-cet-ete-une-course-folle-une-structure-inedite-et-des-secrets-enfin-leves\/\" rel=\"nofollow noopener\" target=\"_blank\">3I\/ATLAS<\/a> ne ressemble \u00e0 aucun objet c\u00e9leste observ\u00e9 jusqu\u2019ici.<\/strong> Alors que les com\u00e8tes du Syst\u00e8me solaire contiennent majoritairement de l\u2019eau, <strong>celle-ci est anormalement riche en dioxyde de carbone.<\/strong> <\/p>\n<p>Les donn\u00e9es du t\u00e9lescope James-Webb et du satellite SPHEREx ont confirm\u00e9 une chevelure gazeuse domin\u00e9e par le CO\u2082, bouleversant ainsi nos r\u00e9f\u00e9rences habituelles.<\/p>\n<p>Lire aussi <a href=\"https:\/\/dailygeekshow.com\/une-planete-decouverte-par-le-telescope-james-webb-a-525-annees-lumiere-de-nous-est-en-train-de-naitre-et-devoile-une-image-inedite\/\" rel=\"nofollow noopener\" target=\"_blank\">Une plan\u00e8te d\u00e9couverte par le t\u00e9lescope James-Webb, \u00e0 525 ann\u00e9es-lumi\u00e8re de nous, est en train de na\u00eetre et d\u00e9voile une image in\u00e9dite<\/a><\/p>\n<p>Par ailleurs, la structure du noyau reste floue. <strong>Les mesures oscillent entre 500 m\u00e8tres et 20 kilom\u00e8tres de diam\u00e8tre.<\/strong> Cela ferait de 3I\/ATLAS le <strong>plus grand corps interstellaire jamais observ\u00e9<\/strong>. De plus, sa queue poussi\u00e9reuse naissante, captur\u00e9e par <a href=\"https:\/\/dailygeekshow.com\/hubble-observe-un-trou-noir-engloutir-une-etoile-cette-decouverte-bouleverse-la-science-spatiale\/\" rel=\"nofollow noopener\" target=\"_blank\">Hubble<\/a>, indique une activit\u00e9 intense mais \u00e0 une \u00e9chelle in\u00e9gal\u00e9e.<\/p>\n<p>Une trajectoire et une vitesse qui d\u00e9fient toutes les attentes<\/p>\n<p><strong>Ce qui frappe les scientifiques, c\u2019est la vitesse exceptionnelle de 3I\/ATLAS : 210 000 km\/h.<\/strong> C\u2019est pr\u00e8s de deux fois plus que Borisov, et quatre fois plus que les com\u00e8tes ordinaires. Cette vitesse, combin\u00e9e \u00e0 une trajectoire hyperbolique, confirme sans \u00e9quivoque son origine interstellaire.<\/p>\n<p>Mais ce n\u2019est pas tout. <strong>L\u2019objet arrive \u00e0 contre-sens du plan de l\u2019\u00e9cliptique<\/strong>, l\u00e0 o\u00f9 orbitent les <a href=\"https:\/\/dailygeekshow.com\/une-solution-inattendue-a-une-enigme-vieille-dun-siecle-les-exoplanetes-pourraient-reveler-les-secrets-de-la-matiere-noire\/\" rel=\"nofollow noopener\" target=\"_blank\">plan\u00e8tes<\/a>, et <strong>depuis une direction oppos\u00e9e au \u00ab sommet <a href=\"https:\/\/dailygeekshow.com\/venue-dun-monde-extraterrestre-cette-comete-intrigue-elle-contient-des-indices-sur-danciens-systemes-solaires-revele-un-telescope-de-la-nasa\/\" rel=\"nofollow noopener\" target=\"_blank\">solaire<\/a> \u00bb<\/strong>, une anomalie \u00e0 laquelle aucun mod\u00e8le standard ne r\u00e9pond pour l\u2019instant. <\/p>\n<p>Lire aussi <a href=\"https:\/\/dailygeekshow.com\/cette-magnifique-nouvelle-photo-de-mars-prise-par-perseverance-montre-une-tortue-mais-la-verite-derriere-limage-en-dit-bien-plus-sur-nous-que-sur-la-planete-rouge\/\" rel=\"nofollow noopener\" target=\"_blank\">Cette magnifique nouvelle photo de Mars prise par Perseverance montre une tortue, mais la v\u00e9rit\u00e9 derri\u00e8re l\u2019image en dit bien plus sur nous que sur la plan\u00e8te rouge<\/a><\/p>\n<p>Par cons\u00e9quent, cette configuration rare invite \u00e0 <strong>reconsid\u00e9rer les flux de d\u00e9bris interstellaires<\/strong> que nous pensions comprendre.<\/p>\n<p>Une fen\u00eatre ouverte sur d\u2019autres mondes et une nouvelle physique ?<\/p>\n<p>L\u2019origine de sa composition reste \u00e9galement un myst\u00e8re. Certains chercheurs \u00e9voquent une formation dans un <strong>environnement riche en CO\u2082 ou irradi\u00e9<\/strong>, tr\u00e8s diff\u00e9rent de notre syst\u00e8me. En parall\u00e8le, d\u2019autres avancent des hypoth\u00e8ses encore plus audacieuses. <\/p>\n<p><strong>L\u2019astrophysicien Avi Loeb n\u2019exclut pas une origine technologique extraterrestre<\/strong>, m\u00eame si cette id\u00e9e reste tr\u00e8s controvers\u00e9e dans la communaut\u00e9 scientifique.<\/p>\n<p>Lire aussi <a href=\"https:\/\/dailygeekshow.com\/elon-musk-accelere-encore-avec-starship-un-test-reussi-sur-un-booster-usage-ouvre-la-voie-a-un-nouveau-decollage-pour-spacex\/\" rel=\"nofollow noopener\" target=\"_blank\">Elon Musk acc\u00e9l\u00e8re encore avec Starship : un test r\u00e9ussi sur un booster usag\u00e9 ouvre la voie \u00e0 un nouveau d\u00e9collage pour SpaceX<\/a><\/p>\n<p>Cependant, <strong>le consensus scientifique est clair : 3I\/ATLAS s\u2019est form\u00e9 naturellement<\/strong>, mais il pourrait \u00e9clairer des processus encore inconnus. <\/p>\n<p>Ainsi, les astronomes ont jusqu\u2019\u00e0 d\u00e9cembre 2025, date \u00e0 laquelle l\u2019objet repartira vers l\u2019inconnu, pour r\u00e9colter un maximum de donn\u00e9es. Cette courte fen\u00eatre d\u2019observation repr\u00e9sente une <strong>occasion unique d\u2019explorer l\u2019origine et la vari\u00e9t\u00e9 des mondes au-del\u00e0 du n\u00f4tre<\/strong>.<\/p>\n","protected":false},"excerpt":{"rendered":"Depuis juillet 2025, un objet spatial hors norme captive la communaut\u00e9 scientifique. Baptis\u00e9 3I\/ATLAS, ce troisi\u00e8me visiteur interstellaire&hellip;\n","protected":false},"author":2,"featured_media":383953,"comment_status":"","ping_status":"","sticky":false,"template":"","format":"standard","meta":{"footnotes":""},"categories":[7],"tags":[1011,27,43,40,41,39,42,44],"class_list":{"0":"post-383952","1":"post","2":"type-post","3":"status-publish","4":"format-standard","5":"has-post-thumbnail","7":"category-sciences-et-technologies","8":"tag-fr","9":"tag-france","10":"tag-science","11":"tag-science-and-technology","12":"tag-sciences","13":"tag-sciences-et-technologies","14":"tag-technologies","15":"tag-technology"},"share_on_mastodon":{"url":"https:\/\/pubeurope.com\/@fr\/115188309939644381","error":""},"_links":{"self":[{"href":"https:\/\/www.europesays.com\/fr\/wp-json\/wp\/v2\/posts\/383952","targetHints":{"allow":["GET"]}}],"collection":[{"href":"https:\/\/www.europesays.com\/fr\/wp-json\/wp\/v2\/posts"}],"about":[{"href":"https:\/\/www.europesays.com\/fr\/wp-json\/wp\/v2\/types\/post"}],"author":[{"embeddable":true,"href":"https:\/\/www.europesays.com\/fr\/wp-json\/wp\/v2\/users\/2"}],"replies":[{"embeddable":true,"href":"https:\/\/www.europesays.com\/fr\/wp-json\/wp\/v2\/comments?post=383952"}],"version-history":[{"count":0,"href":"https:\/\/www.europesays.com\/fr\/wp-json\/wp\/v2\/posts\/383952\/revisions"}],"wp:featuredmedia":[{"embeddable":true,"href":"https:\/\/www.europesays.com\/fr\/wp-json\/wp\/v2\/media\/383953"}],"wp:attachment":[{"href":"https:\/\/www.europesays.com\/fr\/wp-json\/wp\/v2\/media?parent=383952"}],"wp:term":[{"taxonomy":"category","embeddable":true,"href":"https:\/\/www.europesays.com\/fr\/wp-json\/wp\/v2\/categories?post=383952"},{"taxonomy":"post_tag","embeddable":true,"href":"https:\/\/www.europesays.com\/fr\/wp-json\/wp\/v2\/tags?post=383952"}],"curies":[{"name":"wp","href":"https:\/\/api.w.org\/{rel}","templated":true}]}}