{"id":383956,"date":"2025-09-11T23:42:10","date_gmt":"2025-09-11T23:42:10","guid":{"rendered":"https:\/\/www.europesays.com\/fr\/383956\/"},"modified":"2025-09-11T23:42:10","modified_gmt":"2025-09-11T23:42:10","slug":"apres-la-mort-de-charlie-kirk-ces-journalistes-americains-epingles-pour-leurs-propos","status":"publish","type":"post","link":"https:\/\/www.europesays.com\/fr\/383956\/","title":{"rendered":"Apr\u00e8s la mort de Charlie Kirk, ces journalistes am\u00e9ricains \u00e9pingl\u00e9s pour leurs propos"},"content":{"rendered":"<p>        <img decoding=\"async\" loading=\"lazy\" src=\"https:\/\/www.europesays.com\/fr\/wp-content\/uploads\/2025\/09\/5667e5d_upload-1-mv0g6mz1lbsc-afp-20250911-mei-usa-bh-ckcm6-20250305-007-v1-highres-charliekirkcsunm.jpeg\"  width=\"728\" height=\"410\" alt=\"Charlie Kirk lors d\u2019un d\u00e9bat de son \u00ab\u00a0American Comeback tour\u00a0\u00bb, quelques mois avant l\u2019\u00e9tape dans l\u2019Utah o\u00f9 il a trouv\u00e9 la mort mercredi 10\u00a0septembre.\"\/>  <\/p>\n<p>BENJAMIN HANSON \/ Middle East Images via AFP<\/p>\n<p>Charlie Kirk lors d\u2019un d\u00e9bat de son \u00ab\u00a0American Comeback tour\u00a0\u00bb, quelques mois avant l\u2019\u00e9tape dans l\u2019Utah o\u00f9 il a trouv\u00e9 la mort mercredi 10\u00a0septembre.<\/p>\n<p class=\"asset asset-text\">\u00c9TATS-UNIS &#8211; L\u2019affaire secoue la classe politique, mais aussi les m\u00e9dias. Un journaliste du site d\u2019information Florida Politics a \u00e9t\u00e9 suspendu en raison d\u2019une question pos\u00e9e apr\u00e8s<a href=\"https:\/\/www.huffingtonpost.fr\/international\/video\/assassinat-de-charlie-kirk-ce-que-l-on-sait-de-la-mort-de-cet-influenceur-conservateur-proche-de-trump_254684.html\" target=\"_blank\" rel=\"noopener nofollow\" title=\"Nouvelle fen\u00eatre\"> l\u2019assassinat de l\u2019influenceur d\u2019extr\u00eame droite Charlie Kirk <\/a>mercredi 10\u00a0septembre, rapporte la presse am\u00e9ricaine, notamment le <a href=\"https:\/\/www.huffpost.com\/entry\/randy-fine-ag-gancarski-charlie-kirk-suspended-campus-carry_n_68c294cae4b0bf06eab6703c?origin=home-latest-news-unit\" target=\"_blank\" rel=\"noopener nofollow\" title=\"Nouvelle fen\u00eatre\">HuffPost US<\/a>.<\/p>\n<p class=\"asset asset-text\">Charlie Kirk, porte-drapeau de la jeunesse trumpiste \u00e2g\u00e9 de 31\u00a0ans, a \u00e9t\u00e9 tu\u00e9 d\u2019une balle dans le cou alors qu\u2019il participait \u00e0 une r\u00e9union devant environ 3\u00a0000 personnes dans une universit\u00e9 de l\u2019Utah, dans l\u2019ouest des \u00c9tats-Unis.<\/p>\n<p class=\"asset asset-text\">\u00ab\u00a0Je me demandais si le fait que Charlie Kirk ait \u00e9t\u00e9 bless\u00e9 par balle avait une incidence sur votre position concernant le port d\u2019armes sur le campus. Si le contr\u00f4le des armes avait \u00e9t\u00e9 en vigueur, la trag\u00e9die aurait-elle pu \u00eatre \u00e9vit\u00e9e\u00a0?\u00a0\u00bb, a demand\u00e9 le journaliste du Florida Politics \u00e0 l\u2019\u00e9lu r\u00e9publicain Randy Fine, alors que l\u2019influenceur \u00e9tait entre la vie et la mort.<\/p>\n<p class=\"asset asset-text\">\u00ab\u00a0J\u2019ai appris que Charlie Kirk a \u00e9t\u00e9 touch\u00e9 par un tir il y a 23\u00a0minutes. Je suis r\u00e9volt\u00e9 que vous ayez m\u00eame pens\u00e9 \u00e0 poser une question politique\u00a0\u00bb, a r\u00e9torqu\u00e9 l\u2019\u00e9lu de Floride. \u00ab\u00a0Ne me contactez plus jamais\u00a0\u00bb, a-t-il ajout\u00e9.<\/p>\n<p class=\"asset asset-text\">Peu apr\u00e8s, la direction du m\u00e9dia a annonc\u00e9 la suspension du journaliste.<\/p>\n<p>    \u00ab\u00a0Inacceptables\u00a0\u00bb     <\/p>\n<p class=\"asset asset-text\">Ce n\u2019est pas le seul exemple des tensions que l\u2019affaire suscite dans les m\u00e9dias am\u00e9ricains. Sur MSNB, un commentateur politique a \u00e9t\u00e9 licenci\u00e9 pour des propos jug\u00e9s \u00ab\u00a0inacceptables\u00a0\u00bb.<\/p>\n<p class=\"asset asset-text\">Interrog\u00e9 sur le profil de Charlie Kirk, Matthew Dowd a d\u00e9clar\u00e9\u00a0: \u00ab\u00a0Il a \u00e9t\u00e9 l\u2019une des figures les plus clivantes (&#8230;) qui promeut constamment ce genre de discours de haine visant certains groupes\u00a0\u00bb. \u00ab\u00a0Les pens\u00e9es haineuses m\u00e8nent \u00e0 des paroles haineuses, qui \u00e0 leur tour m\u00e8nent \u00e0 des actes haineux (&#8230;). On ne peut pas prononcer ces pens\u00e9es horribles sans s\u2019attendre \u00e0 des actes horribles. Et c\u2019est le contexte malheureux dans lequel nous vivons\u00a0\u00bb, a-t-il poursuivi.<\/p>\n<p class=\"asset asset-text\">Ces d\u00e9clarations ont \u00e9t\u00e9 d\u00e9nonc\u00e9es par de nombreux internautes sur les r\u00e9seaux sociaux, notamment des militants MAGA, le mouvement de Donald Trump.<\/p>\n<p class=\"asset asset-text\">La pr\u00e9sidente de MSNBC a elle-m\u00eame condamn\u00e9 des propos \u00ab\u00a0inappropri\u00e9s, insensibles et inacceptables\u00a0\u00bb. Matthew Dowd a quant \u00e0 lui pr\u00e9sent\u00e9 ses excuses pour ses mots. Les m\u00e9dias <a href=\"https:\/\/variety.com\/2025\/tv\/news\/matthew-dowd-fired-msnbc-charlie-kirk-death-1236514875\/\" target=\"_blank\" rel=\"noopener nofollow\" title=\"Nouvelle fen\u00eatre\">Variety<\/a> et <a href=\"https:\/\/deadline.com\/2025\/09\/msnbc-charlie-kirk-matthew-dowd-1236528248\/\" target=\"_blank\" rel=\"noopener nofollow\" title=\"Nouvelle fen\u00eatre\">Deadline <\/a>ont ensuite annonc\u00e9 son renvoi.<\/p>\n","protected":false},"excerpt":{"rendered":"BENJAMIN HANSON \/ Middle East Images via AFP Charlie Kirk lors d\u2019un d\u00e9bat de son \u00ab\u00a0American Comeback tour\u00a0\u00bb,&hellip;\n","protected":false},"author":2,"featured_media":383957,"comment_status":"","ping_status":"","sticky":false,"template":"","format":"standard","meta":{"footnotes":""},"categories":[5],"tags":[11,73,1011,27,14,2957,12,28],"class_list":{"0":"post-383956","1":"post","2":"type-post","3":"status-publish","4":"format-standard","5":"has-post-thumbnail","7":"category-international","8":"tag-actualites","9":"tag-etats-unis","10":"tag-fr","11":"tag-france","12":"tag-international","13":"tag-journaliste","14":"tag-news","15":"tag-world"},"share_on_mastodon":{"url":"https:\/\/pubeurope.com\/@fr\/115188317846291046","error":""},"_links":{"self":[{"href":"https:\/\/www.europesays.com\/fr\/wp-json\/wp\/v2\/posts\/383956","targetHints":{"allow":["GET"]}}],"collection":[{"href":"https:\/\/www.europesays.com\/fr\/wp-json\/wp\/v2\/posts"}],"about":[{"href":"https:\/\/www.europesays.com\/fr\/wp-json\/wp\/v2\/types\/post"}],"author":[{"embeddable":true,"href":"https:\/\/www.europesays.com\/fr\/wp-json\/wp\/v2\/users\/2"}],"replies":[{"embeddable":true,"href":"https:\/\/www.europesays.com\/fr\/wp-json\/wp\/v2\/comments?post=383956"}],"version-history":[{"count":0,"href":"https:\/\/www.europesays.com\/fr\/wp-json\/wp\/v2\/posts\/383956\/revisions"}],"wp:featuredmedia":[{"embeddable":true,"href":"https:\/\/www.europesays.com\/fr\/wp-json\/wp\/v2\/media\/383957"}],"wp:attachment":[{"href":"https:\/\/www.europesays.com\/fr\/wp-json\/wp\/v2\/media?parent=383956"}],"wp:term":[{"taxonomy":"category","embeddable":true,"href":"https:\/\/www.europesays.com\/fr\/wp-json\/wp\/v2\/categories?post=383956"},{"taxonomy":"post_tag","embeddable":true,"href":"https:\/\/www.europesays.com\/fr\/wp-json\/wp\/v2\/tags?post=383956"}],"curies":[{"name":"wp","href":"https:\/\/api.w.org\/{rel}","templated":true}]}}