{"id":383958,"date":"2025-09-11T23:43:16","date_gmt":"2025-09-11T23:43:16","guid":{"rendered":"https:\/\/www.europesays.com\/fr\/383958\/"},"modified":"2025-09-11T23:43:16","modified_gmt":"2025-09-11T23:43:16","slug":"haute-savoie-un-jeune-homme-de-24-ans-mis-en-examen-pour-le-meurtre-dune-septuagenaire","status":"publish","type":"post","link":"https:\/\/www.europesays.com\/fr\/383958\/","title":{"rendered":"Haute-Savoie\u00a0: un jeune homme de 24 ans mis en examen pour le meurtre d&rsquo;une septuag\u00e9naire"},"content":{"rendered":"<p>Une affaire de disparition inqui\u00e9tante \u00e9lucid\u00e9e en Haute-Savoie. Le parquet d&rsquo;Annecy indique ce jeudi qu&rsquo;un jeune homme de 24 ans a \u00e9t\u00e9 mis en examen, soup\u00e7onn\u00e9 du meurtre d&rsquo;une septuag\u00e9naire d&rsquo;Amancy, disparue sans laisser de traces en juin dernier. <\/p>\n<p>Il est soup\u00e7onn\u00e9 d&rsquo;avoir tu\u00e9 une retrait\u00e9e d&rsquo;Amancy et de lui avoir vol\u00e9 de l&rsquo;argent. <strong>Un jeune homme de 24 ans a \u00e9t\u00e9 mis en examen ce mercredi pour meurtre et vol dans un local d\u2019habitation<\/strong>, avant d&rsquo;\u00eatre plac\u00e9 en d\u00e9tention provisoire, indique la procureure de la R\u00e9publique d&rsquo;Annecy dans un communiqu\u00e9. Tout avait commenc\u00e9 le 6 juin dernier, lorsque Lucienne Thabuis, 73 ans, <a class=\"IciLink ici-link IciArticleLink g-ici-body-regular-1 underline brand svelte-lu7k6w\" href=\"https:\/\/www.francebleu.fr\/infos\/faits-divers-justice\/haute-savoie-disparition-inquietante-d-une-septuagenaire-a-amancy-5900370\" rel=\"nofollow noopener\" target=\"_blank\">avait disparu sans laisser de traces<\/a>. Sa famille avait alert\u00e9 les gendarmes et le parquet de Bonneville avait ouvert une enqu\u00eate pour disparition inqui\u00e9tante, confi\u00e9e\u00a0\u00e0 la brigade de recherches de la gendarmerie de Bonneville et \u00e0 la section de recherches de la gendarmerie de Chamb\u00e9ry.<\/p>\n<p>Le suspect avoue le meurtre lors de sa garde \u00e0 vue<\/p>\n<p>Quelques jours plus tard, le 13 juin, c&rsquo;est le p\u00f4le criminel du tribunal judiciaire d\u2019Annecy qui avait repris le dossier et ouvert une information judiciaire pour arrestation, enl\u00e8vement, s\u00e9questration ou d\u00e9tention arbitraire. Et apr\u00e8s plusieurs semaines d&rsquo;enqu\u00eate, les gendarmes sont finalement remont\u00e9s jusqu&rsquo;au suspect, aujourd&rsquo;hui mis en examen. Inconnu des services de police et de gendarmerie, <strong>il avait effectu\u00e9 des travaux chez cette habitante d&rsquo;Amancy<\/strong>. Plac\u00e9 en garde \u00e0 vue ce mardi, il a finalement reconnu avoir tu\u00e9 la retrait\u00e9e et lui avoir vol\u00e9 de l&rsquo;argent. Il a \u00e9galement indiqu\u00e9 aux enqu\u00eateurs l&rsquo;endroit o\u00f9 il avait cach\u00e9 le corps, retrouv\u00e9 par les gendarmes dans une for\u00eat.<\/p>\n<p>Lucienne Thabuis, une ancienne \u00e9lue gentille et bienveillante<\/p>\n<p>Figure locale bien connue dans le Pays rochois, le d\u00e9c\u00e8s de Lucienne Thabuis est v\u00e9cu comme un v\u00e9ritable choc pour tous ceux qui la connaissaient, \u00e0\u00a0commencer par les \u00e9lus et anciens \u00e9lus de la Roche-sur-Foron, o\u00f9 elle avait \u00e9t\u00e9 adjointe au maire il y a plusieurs ann\u00e9es. Dans un communiqu\u00e9, le maire actuel et son \u00e9quipe pr\u00e9sentent leur condol\u00e9ance \u00e0 la famille de la retrait\u00e9e. Surnomm\u00e9e \u00ab\u00a0Lulu\u00a0\u00bb par certains, <strong>elle est d\u00e9crite comme humaine, gentille, bienveillante et toujours investie aupr\u00e8s des autres<\/strong>. Elle \u00e9tait aussi pr\u00e9sidente de l&rsquo;association Alv\u00e9ole, bas\u00e9e \u00e0 Saint-Pierre-en-Faucigny, et sp\u00e9cialis\u00e9e dans l&rsquo;insertion professionnelle. Depuis sa disparition, ses proches n&rsquo;avaient cess\u00e9 de publier et republier les appels \u00e0 t\u00e9moins de la gendarmerie sur les r\u00e9seaux sociaux, dans l&rsquo;espoir qu&rsquo;on la retrouve.<\/p>\n<p>\u00c0 lire aussi   <img decoding=\"async\" src=\"https:\/\/www.europesays.com\/fr\/wp-content\/uploads\/2025\/09\/1757634196_761_560x315\" alt=\"Une femme de 73 ans est port\u00e9e disparue depuis ce jeudi \u00e0 Amancy. La gendarmerie lance un appel \u00e0 t\u00e9moins.\" style=\"--_image-preview:url('data:image\/jpeg;base64,\/9j\/2wBDACgcHiMeGSgjISMtKygwPGRBPDc3PHtYXUlkkYCZlo+AjIqgtObDoKrarYqMyP\/L2u71\/\/\/\/m8H\/\/\/\/6\/+b9\/\/j\/2wBDASstLTw1PHZBQXb4pYyl+Pj4+Pj4+Pj4+Pj4+Pj4+Pj4+Pj4+Pj4+Pj4+Pj4+Pj4+Pj4+Pj4+Pj4+Pj4+Pj4+Pj\/wAARCAAXACoDASIAAhEBAxEB\/8QAFwABAQEBAAAAAAAAAAAAAAAAAQACBP\/EABYQAQEBAAAAAAAAAAAAAAAAAAABEf\/EABYBAQEBAAAAAAAAAAAAAAAAAAEAAv\/EABURAQEAAAAAAAAAAAAAAAAAAAAB\/9oADAMBAAIRAxEAPwDorLVZpS0smAkiFA1mxJGDDEgTCkWX\/9k=');\" loading=\"lazy\" fetchpriority=\"low\" aria-hidden=\"true\" class=\"svelte-1pnmlwx rounded\" onload=\"this.__e=event\" onerror=\"this.__e=event\"\/> <\/p>\n","protected":false},"excerpt":{"rendered":"Une affaire de disparition inqui\u00e9tante \u00e9lucid\u00e9e en Haute-Savoie. Le parquet d&rsquo;Annecy indique ce jeudi qu&rsquo;un jeune homme de&hellip;\n","protected":false},"author":2,"featured_media":383959,"comment_status":"","ping_status":"","sticky":false,"template":"","format":"standard","meta":{"footnotes":""},"categories":[4],"tags":[11,1011,27,12,25],"class_list":{"0":"post-383958","1":"post","2":"type-post","3":"status-publish","4":"format-standard","5":"has-post-thumbnail","7":"category-france","8":"tag-actualites","9":"tag-fr","10":"tag-france","11":"tag-news","12":"tag-republique-francaise"},"share_on_mastodon":{"url":"https:\/\/pubeurope.com\/@fr\/115188321961676422","error":""},"_links":{"self":[{"href":"https:\/\/www.europesays.com\/fr\/wp-json\/wp\/v2\/posts\/383958","targetHints":{"allow":["GET"]}}],"collection":[{"href":"https:\/\/www.europesays.com\/fr\/wp-json\/wp\/v2\/posts"}],"about":[{"href":"https:\/\/www.europesays.com\/fr\/wp-json\/wp\/v2\/types\/post"}],"author":[{"embeddable":true,"href":"https:\/\/www.europesays.com\/fr\/wp-json\/wp\/v2\/users\/2"}],"replies":[{"embeddable":true,"href":"https:\/\/www.europesays.com\/fr\/wp-json\/wp\/v2\/comments?post=383958"}],"version-history":[{"count":0,"href":"https:\/\/www.europesays.com\/fr\/wp-json\/wp\/v2\/posts\/383958\/revisions"}],"wp:featuredmedia":[{"embeddable":true,"href":"https:\/\/www.europesays.com\/fr\/wp-json\/wp\/v2\/media\/383959"}],"wp:attachment":[{"href":"https:\/\/www.europesays.com\/fr\/wp-json\/wp\/v2\/media?parent=383958"}],"wp:term":[{"taxonomy":"category","embeddable":true,"href":"https:\/\/www.europesays.com\/fr\/wp-json\/wp\/v2\/categories?post=383958"},{"taxonomy":"post_tag","embeddable":true,"href":"https:\/\/www.europesays.com\/fr\/wp-json\/wp\/v2\/tags?post=383958"}],"curies":[{"name":"wp","href":"https:\/\/api.w.org\/{rel}","templated":true}]}}