{"id":383960,"date":"2025-09-11T23:44:14","date_gmt":"2025-09-11T23:44:14","guid":{"rendered":"https:\/\/www.europesays.com\/fr\/383960\/"},"modified":"2025-09-11T23:44:14","modified_gmt":"2025-09-11T23:44:14","slug":"la-cfdt-tue-dans-loeuf-cette-piste-de-lecornu-sur-la-reforme-des-retraites","status":"publish","type":"post","link":"https:\/\/www.europesays.com\/fr\/383960\/","title":{"rendered":"La CFDT tue dans l\u2019\u0153uf cette piste de Lecornu sur la r\u00e9forme des retraites"},"content":{"rendered":"<p>        <img decoding=\"async\" loading=\"lazy\" src=\"https:\/\/www.europesays.com\/fr\/wp-content\/uploads\/2025\/09\/86838b3_upload-1-1p5qiywcyivr-afp-20250624-hl-xbouzas-2809731-v1-highres-francepoliticsmeetingunionp.jpeg\"  width=\"728\" height=\"410\" alt=\"La secr\u00e9taire g\u00e9n\u00e9rale de la CGDT Marylise L\u00e9on s\u2019est dite oppos\u00e9e \u00e0 un retour du conclave sur les retraites. (photo d\u2019illustration)\"\/>  <\/p>\n<p>XOSE BOUZAS \/ Hans Lucas via AFP<\/p>\n<p>La secr\u00e9taire g\u00e9n\u00e9rale de la CGDT Marylise L\u00e9on s\u2019est dite oppos\u00e9e \u00e0 un retour du conclave sur les retraites. (photo d\u2019illustration)<\/p>\n<p class=\"asset asset-text\">RETRAITES &#8211; Une parole ferme. La CFDT s\u2019est dite oppos\u00e9e ce jeudi 11\u00a0septembre \u00e0 une \u00e9ventuelle r\u00e9ouverture du<a href=\"https:\/\/www.huffingtonpost.fr\/politique\/article\/conclave-des-retraites-ces-points-cles-de-la-reunion-de-la-derniere-chance_251637.html\" target=\"_blank\" rel=\"noopener\"> conclave sur les retraites<\/a> \u00e0 l\u2019occasion du <a href=\"https:\/\/www.huffingtonpost.fr\/politique\/article\/nomme-premier-ministre-sebastien-lecornu-promet-des-ruptures-et-pas-que-sur-la-forme_254654.html\" target=\"_blank\" rel=\"noopener\">changement de Premier ministre<\/a>, et demande la suspension de la r\u00e9forme de 2023, qui recule l\u2019\u00e2ge de d\u00e9part \u00e0 64 ans.<\/p>\n<p class=\"asset asset-text\">\u00ab\u00a0Pour la CFDT, il n\u2019est pas question de relancer le conclave retraites. La CFDT n\u2019a pas encore eu d\u2019\u00e9changes avec le Premier ministre sur ce sujet comme sur les autres\u00a0\u00bb, a d\u00e9clar\u00e9 le premier syndicat dans un message \u00e9crit \u00e0 l\u2019AFP.<\/p>\n<p class=\"asset asset-text\">Sa chef de file Marylise L\u00e9on, a d\u00e9clar\u00e9 jeudi matin sur <a href=\"https:\/\/www.radiofrance.fr\/franceinter\/podcasts\/l-invite-de-7h50\/l-invite-de-7h50-du-jeudi-11-septembre-2025-6466441\" target=\"_blank\" rel=\"noopener\" title=\"Nouvelle fen\u00eatre\">France Inter<\/a> avoir eu \u00ab\u00a0un tr\u00e8s bref \u00e9change de prise de contact\u00a0\u00bb avec S\u00e9bastien Lecornu, lequel a promis \u00ab\u00a0des ruptures\u00a0\u00bb, \u00ab\u00a0sur le fond\u00a0\u00bb et \u00ab\u00a0pas que sur la forme\u00a0\u00bb lors de sa prise de fonction mercredi.<\/p>\n<p class=\"asset asset-text\">Le journal <a href=\"https:\/\/www.lemonde.fr\/politique\/article\/2025\/09\/11\/pour-sortir-de-la-crise-sebastien-lecornu-veut-relancer-la-discussion-sur-les-retraites_6640378_823448.html\" target=\"_blank\" rel=\"noopener\" title=\"Nouvelle fen\u00eatre\">Le Monde <\/a>a rapport\u00e9 jeudi que le nouveau Premier ministre \u00ab\u00a0entend r\u00e9activer le conclave sur les retraites lanc\u00e9 par son pr\u00e9d\u00e9cesseur\u00a0\u00bb, mais cette question n\u2019a pas \u00e9t\u00e9 \u00e9voqu\u00e9e durant la prise de contact entre le nouveau chef de gouvernement et Marylise L\u00e9on, a-t-on appris dans l\u2019entourage de cette derni\u00e8re.<\/p>\n<p>                     \u00ab\u00a0Solutions solides\u00a0\u00bb    <\/p>\n<p class=\"asset asset-text\">\u00ab\u00a0On ne construit pas des solutions solides sur un bilan aussi fragile qu\u2019un conclave qui a \u00e9chou\u00e9. La rupture annonc\u00e9e en termes de m\u00e9thode et sur le fond ne peut d\u00e9boucher sur une telle proposition sans la moindre concertation\u00a0\u00bb, affirme la CFDT.<\/p>\n<p class=\"asset asset-text\">La CFDT est l\u2019un des trois syndicats &#8211; avec la CFTC et la CFE-CGC &#8211; \u00e0 avoir discut\u00e9 jusqu\u2019au terme du conclave lanc\u00e9 par l\u2019ancien Premier ministre, Fran\u00e7ois Bayrou, pour amender l\u2019impopulaire r\u00e9forme de 2023. Les n\u00e9gociations ont pris fin sur un constat de d\u00e9saccord avec le patronat (Medef, CPME) concernant les modalit\u00e9s de prise en compte de la p\u00e9nibilit\u00e9.<\/p>\n<p class=\"asset asset-text\">\u00ab\u00a0La CFDT a n\u00e9goci\u00e9 loyalement pendant six mois pour corriger la derni\u00e8re r\u00e9forme. Le Medef a pr\u00e9f\u00e9r\u00e9 l\u2019\u00e9chec. La seule voie possible pour la CFDT est d\u00e9sormais de suspendre la r\u00e9forme et de renvoyer les choix futurs \u00e0 2027\u00a0\u00bb, conclut le syndicat.<\/p>\n","protected":false},"excerpt":{"rendered":"XOSE BOUZAS \/ Hans Lucas via AFP La secr\u00e9taire g\u00e9n\u00e9rale de la CGDT Marylise L\u00e9on s\u2019est dite oppos\u00e9e&hellip;\n","protected":false},"author":2,"featured_media":383961,"comment_status":"","ping_status":"","sticky":false,"template":"","format":"standard","meta":{"footnotes":""},"categories":[2],"tags":[11,1270,1011,27,12,316,137,11067],"class_list":{"0":"post-383960","1":"post","2":"type-post","3":"status-publish","4":"format-standard","5":"has-post-thumbnail","7":"category-actualites","8":"tag-actualites","9":"tag-cfdt","10":"tag-fr","11":"tag-france","12":"tag-news","13":"tag-politique","14":"tag-retraite","15":"tag-sebastien-lecornu"},"share_on_mastodon":{"url":"https:\/\/pubeurope.com\/@fr\/115188325704327401","error":""},"_links":{"self":[{"href":"https:\/\/www.europesays.com\/fr\/wp-json\/wp\/v2\/posts\/383960","targetHints":{"allow":["GET"]}}],"collection":[{"href":"https:\/\/www.europesays.com\/fr\/wp-json\/wp\/v2\/posts"}],"about":[{"href":"https:\/\/www.europesays.com\/fr\/wp-json\/wp\/v2\/types\/post"}],"author":[{"embeddable":true,"href":"https:\/\/www.europesays.com\/fr\/wp-json\/wp\/v2\/users\/2"}],"replies":[{"embeddable":true,"href":"https:\/\/www.europesays.com\/fr\/wp-json\/wp\/v2\/comments?post=383960"}],"version-history":[{"count":0,"href":"https:\/\/www.europesays.com\/fr\/wp-json\/wp\/v2\/posts\/383960\/revisions"}],"wp:featuredmedia":[{"embeddable":true,"href":"https:\/\/www.europesays.com\/fr\/wp-json\/wp\/v2\/media\/383961"}],"wp:attachment":[{"href":"https:\/\/www.europesays.com\/fr\/wp-json\/wp\/v2\/media?parent=383960"}],"wp:term":[{"taxonomy":"category","embeddable":true,"href":"https:\/\/www.europesays.com\/fr\/wp-json\/wp\/v2\/categories?post=383960"},{"taxonomy":"post_tag","embeddable":true,"href":"https:\/\/www.europesays.com\/fr\/wp-json\/wp\/v2\/tags?post=383960"}],"curies":[{"name":"wp","href":"https:\/\/api.w.org\/{rel}","templated":true}]}}