{"id":383962,"date":"2025-09-11T23:45:18","date_gmt":"2025-09-11T23:45:18","guid":{"rendered":"https:\/\/www.europesays.com\/fr\/383962\/"},"modified":"2025-09-11T23:45:18","modified_gmt":"2025-09-11T23:45:18","slug":"mort-inattendue-du-nourrisson-le-chu-rappelle-les-gestes-a-adopter","status":"publish","type":"post","link":"https:\/\/www.europesays.com\/fr\/383962\/","title":{"rendered":"Mort inattendue du nourrisson\u00a0: le CHU rappelle les gestes \u00e0 adopter"},"content":{"rendered":"<p><img loading=\"lazy\" decoding=\"async\" width=\"1024\" height=\"576\" src=\"https:\/\/www.europesays.com\/fr\/wp-content\/uploads\/2025\/09\/little-boy-1266117_1280-1-1024x576.jpg\" alt=\"\" class=\"wp-image-80477\"  \/><\/p>\n<p>Du 12 au 18 septembre, c\u2019est la semaine nationale de pr\u00e9vention de la mort inattendue du nourrisson. A cette occasion, le <a href=\"https:\/\/www.if-saint-etienne.fr\/breves\/cancer-deux-initiatives-au-chu-de-saint-etienne\" target=\"_blank\" rel=\"noreferrer noopener nofollow\">CHU<\/a> de Saint-Etienne lance une grande campagne d\u2019affichage, avec le soutien de la Stas. Dans l\u2019ensemble des v\u00e9hicules du r\u00e9seau, les r\u00e8gles pr\u00e9ventives seront rappel\u00e9es.<\/p>\n<p>Une conf\u00e9rence<\/p>\n<p>Par exemple, le fait de devoir toujours coucher le b\u00e9b\u00e9 sur le dos, et uniquement sur le dos, de lui mettre une turbulette pour d\u00e9gager ses voies respiratoires, etc. Ces recommandations seront plus largement d\u00e9velopp\u00e9es lors d\u2019une conf\u00e9rence organis\u00e9e au Centre Hyg\u00e9e, \u00e0 <a href=\"https:\/\/www.chu-st-etienne.fr\/\" target=\"_blank\" rel=\"noreferrer noopener nofollow\">l\u2019h\u00f4pital Nord<\/a>. <\/p>\n<p>Anim\u00e9e par le professeur Hugues Patural et son \u00e9quipe, elle se tiendra mardi 16 septembre, \u00e0 15h, avec pour th\u00e9matique \u00ab\u00a0La pr\u00e9vention des d\u00e9formations cr\u00e2niennes positionnelles et de la mort inattendue du nourrisson\u00a0: comment faire en pratique\u00a0?\u00a0\u00bb.<\/p>\n","protected":false},"excerpt":{"rendered":"Du 12 au 18 septembre, c\u2019est la semaine nationale de pr\u00e9vention de la mort inattendue du nourrisson. A&hellip;\n","protected":false},"author":2,"featured_media":383963,"comment_status":"","ping_status":"","sticky":false,"template":"","format":"standard","meta":{"footnotes":""},"categories":[9653],"tags":[1111,11,2430,1777,674,1011,27,12,25,4001],"class_list":{"0":"post-383962","1":"post","2":"type-post","3":"status-publish","4":"format-standard","5":"has-post-thumbnail","7":"category-saint-etienne","8":"tag-actu","9":"tag-actualites","10":"tag-auvergne-rhone-alpes","11":"tag-eu","12":"tag-europe","13":"tag-fr","14":"tag-france","15":"tag-news","16":"tag-republique-francaise","17":"tag-saint-etienne"},"share_on_mastodon":{"url":"https:\/\/pubeurope.com\/@fr\/115188329595835195","error":""},"_links":{"self":[{"href":"https:\/\/www.europesays.com\/fr\/wp-json\/wp\/v2\/posts\/383962","targetHints":{"allow":["GET"]}}],"collection":[{"href":"https:\/\/www.europesays.com\/fr\/wp-json\/wp\/v2\/posts"}],"about":[{"href":"https:\/\/www.europesays.com\/fr\/wp-json\/wp\/v2\/types\/post"}],"author":[{"embeddable":true,"href":"https:\/\/www.europesays.com\/fr\/wp-json\/wp\/v2\/users\/2"}],"replies":[{"embeddable":true,"href":"https:\/\/www.europesays.com\/fr\/wp-json\/wp\/v2\/comments?post=383962"}],"version-history":[{"count":0,"href":"https:\/\/www.europesays.com\/fr\/wp-json\/wp\/v2\/posts\/383962\/revisions"}],"wp:featuredmedia":[{"embeddable":true,"href":"https:\/\/www.europesays.com\/fr\/wp-json\/wp\/v2\/media\/383963"}],"wp:attachment":[{"href":"https:\/\/www.europesays.com\/fr\/wp-json\/wp\/v2\/media?parent=383962"}],"wp:term":[{"taxonomy":"category","embeddable":true,"href":"https:\/\/www.europesays.com\/fr\/wp-json\/wp\/v2\/categories?post=383962"},{"taxonomy":"post_tag","embeddable":true,"href":"https:\/\/www.europesays.com\/fr\/wp-json\/wp\/v2\/tags?post=383962"}],"curies":[{"name":"wp","href":"https:\/\/api.w.org\/{rel}","templated":true}]}}