{"id":383964,"date":"2025-09-11T23:46:11","date_gmt":"2025-09-11T23:46:11","guid":{"rendered":"https:\/\/www.europesays.com\/fr\/383964\/"},"modified":"2025-09-11T23:46:11","modified_gmt":"2025-09-11T23:46:11","slug":"exposition-photos-mosaique-des-regards-a-saint-etienne-du-gres-salle-pierre-emmanuel-saint-etienne-du-gres-12-septembre-2025","status":"publish","type":"post","link":"https:\/\/www.europesays.com\/fr\/383964\/","title":{"rendered":"Exposition photos \u00ab\u00a0Mosa\u00efque des Regards\u00a0\u00bb \u00e0 Saint-\u00c9tienne-du-Gr\u00e8s Salle Pierre Emmanuel Saint-\u00c9tienne-du-Gr\u00e8s 12 septembre 2025"},"content":{"rendered":"\n<p>\t\t<strong>Exposition photos \u00ab\u00a0Mosa\u00efque des Regards\u00a0\u00bb \u00e0 Saint-\u00c9tienne-du-Gr\u00e8s Salle Pierre Emmanuel Saint-\u00c9tienne-du-Gr\u00e8s vendredi 12 septembre 2025.<\/strong> <\/p>\n<p>Exposition photos \u00ab\u00a0Mosa\u00efque des Regards\u00a0\u00bb \u00e0 Saint-\u00c9tienne-du-Gr\u00e8s<\/p>\n<p>Du vendredi 12 au dimanche 14 septembre 2025 de 10h \u00e0 19h. Salle Pierre Emmanuel 59, Av. de la R\u00e9publique Saint-\u00c9tienne-du-Gr\u00e8s Bouches-du-Rh\u00f4ne<\/p>\n<p>Tarif :  \u2013  \u2013  <\/p>\n<p>Date : jour \u2013 ann\u00e9e \u2013 mois \u2013 jour et horaire :<br \/>D\u00e9but :   2025-09-12 10:00:00<br \/>fin : 2025-09-14 19:00:00<\/p>\n<p>Date(s) :<br \/>2025-09-12                   <\/p>\n<p>Expo Photo \u00ab\u00a0Mosa\u00efque des Regards\u00a0\u00bb Saint-\u00c9tienne-du-Gr\u00e8s 15 photographes, 15 univers, une explosion de cr\u00e9ativit\u00e9 !<br \/>Imaginez un kal\u00e9idoscope g\u00e9ant o\u00f9 chaque tour r\u00e9v\u00e8le un nouveau monde.&#13;<br \/>15 photographes, 15 fa\u00e7ons uniques de voir, de ressentir et de capturer la beaut\u00e9 qui nous entoure. \u00c0 Imag\u2019in le Gr\u00e8s, on ne vous promet pas une simple exposition, mais un voyage intergalactique \u00e0 travers les objectifs!&#13;<br \/>** \u00c0 l\u2019honneur Fr\u00e9d\u00e9ric Combes et ses Arl\u00e9siennes&#13;<br \/>Fr\u00e9d\u00e9ric Combes, notre star locale, vous transporte dans son univers avec une s\u00e9rie **envo\u00fbtante sur les Arl\u00e9siennes**. Entre tradition et modernit\u00e9, ses portraits r\u00e9v\u00e8lent toute la po\u00e9sie de ces figures intemporelles. Pr\u00e9parez-vous \u00e0 \u00eatre \u00e9blouis par leur \u00e9l\u00e9gance et leur myst\u00e8re !&#13;<br \/>** 15 univers \u00e0 explorer &#13;<br \/>Chaque photographe vous ouvre les portes de son monde paysages oniriques, portraits saisissants, instants vol\u00e9s, ou abstractions audacieuses. **15 styles, 15 \u00e9motions, 15 raisons de s\u2019\u00e9merveiller.** Vous repartirez avec l\u2019impression d\u2019avoir visit\u00e9 15 expositions en une seule!&#13;<br \/>** Au programme &#13;<br \/>\u2013 Des Arl\u00e9siennes sous l\u2019objectif de Fr\u00e9d\u00e9ric Combes un m\u00e9lange de gr\u00e2ce et de caract\u00e8re \u00e0 couper le souffle.&#13;<br \/>\u2013 Une diversit\u00e9 artistique qui prouve que la photographie est un langage universel\u2026 mais avec des accents bien diff\u00e9rents !&#13;<br \/>\u2013 Des rencontres avec les artistes pour percer les secrets de leurs clich\u00e9s.&#13;<br \/>** Le petit plus ?&#13;<br \/>L\u2019entr\u00e9e est libre, et on vous parie que vous repartirez avec des \u00e9toiles plein les yeux et une furieuse envie de voir le monde autrement. \u00a0 .<\/p>\n<p>Salle Pierre Emmanuel 59, Av. de la R\u00e9publique  Saint-\u00c9tienne-du-Gr\u00e8s 13103  Bouches-du-Rh\u00f4ne Provence-Alpes-C\u00f4te d\u2019Azur   \u00a0 <\/p>\n<p><strong>English : <\/strong><\/p>\n<p>Photo Exhibition \u2018Mosa\u00efque des Regards\u2019 Saint-\u00c9tienne-du-Gr\u00e8s 15 photographers, 15 worlds, an explosion of creativity!<\/p>\n<p><strong>German : <\/strong><\/p>\n<p>Fotoausstellung \u201eMosa\u00efque des Regards\u201c Saint-\u00c9tienne-du-Gr\u00e8s 15 Fotografen, 15 Welten, eine Explosion der Kreativit\u00e4t!<\/p>\n<p><strong>Italiano : <\/strong><\/p>\n<p>Mostra fotografica \u00ab\u00a0Mosaico di vedute\u00a0\u00bb? Saint-\u00c9tienne-du-Gr\u00e8s 15 fotografi, 15 mondi, un\u2019esplosione di creativit\u00e0!<\/p>\n<p><strong>Espanol : <\/strong><\/p>\n<p>Exposici\u00f3n fotogr\u00e1fica \u00ab\u00a0Mosaico de miradas\u00a0\u00bb ? Saint-\u00c9tienne-du-Gr\u00e8s 15 fot\u00f3grafos, 15 mundos, \u00a1una explosi\u00f3n de creatividad!<\/p>\n<p>L\u2019\u00e9v\u00e9nement Exposition photos \u00ab\u00a0Mosa\u00efque des Regards\u00a0\u00bb \u00e0 Saint-\u00c9tienne-du-Gr\u00e8s Saint-\u00c9tienne-du-Gr\u00e8s a \u00e9t\u00e9 mis \u00e0 jour le 2025-09-03 par R\u00e9gie Tourisme de la CC Vall\u00e9e Des Baux-Alpilles<\/p>\n","protected":false},"excerpt":{"rendered":"Exposition photos \u00ab\u00a0Mosa\u00efque des Regards\u00a0\u00bb \u00e0 Saint-\u00c9tienne-du-Gr\u00e8s Salle Pierre Emmanuel Saint-\u00c9tienne-du-Gr\u00e8s vendredi 12 septembre 2025. Exposition photos \u00ab\u00a0Mosa\u00efque&hellip;\n","protected":false},"author":2,"featured_media":268661,"comment_status":"","ping_status":"","sticky":false,"template":"","format":"standard","meta":{"footnotes":""},"categories":[9653],"tags":[1111,11,2430,1777,674,1011,27,12,25,4001],"class_list":{"0":"post-383964","1":"post","2":"type-post","3":"status-publish","4":"format-standard","5":"has-post-thumbnail","7":"category-saint-etienne","8":"tag-actu","9":"tag-actualites","10":"tag-auvergne-rhone-alpes","11":"tag-eu","12":"tag-europe","13":"tag-fr","14":"tag-france","15":"tag-news","16":"tag-republique-francaise","17":"tag-saint-etienne"},"share_on_mastodon":{"url":"https:\/\/pubeurope.com\/@fr\/115188333474334583","error":""},"_links":{"self":[{"href":"https:\/\/www.europesays.com\/fr\/wp-json\/wp\/v2\/posts\/383964","targetHints":{"allow":["GET"]}}],"collection":[{"href":"https:\/\/www.europesays.com\/fr\/wp-json\/wp\/v2\/posts"}],"about":[{"href":"https:\/\/www.europesays.com\/fr\/wp-json\/wp\/v2\/types\/post"}],"author":[{"embeddable":true,"href":"https:\/\/www.europesays.com\/fr\/wp-json\/wp\/v2\/users\/2"}],"replies":[{"embeddable":true,"href":"https:\/\/www.europesays.com\/fr\/wp-json\/wp\/v2\/comments?post=383964"}],"version-history":[{"count":0,"href":"https:\/\/www.europesays.com\/fr\/wp-json\/wp\/v2\/posts\/383964\/revisions"}],"wp:featuredmedia":[{"embeddable":true,"href":"https:\/\/www.europesays.com\/fr\/wp-json\/wp\/v2\/media\/268661"}],"wp:attachment":[{"href":"https:\/\/www.europesays.com\/fr\/wp-json\/wp\/v2\/media?parent=383964"}],"wp:term":[{"taxonomy":"category","embeddable":true,"href":"https:\/\/www.europesays.com\/fr\/wp-json\/wp\/v2\/categories?post=383964"},{"taxonomy":"post_tag","embeddable":true,"href":"https:\/\/www.europesays.com\/fr\/wp-json\/wp\/v2\/tags?post=383964"}],"curies":[{"name":"wp","href":"https:\/\/api.w.org\/{rel}","templated":true}]}}