{"id":383969,"date":"2025-09-11T23:50:16","date_gmt":"2025-09-11T23:50:16","guid":{"rendered":"https:\/\/www.europesays.com\/fr\/383969\/"},"modified":"2025-09-11T23:50:16","modified_gmt":"2025-09-11T23:50:16","slug":"la-composition-probable-de-castres-pour-defier-toulon-a-mayol","status":"publish","type":"post","link":"https:\/\/www.europesays.com\/fr\/383969\/","title":{"rendered":"La composition probable de Castres pour d\u00e9fier Toulon \u00e0 Mayol"},"content":{"rendered":"<p>Samedi soir, le Castres Olympique d\u00e9fiera le Rugby Club Toulonnais au Stade Mayol dans le cadre de la 2\u00e8me journ\u00e9e du Top 14.<\/p>\n<p>Ce jeudi, <a href=\"https:\/\/www.rugbyrama.fr\/2025\/09\/11\/top-14-les-compositions-probables-de-la-deuxieme-journee-12924583.php\" rel=\"nofollow noopener\" target=\"_blank\">Midi Olympique<\/a> d\u00e9voile la composition probable des Tarnais pour cette rencontre.<\/p>\n<p>La charni\u00e8re devrait \u00eatre compos\u00e9e de Santiago Arata et Louis Le Brun.<\/p>\n<p>Derri\u00e8re, l\u2019ailier Ambadiang devrait \u00eatre align\u00e9 d\u2019entr\u00e9e tandis que Chabouni devrait prendre le poste de 15.<\/p>\n<p>Devant, Jedrasiak est annonc\u00e9 titulaire.<\/p>\n<p>Sur le banc, on devrait retrouver Tichit, Popelin ou encore le All-Black Goodhue.<\/p>\n<p><strong>Voici la composition probable du Castres Olympique :\u00a0<\/strong><\/p>\n<p>15. Chabouni<br \/>14. Vargas<br \/>13. S\u00e9guret<br \/>12. Botitu<br \/>11. Ambadiang<br \/>10. Le Brun<br \/>9. Arata<br \/>8. Tukino<br \/>7. Ardron<br \/>6. Delaporte (cap.)<br \/>5. Staniforth<br \/>4. Jedrasiak<br \/>3. Corato<br \/>2. Durand<br \/>1. Gu\u00e9rois.<\/p>\n<p><strong>Les rempla\u00e7ants probables :\u00a0<\/strong><\/p>\n<p>16. Zarantonello<br \/>17. Tichit<br \/>18. Maravat<br \/>19. Cope<br \/>20. Doubr\u00e8re<br \/>21. Popelin<br \/>22. Goodhue<br \/>23. Collier.<\/p>\n","protected":false},"excerpt":{"rendered":"Samedi soir, le Castres Olympique d\u00e9fiera le Rugby Club Toulonnais au Stade Mayol dans le cadre de la&hellip;\n","protected":false},"author":2,"featured_media":383970,"comment_status":"","ping_status":"","sticky":false,"template":"","format":"standard","meta":{"footnotes":""},"categories":[9619],"tags":[1111,11,1777,674,1011,27,12,882,25,2310],"class_list":{"0":"post-383969","1":"post","2":"type-post","3":"status-publish","4":"format-standard","5":"has-post-thumbnail","7":"category-toulon","8":"tag-actu","9":"tag-actualites","10":"tag-eu","11":"tag-europe","12":"tag-fr","13":"tag-france","14":"tag-news","15":"tag-provence-alpes-cote-dazur","16":"tag-republique-francaise","17":"tag-toulon"},"share_on_mastodon":{"url":"https:\/\/pubeurope.com\/@fr\/115188349204165147","error":""},"_links":{"self":[{"href":"https:\/\/www.europesays.com\/fr\/wp-json\/wp\/v2\/posts\/383969","targetHints":{"allow":["GET"]}}],"collection":[{"href":"https:\/\/www.europesays.com\/fr\/wp-json\/wp\/v2\/posts"}],"about":[{"href":"https:\/\/www.europesays.com\/fr\/wp-json\/wp\/v2\/types\/post"}],"author":[{"embeddable":true,"href":"https:\/\/www.europesays.com\/fr\/wp-json\/wp\/v2\/users\/2"}],"replies":[{"embeddable":true,"href":"https:\/\/www.europesays.com\/fr\/wp-json\/wp\/v2\/comments?post=383969"}],"version-history":[{"count":0,"href":"https:\/\/www.europesays.com\/fr\/wp-json\/wp\/v2\/posts\/383969\/revisions"}],"wp:featuredmedia":[{"embeddable":true,"href":"https:\/\/www.europesays.com\/fr\/wp-json\/wp\/v2\/media\/383970"}],"wp:attachment":[{"href":"https:\/\/www.europesays.com\/fr\/wp-json\/wp\/v2\/media?parent=383969"}],"wp:term":[{"taxonomy":"category","embeddable":true,"href":"https:\/\/www.europesays.com\/fr\/wp-json\/wp\/v2\/categories?post=383969"},{"taxonomy":"post_tag","embeddable":true,"href":"https:\/\/www.europesays.com\/fr\/wp-json\/wp\/v2\/tags?post=383969"}],"curies":[{"name":"wp","href":"https:\/\/api.w.org\/{rel}","templated":true}]}}