{"id":383971,"date":"2025-09-11T23:51:34","date_gmt":"2025-09-11T23:51:34","guid":{"rendered":"https:\/\/www.europesays.com\/fr\/383971\/"},"modified":"2025-09-11T23:51:34","modified_gmt":"2025-09-11T23:51:34","slug":"montpellier-festival-ex-tenebris-lux-en-octobre-le-metal-sempare-de-la-ville","status":"publish","type":"post","link":"https:\/\/www.europesays.com\/fr\/383971\/","title":{"rendered":"Montpellier |\u00a0Festival Ex Tenebris Lux, en octobre le metal s\u2019empare de la ville"},"content":{"rendered":"<p>\t\t\t\tDu 5 octobre au 5 novembre, le festival Ex Tenebris Lux s\u2019installe \u00e0 Montpellier, transformant \u00e9glises s\u00e9culaires, chapelles et autres lieux mythiques en sc\u00e8nes de spectacles. \u00c0 la crois\u00e9e des t\u00e9n\u00e8bres et de la lumi\u00e8re, l\u2019\u00e9v\u00e9nement propose une programmation r\u00e9solument sombre et pointue, ax\u00e9e sur la puissance du genre metal et des exp\u00e9riences artistiques in\u00e9dites.<\/p>\n<p style=\"text-align: justify;\">La programmation se d\u00e9roule dans plusieurs lieux embl\u00e9matiques de la ville. Parmi les moments forts, on note la rencontre de l\u2019actrice B\u00e9atrice Dalle et du rappeur Youv Dee dans un spectacle musical intitul\u00e9 Come as you are, en hommage \u00e0 Kurt Cobain. La divine Norv\u00e9gienne Sylvaine et son groupe se produiront en concert au Jam, tandis que les \u00c9tats G\u00e9n\u00e9raux du M\u00e9tal se tiendront \u00e0 Victoire 2 avant le concert d\u2019Alcest. Le festival accueille \u00e9galement trois soir\u00e9es de concerts dans une \u00e9glise et une \u00e9dition de Dark Halloween dans une chapelle du XVIIe si\u00e8cle.<\/p>\n<p style=\"text-align: justify;\"><strong>La programmation :<\/strong><\/p>\n<ul style=\"text-align: justify;\">\n<li>Dimanche 5 octobre : <strong>concert d\u2019ouverture<\/strong> avec <strong>Conan<\/strong> et <strong>Thra<\/strong> \u00e0 l\u2019Antirouille.<\/li>\n<li>Mercredi 8 octobre : spectacle-\u00e9v\u00e9nement Come as you are avec <strong>B\u00e9atrice Dalle et Youv Dee<\/strong> et Bastien Burger \u00e0 Victoire 2.<\/li>\n<li>Jeudi 9 octobre : <strong>Pain Magazine, Birds in Row, DJ Louisahhh et Maestrom<\/strong> \u00e0 Victoire 2.<\/li>\n<li>Vendredi 10 octobre : <strong>Sylvaine et Black Bile<\/strong> au Jam.<\/li>\n<li>Samedi 11 octobre :<strong> Alcest et BrVit<\/strong> \u00e0 Victoire 2. L\u2019apr\u00e8s-midi, les <strong>\u00c9tats G\u00e9n\u00e9raux du M\u00e9tal #3<\/strong> se d\u00e9rouleront \u00e9galement \u00e0 Victoire 2 avec des conf\u00e9rences et des stands.<\/li>\n<li>Samedi 18 octobre : <strong>Gravekvlt, Zoldier Noiz et Areis<\/strong> \u00e0 l\u2019Antirouille.<\/li>\n<li>Dimanche 19 octobre : <strong>Hegemon, Dismo et Skaphos<\/strong> \u00e0 l\u2019Antirouille.<\/li>\n<li>3 soirs de concerts en \u00e9glise : <strong>Author &amp; Punisher, Wyatt E et Yarostan<\/strong> le jeudi 23 octobre ;<strong> Tar Pond, Vestige et Limbes<\/strong> le vendredi 24 octobre ;<strong> Bunuel, Arabrot et Loons<\/strong> le samedi 25 octobre.<br \/><strong>Dark Halloween<\/strong> en \u00c9glise : une c\u00e9r\u00e9monie nocturne le vendredi 31 octobre, avec des performances, des concerts de Schlaasss et Machinalis Tarantulae, et un dance floor.<\/li>\n<li>Mardi 5 novembre : <strong>concert de cl\u00f4ture.<\/strong><\/li>\n<\/ul>\n<p style=\"text-align: justify;\"><strong>Plus d\u2019infos\u00a0: <a href=\"https:\/\/extenebrislux.fr\/\" target=\"_blank\" rel=\"noopener nofollow\">extenebrislux.fr<\/a><\/strong><br \/>Photo\u00a0: Come as you are avec B\u00e9atrice Dalle et Youv Dee et Bastien Burger<\/p>\n","protected":false},"excerpt":{"rendered":"Du 5 octobre au 5 novembre, le festival Ex Tenebris Lux s\u2019installe \u00e0 Montpellier, transformant \u00e9glises s\u00e9culaires, chapelles&hellip;\n","protected":false},"author":2,"featured_media":383972,"comment_status":"","ping_status":"","sticky":false,"template":"","format":"standard","meta":{"footnotes":""},"categories":[9599],"tags":[1111,11,1777,674,1011,27,2208,12,2680,25],"class_list":{"0":"post-383971","1":"post","2":"type-post","3":"status-publish","4":"format-standard","5":"has-post-thumbnail","7":"category-montpellier","8":"tag-actu","9":"tag-actualites","10":"tag-eu","11":"tag-europe","12":"tag-fr","13":"tag-france","14":"tag-montpellier","15":"tag-news","16":"tag-occitanie","17":"tag-republique-francaise"},"share_on_mastodon":{"url":"https:\/\/pubeurope.com\/@fr\/115188353180671844","error":""},"_links":{"self":[{"href":"https:\/\/www.europesays.com\/fr\/wp-json\/wp\/v2\/posts\/383971","targetHints":{"allow":["GET"]}}],"collection":[{"href":"https:\/\/www.europesays.com\/fr\/wp-json\/wp\/v2\/posts"}],"about":[{"href":"https:\/\/www.europesays.com\/fr\/wp-json\/wp\/v2\/types\/post"}],"author":[{"embeddable":true,"href":"https:\/\/www.europesays.com\/fr\/wp-json\/wp\/v2\/users\/2"}],"replies":[{"embeddable":true,"href":"https:\/\/www.europesays.com\/fr\/wp-json\/wp\/v2\/comments?post=383971"}],"version-history":[{"count":0,"href":"https:\/\/www.europesays.com\/fr\/wp-json\/wp\/v2\/posts\/383971\/revisions"}],"wp:featuredmedia":[{"embeddable":true,"href":"https:\/\/www.europesays.com\/fr\/wp-json\/wp\/v2\/media\/383972"}],"wp:attachment":[{"href":"https:\/\/www.europesays.com\/fr\/wp-json\/wp\/v2\/media?parent=383971"}],"wp:term":[{"taxonomy":"category","embeddable":true,"href":"https:\/\/www.europesays.com\/fr\/wp-json\/wp\/v2\/categories?post=383971"},{"taxonomy":"post_tag","embeddable":true,"href":"https:\/\/www.europesays.com\/fr\/wp-json\/wp\/v2\/tags?post=383971"}],"curies":[{"name":"wp","href":"https:\/\/api.w.org\/{rel}","templated":true}]}}