{"id":383973,"date":"2025-09-11T23:52:10","date_gmt":"2025-09-11T23:52:10","guid":{"rendered":"https:\/\/www.europesays.com\/fr\/383973\/"},"modified":"2025-09-11T23:52:10","modified_gmt":"2025-09-11T23:52:10","slug":"previsions-du-vendredi-12-septembre-2025-3","status":"publish","type":"post","link":"https:\/\/www.europesays.com\/fr\/383973\/","title":{"rendered":"pr\u00e9visions du vendredi 12 septembre 2025"},"content":{"rendered":"<p>Montpellier va \u00eatre baign\u00e9e de soleil au cours de cette journ\u00e9e. Le thermom\u00e8tre affichera 21\u00b0C en moyenne. Une l\u00e9g\u00e8re brise de nord-ouest soufflera au cours de la matin\u00e9e. Les temp\u00e9ratures vont conna\u00eetre une hausse de quelques degr\u00e9s lors de l&rsquo;apr\u00e8s-midi. Les valeurs seront comprises entre 23 et 25\u00b0C. Des \u00e9claircies sont pr\u00e9vues : on passera une soir\u00e9e agr\u00e9able. Les temp\u00e9ratures tourneront autour des 21\u00b0C. Un ciel d\u00e9pourvu de nuages est pr\u00e9vu dans la nuit entre vendredi et samedi.<\/p>\n<p>Demain, \u00e0 Montpellier, on sera sous un ciel bien gris, couvert de nuages. Une diminution du mercure est attendue. Les valeurs afficheront entre 18 et 22\u00b0C. Un modeste vent de nord-est sera ressenti par les habitants. Il va pleuvoir le matin. Il y a un risque d&rsquo;averses demain apr\u00e8s-midi. Les temp\u00e9ratures s&rsquo;\u00e9chelonneront entre 19\u00b0C et 21\u00b0C. La ville profitera de quelques \u00e9claircies demain soir. Il va faire environ 19\u00b0C.<\/p>\n<p>Une am\u00e9lioration est \u00e0 pr\u00e9voir les jours qui suivent. Le temps sera ensoleill\u00e9 avec des temp\u00e9ratures d&rsquo;environ 28\u00b0C.<\/p>\n<p><\/p>\n","protected":false},"excerpt":{"rendered":"Montpellier va \u00eatre baign\u00e9e de soleil au cours de cette journ\u00e9e. Le thermom\u00e8tre affichera 21\u00b0C en moyenne. Une&hellip;\n","protected":false},"author":2,"featured_media":383974,"comment_status":"","ping_status":"","sticky":false,"template":"","format":"standard","meta":{"footnotes":""},"categories":[9599],"tags":[1111,11,1777,674,1011,27,7089,2681,2208,12,2680,2119,25],"class_list":{"0":"post-383973","1":"post","2":"type-post","3":"status-publish","4":"format-standard","5":"has-post-thumbnail","7":"category-montpellier","8":"tag-actu","9":"tag-actualites","10":"tag-eu","11":"tag-europe","12":"tag-fr","13":"tag-france","14":"tag-herault","15":"tag-languedoc-roussillon","16":"tag-montpellier","17":"tag-news","18":"tag-occitanie","19":"tag-previsions-meteo","20":"tag-republique-francaise"},"share_on_mastodon":{"url":"https:\/\/pubeurope.com\/@fr\/115188357055037771","error":""},"_links":{"self":[{"href":"https:\/\/www.europesays.com\/fr\/wp-json\/wp\/v2\/posts\/383973","targetHints":{"allow":["GET"]}}],"collection":[{"href":"https:\/\/www.europesays.com\/fr\/wp-json\/wp\/v2\/posts"}],"about":[{"href":"https:\/\/www.europesays.com\/fr\/wp-json\/wp\/v2\/types\/post"}],"author":[{"embeddable":true,"href":"https:\/\/www.europesays.com\/fr\/wp-json\/wp\/v2\/users\/2"}],"replies":[{"embeddable":true,"href":"https:\/\/www.europesays.com\/fr\/wp-json\/wp\/v2\/comments?post=383973"}],"version-history":[{"count":0,"href":"https:\/\/www.europesays.com\/fr\/wp-json\/wp\/v2\/posts\/383973\/revisions"}],"wp:featuredmedia":[{"embeddable":true,"href":"https:\/\/www.europesays.com\/fr\/wp-json\/wp\/v2\/media\/383974"}],"wp:attachment":[{"href":"https:\/\/www.europesays.com\/fr\/wp-json\/wp\/v2\/media?parent=383973"}],"wp:term":[{"taxonomy":"category","embeddable":true,"href":"https:\/\/www.europesays.com\/fr\/wp-json\/wp\/v2\/categories?post=383973"},{"taxonomy":"post_tag","embeddable":true,"href":"https:\/\/www.europesays.com\/fr\/wp-json\/wp\/v2\/tags?post=383973"}],"curies":[{"name":"wp","href":"https:\/\/api.w.org\/{rel}","templated":true}]}}