{"id":383981,"date":"2025-09-12T00:00:58","date_gmt":"2025-09-12T00:00:58","guid":{"rendered":"https:\/\/www.europesays.com\/fr\/383981\/"},"modified":"2025-09-12T00:00:58","modified_gmt":"2025-09-12T00:00:58","slug":"un-pieton-dans-un-etat-grave-apres-avoir-ete-percute-par-un-conducteur-en-fuite-2","status":"publish","type":"post","link":"https:\/\/www.europesays.com\/fr\/383981\/","title":{"rendered":"Un pi\u00e9ton dans un \u00e9tat grave apr\u00e8s avoir \u00e9t\u00e9 percut\u00e9 par un conducteur en fuite"},"content":{"rendered":"<p class=\"mb-4 text-lg md:leading-8 break-words\"><strong>enquete &#8211; L\u2019accident s\u2019est produit ce jeudi apr\u00e8s-midi au niveau de l\u2019avenue Charles et Raymonde Tillon \u00e0 Rennes<\/strong><\/p>\n<p class=\"mb-4 text-lg md:leading-8 break-words\">Un grave <a href=\"https:\/\/www.20minutes.fr\/dossier\/accident_de_la_route?at_medium=RSS%20feed&amp;at_campaign=ynews&amp;utm_source=yahoo&amp;utm_medium=rss&amp;utm_campaign=news_feed&amp;utm_content=in_article_link\" rel=\"nofollow noopener\" target=\"_blank\" data-ylk=\"slk:accident de la circulation;elm:context_link;itc:0;sec:content-canvas\" class=\"link \">accident de la circulation<\/a> s\u2019est produit ce jeudi apr\u00e8s-midi dans le secteur nord de Rennes. Un peu avant 15 heures, un homme d\u2019une trentaine d\u2019ann\u00e9es qui traversait sur un passage pi\u00e9ton a \u00e9t\u00e9 renvers\u00e9 par une voiture au niveau de l\u2019avenue Charles et Raymonde Tillon.<\/p>\n<p class=\"mb-4 text-lg md:leading-8 break-words\">Rapidement sur place, les secours ont pris en charge la victime qui a \u00e9t\u00e9 transport\u00e9e en urgence absolue par les \u00e9quipes du Smur vers le CHU Pontchaillou. Apr\u00e8s la collision, le conducteur du v\u00e9hicule impliqu\u00e9 <a href=\"https:\/\/www.20minutes.fr\/dossier\/delit_de_fuite?at_medium=RSS%20feed&amp;at_campaign=ynews&amp;utm_source=yahoo&amp;utm_medium=rss&amp;utm_campaign=news_feed&amp;utm_content=in_article_link\" rel=\"nofollow noopener\" target=\"_blank\" data-ylk=\"slk:a pris la fuite;elm:context_link;itc:0;sec:content-canvas\" class=\"link \">a pris la fuite<\/a>. Une enqu\u00eate a \u00e9t\u00e9 ouverte <a href=\"https:\/\/www.20minutes.fr\/dossier\/police?at_medium=RSS%20feed&amp;at_campaign=ynews&amp;utm_source=yahoo&amp;utm_medium=rss&amp;utm_campaign=news_feed&amp;utm_content=in_article_link\" rel=\"nofollow noopener\" target=\"_blank\" data-ylk=\"slk:par la police;elm:context_link;itc:0;sec:content-canvas\" class=\"link \">par la police<\/a> pour tenter de le retrouver.<\/p>\n<p class=\"mb-4 text-lg md:leading-8 break-words\"><a href=\"https:\/\/www.20minutes.fr\/faits_divers\/4172579-20250911-rennes-pieton-etat-grave-apres-avoir-percute-conducteur-fuite?at_medium=RSS%20feed&amp;at_campaign=ynews&amp;utm_source=yahoo&amp;utm_medium=rss&amp;utm_campaign=news_feed&amp;utm_content=read_more_link&quot;\" rel=\"nofollow noopener\" target=\"_blank\" data-ylk=\"slk:Lire la suite sur 20minutes;elm:context_link;itc:0;sec:content-canvas\" class=\"link \">Lire la suite sur 20minutes<\/a><\/p>\n<p>\u00c0 lire aussi :<br \/><a href=\"https:\/\/www.20minutes.fr\/faits_divers\/4172229-20250910-maine-loire-agent-departemental-perd-vie-accident-rd723?at_medium=RSS%20feed&amp;at_campaign=ynews&amp;utm_source=yahoo&amp;utm_medium=rss&amp;utm_campaign=news_feed&amp;utm_content=related_content_link\" rel=\"nofollow noopener\" target=\"_blank\" data-ylk=\"slk:Maine-et-Loire : Un agent d\u00e9partemental perd la vie dans un accident sur la RD723;elm:context_link;itc:0;sec:content-canvas\" class=\"link \">Maine-et-Loire : Un agent d\u00e9partemental perd la vie dans un accident sur la RD723<\/a><br \/><a href=\"https:\/\/www.20minutes.fr\/justice\/4172079-20250909-lorient-cinq-ans-ferme-pilote-ivre-cause-accident-mortel?at_medium=RSS%20feed&amp;at_campaign=ynews&amp;utm_source=yahoo&amp;utm_medium=rss&amp;utm_campaign=news_feed&amp;utm_content=related_content_link\" rel=\"nofollow noopener\" target=\"_blank\" data-ylk=\"slk:Lorient : Cinq ans ferme pour un pilote ivre qui avait caus\u00e9 un accident mortel;elm:context_link;itc:0;sec:content-canvas\" class=\"link \">Lorient : Cinq ans ferme pour un pilote ivre qui avait caus\u00e9 un accident mortel<\/a><\/p>\n","protected":false},"excerpt":{"rendered":"enquete &#8211; L\u2019accident s\u2019est produit ce jeudi apr\u00e8s-midi au niveau de l\u2019avenue Charles et Raymonde Tillon \u00e0 Rennes&hellip;\n","protected":false},"author":2,"featured_media":383982,"comment_status":"","ping_status":"","sticky":false,"template":"","format":"standard","meta":{"footnotes":""},"categories":[2821],"tags":[7416,1111,11,829,12179,51669,1777,674,1011,27,12,51668,584,25],"class_list":{"0":"post-383981","1":"post","2":"type-post","3":"status-publish","4":"format-standard","5":"has-post-thumbnail","7":"category-rennes","8":"tag-accident-de-la-circulation","9":"tag-actu","10":"tag-actualites","11":"tag-bretagne","12":"tag-charles","13":"tag-chu-pontchaillou","14":"tag-eu","15":"tag-europe","16":"tag-fr","17":"tag-france","18":"tag-news","19":"tag-raymonde-tillon","20":"tag-rennes","21":"tag-republique-francaise"},"share_on_mastodon":{"url":"https:\/\/pubeurope.com\/@fr\/115188392446851966","error":""},"_links":{"self":[{"href":"https:\/\/www.europesays.com\/fr\/wp-json\/wp\/v2\/posts\/383981","targetHints":{"allow":["GET"]}}],"collection":[{"href":"https:\/\/www.europesays.com\/fr\/wp-json\/wp\/v2\/posts"}],"about":[{"href":"https:\/\/www.europesays.com\/fr\/wp-json\/wp\/v2\/types\/post"}],"author":[{"embeddable":true,"href":"https:\/\/www.europesays.com\/fr\/wp-json\/wp\/v2\/users\/2"}],"replies":[{"embeddable":true,"href":"https:\/\/www.europesays.com\/fr\/wp-json\/wp\/v2\/comments?post=383981"}],"version-history":[{"count":0,"href":"https:\/\/www.europesays.com\/fr\/wp-json\/wp\/v2\/posts\/383981\/revisions"}],"wp:featuredmedia":[{"embeddable":true,"href":"https:\/\/www.europesays.com\/fr\/wp-json\/wp\/v2\/media\/383982"}],"wp:attachment":[{"href":"https:\/\/www.europesays.com\/fr\/wp-json\/wp\/v2\/media?parent=383981"}],"wp:term":[{"taxonomy":"category","embeddable":true,"href":"https:\/\/www.europesays.com\/fr\/wp-json\/wp\/v2\/categories?post=383981"},{"taxonomy":"post_tag","embeddable":true,"href":"https:\/\/www.europesays.com\/fr\/wp-json\/wp\/v2\/tags?post=383981"}],"curies":[{"name":"wp","href":"https:\/\/api.w.org\/{rel}","templated":true}]}}