{"id":383983,"date":"2025-09-12T00:02:31","date_gmt":"2025-09-12T00:02:31","guid":{"rendered":"https:\/\/www.europesays.com\/fr\/383983\/"},"modified":"2025-09-12T00:02:31","modified_gmt":"2025-09-12T00:02:31","slug":"9-assos-strasbourgeoises-qui-sadressent-aux-etudiantes","status":"publish","type":"post","link":"https:\/\/www.europesays.com\/fr\/383983\/","title":{"rendered":"9 assos strasbourgeoises qui s&rsquo;adressent aux \u00e9tudiant(e)s"},"content":{"rendered":"<p><b>Rejoindre une association, c\u2019est le moyen id\u00e9al pour rencontrer du monde et se sentir utile. \u00c0 Strasbourg, le tissu associatif est particuli\u00e8rement riche. D\u2019innombrables structures ont besoin de b\u00e9n\u00e9voles pr\u00eat(e)s \u00e0 s\u2019engager en faveur des causes qui leur tiennent \u00e0 c\u0153ur. Et parce que pour lutter correctement, il faut avant tout se sentir en s\u00e9curit\u00e9, il existe aussi plusieurs dispositifs utiles \u00e0 noter dans un coin de sa t\u00eate.<\/b><\/p>\n<p>Trouver de l&rsquo;aide sur le campus<\/p>\n<p>Au sein de l\u2019Universit\u00e9 de Strasbourg, la <a href=\"https:\/\/www.unistra.fr\/mission-egalite-parite\" target=\"_blank\" rel=\"noopener\"><b>Mission \u00e9galit\u00e9-parit\u00e9-diversit\u00e9<\/b><\/a><b> lutte contre toute forme de discriminations.<\/b> Si tu es t\u00e9moin ou victime, n\u2019h\u00e9site pas \u00e0 prendre contact avec les membres du service ou bien via le dispositif de signalement d\u00e9di\u00e9 aux discriminations et <b>actes ou propos racistes ou antis\u00e9mites<\/b> en \u00e9crivant \u00e0 cette adresse mail : <a href=\"http:\/\/pokaa.fr\/cdn-cgi\/l\/email-protection#fe8c9b989b8c9b908ad38c9f9d978d939bd39f908a978d9b93978a978d939bbe8b90978d8a8c9fd0988c\" target=\"_blank\" rel=\"noopener\"><b>[email\u00a0protected]<\/b><\/a><b>.<\/b><\/p>\n<p>    <img width=\"800\" height=\"532\" src=\"https:\/\/www.europesays.com\/fr\/wp-content\/uploads\/2025\/09\/230310-pka-mob-etudiants-18-800x532.jpg\" class=\"attachment-image-size-L size-image-size-L\" alt=\"Mobilisation \u00e9tudiant blocage universit\u00e9 gr\u00e8ve\" decoding=\"async\" loading=\"lazy\"  \/>         \u00a9 Adrien Labit \/ Pokaa <\/p>\n<p>Il existe aussi une cellule d\u2019\u00e9coute et d\u2019accompagnement <b>des victimes ou t\u00e9moins d\u2019agissements sexistes, sexuels ou homophobes.<\/b> Pour faire un signalement, rendez-vous sur <a href=\"http:\/\/violences-sexistes.unistra.fr\" target=\"_blank\" rel=\"noopener\"><b>violences-sexistes.unistra.fr<\/b><\/a>. Un(e) m\u00e9decin, un(e) psychologue ou un(e) assistant(e) social(e) <b>r\u00e9pondra dans un d\u00e9lai de 48h.<\/b><\/p>\n<p><b>Pour les \u00e9tudiant(e)s transgenres <\/b>qui souhaitent changer leur pr\u00e9nom d\u2019usage sur l\u2019ensemble des documents administratifs, <a href=\"https:\/\/pokaa.fr\/2020\/10\/27\/lunistra-permet-desormais-le-changement-de-prenom-dusage-pour-les-etudiants-transgenres\/\" target=\"_blank\" rel=\"noopener\"><b>un formulaire d\u00e9di\u00e9 existe<\/b><\/a> au sein de l\u2019Universit\u00e9 de Strasbourg. De plus, dans la capitale alsacienne, <a href=\"https:\/\/www.instagram.com\/la_station_lgbti\/?hl=fr\" target=\"_blank\" rel=\"noopener\"><b>la Station LGBTI<\/b><\/a><b> est le centre d\u2019accueil,<\/b> d\u2019\u00e9coute et de soutien pour les personnes LGBTQIA+. <\/p>\n<p>    <img width=\"800\" height=\"533\" src=\"https:\/\/www.europesays.com\/fr\/wp-content\/uploads\/2025\/09\/img_9647.jpg\" class=\"attachment-image-size-L size-image-size-L\" alt=\"La station lgbtqi+\" decoding=\"async\" loading=\"lazy\"  \/>         \u00a9 Mathilde Piaud \/ Pokaa <\/p>\n<p>S\u2019engager dans une association ou un syndicat \u00e9tudiant<\/p>\n<p>\u00c0 Strasbourg, il existe une multitude d\u2019associations et de th\u00e9matiques dans lesquelles s\u2019engager corps et \u00e2me. En tant qu\u2019\u00e9tudiant(e), <b>le plus \u00e9vident reste l\u2019association \u00e9tudiante de ta fac ou le BDE<\/b>, o\u00f9 il sera possible de prendre part \u00e0 diff\u00e9rentes activit\u00e9s comme l\u2019organisation d\u2019\u00e9v\u00e9nements ou la tenue de la caf\u00e9t\u00e9ria.<\/p>\n<p><a href=\"https:\/\/www.instagram.com\/afges_officiel\/\" target=\"_blank\" rel=\"noopener\"><b>L\u2019AFGES<\/b><\/a> (Association f\u00e9d\u00e9rative g\u00e9n\u00e9rale des \u00e9tudiants de Strasbourg) coordonne la grande majorit\u00e9 des associations \u00e9tudiantes et est \u00e0 la t\u00eate de nombreux projets destin\u00e9s \u00e0 soutenir les \u00e9tudiant(e)s. L\u2019association g\u00e8re notamment <b>les AGORA\u00e9, ces petites \u00e9piceries solidaires o\u00f9 les b\u00e9n\u00e9ficiaires peuvent acc\u00e9der \u00e0 des produits jusqu\u2019\u00e0 -90% du prix d\u2019origine.<\/b><\/p>\n<p>                <img width=\"750\" height=\"500\" src=\"https:\/\/www.europesays.com\/fr\/wp-content\/uploads\/2025\/08\/campus-esplanade-3-750x500.jpg\" class=\"attachment-gallery size-gallery\" alt=\"Campus Esplanade 3\" data-full-url=\"https:\/\/pokaa.fr\/wp-content\/uploads\/2024\/09\/12\/campus-esplanade-3.jpg\" decoding=\"async\" loading=\"lazy\"  \/>            <\/p>\n<p>                <img width=\"281\" height=\"500\" src=\"https:\/\/www.europesays.com\/fr\/wp-content\/uploads\/2025\/09\/afges-panier-repas.jpg\" class=\"attachment-gallery size-gallery\" alt=\"afges panier repas\" data-full-url=\"https:\/\/www.europesays.com\/fr\/wp-content\/uploads\/2025\/09\/afges-panier-repas.jpg\" decoding=\"async\" loading=\"lazy\"  \/>            <\/p>\n<p>                    1. \u00a9 David Lev\u00eaque \/ Pokaa ; 2. \u00a9 Page Facebook de l&rsquo;AFGES \/ Capture d&rsquo;\u00e9cran<\/p>\n<p>Chaque ann\u00e9e, les membres de l\u2019association font les comptes et publient <strong>leur enqu\u00eate sur le co\u00fbt de la rentr\u00e9e \u00e9tudiante \u00e0 Strasbourg.<\/strong> En parall\u00e8le, un dispositif de <a href=\"https:\/\/pokaa.fr\/2025\/08\/27\/etudiantes-en-galere-a-strasbourg-lafges-propose-des-logements-provisoires\/\" target=\"_blank\" rel=\"noopener\"><strong>logements provisoires<\/strong> <\/a>permettant de loger celles et ceux qui d\u00e9butent les cours sans avoir trouv\u00e9 de logement est aussi g\u00e9r\u00e9 par les b\u00e9n\u00e9voles<strong> en<\/strong><b> septembre. Et tout au long de l\u2019ann\u00e9e, l\u2019AGFES se rend disponible via sa hotline h24 par mail \u00e0 l\u2019adresse suivante : <a href=\"http:\/\/pokaa.fr\/cdn-cgi\/l\/email-protection#a5cdcad1c9cccbc0e5c4c3c2c0d68bcad7c2\" target=\"_blank\" rel=\"noopener\">[email\u00a0protected]<\/a>. <\/b><\/p>\n<p>De nombreux \u00e9v\u00e9nements sont aussi organis\u00e9s pour <b>animer la vie \u00e9tudiante<\/b>, sur le campus central et ailleurs.\u00a0La structure recrute non seulement des b\u00e9n\u00e9voles, mais aussi<b> des volontaires en service civique<\/b>.<\/p>\n<p>                <a href=\"https:\/\/pokaa.fr\/2025\/09\/08\/jusqua-321687e-a-strasbourg-faire-sa-rentree-a-luniversite-coute-de-plus-en-plus-cher\/\" target=\"_blank\" rel=\"noopener\"><br \/>\n                    <img width=\"450\" height=\"270\" src=\"https:\/\/www.europesays.com\/fr\/wp-content\/uploads\/2025\/09\/1757635342_320_ok-450x270.png\" class=\"attachment-card-horizontal--same-subject size-card-horizontal--same-subject wp-post-image\" alt=\"\" decoding=\"async\" loading=\"lazy\"\/>                <\/a><\/p>\n<p>    <img width=\"800\" height=\"533\" src=\"https:\/\/www.europesays.com\/fr\/wp-content\/uploads\/2025\/09\/campus-esplanade-4-800x533.jpg\" class=\"attachment-image-size-L size-image-size-L\" alt=\"Campus Esplanade 4\" decoding=\"async\" loading=\"lazy\"  \/>         \u00a9 David Lev\u00eaque \/ Pokaa <\/p>\n<p>Tout aussi engag\u00e9e, <a href=\"https:\/\/www.instagram.com\/cop1strasbourg\/\" target=\"_blank\" rel=\"noopener\"><b>Cop1<\/b><\/a><b> Strasbourg <\/b>est une association qui \u0153uvre avec et en faveur des \u00e9tudiant(e)s. Distributions de paniers alimentaires, dressing solidaire, sorties culturelles et ateliers cuisine, les b\u00e9n\u00e9voles ont de quoi faire ! Cette ann\u00e9e, l\u2019association cherche encore \u00e0 grossir ses rangs, <b>pour d\u00e9velopper notamment ses sorties sportives.\u00a0<\/b><\/p>\n<p><a href=\"https:\/\/www.instagram.com\/ae_strasbourg\/?hl=fr\" target=\"_blank\" rel=\"noopener\"><b>Le syndicat Alternative \u00e9tudiante Strasbourg (AES)<\/b><\/a><b>,<\/b> qui a remport\u00e9 pour la premi\u00e8re fois les \u00e9lections des repr\u00e9sentant(e)s \u00e9tudiant(e)s en f\u00e9vrier 2025, est quant \u00e0 lui marqu\u00e9 \u00e0 gauche, mais n\u2019est affili\u00e9 \u00e0 aucun parti politique. Il se d\u00e9finit comme<b> solidaire, f\u00e9ministe, antiraciste, antifasciste et \u00e9colo <\/b>et organise et invite les \u00e9tudiant(e)s \u00e0 prendre part \u00e0 de nombreuses <b>actions militantes<\/b> tout au long de l\u2019ann\u00e9e. <\/p>\n<p><b>Des formations sont aussi propos\u00e9es<\/b> \u00e0 ses adh\u00e9rent(e)s autour de th\u00e8mes tels que le validisme ou l\u2019anticolonialisme. Le compte Instagram est aussi une mine d\u2019informations concernant<b> les droits des \u00e9tudiant(e)s. <\/b><\/p>\n<p>                <img width=\"375\" height=\"500\" src=\"https:\/\/www.europesays.com\/fr\/wp-content\/uploads\/2025\/09\/image0-375x500.jpeg\" class=\"attachment-gallery size-gallery\" alt=\"association Cop1\" data-full-url=\"https:\/\/pokaa.fr\/wp-content\/uploads\/2025\/08\/06\/image0-1500x2000.jpeg\" decoding=\"async\" loading=\"lazy\"  \/>            <\/p>\n<p>                <img width=\"375\" height=\"500\" src=\"https:\/\/www.europesays.com\/fr\/wp-content\/uploads\/2025\/09\/img-6889-375x500.jpg\" class=\"attachment-gallery size-gallery\" alt=\"association Cop1\" data-full-url=\"https:\/\/pokaa.fr\/wp-content\/uploads\/2025\/08\/06\/img-6889-1500x2000.jpg\" decoding=\"async\" loading=\"lazy\"  \/>            <\/p>\n<p>                    \u00a9 Association Cop1 \/ Documents remis<\/p>\n<p>    <img width=\"800\" height=\"534\" src=\"https:\/\/www.europesays.com\/fr\/wp-content\/uploads\/2025\/09\/dsc-6053-800x534.jpg\" class=\"attachment-image-size-L size-image-size-L\" alt=\"manif r\u00e9forme retraite\" decoding=\"async\" loading=\"lazy\"  \/>         \u00a9 Mathilde Cybulski \/ Pokaa <\/p>\n<p>Vers d\u2019autres horizons<\/p>\n<p>Certaines associations locales sont compos\u00e9es en grande majorit\u00e9 de b\u00e9n\u00e9voles \u00e9tudiant(e)s. C\u2019est le cas de l\u2019association <a href=\"https:\/\/pokaa.fr\/2022\/05\/29\/coup-dbol-la-nouvelle-asso-strasbourgeoise-qui-met-en-lumiere-la-precarite-etudiante\/\" target=\"_blank\" rel=\"noopener\"><b>Coup d\u2019Bol, engag\u00e9e dans la lutte contre la pr\u00e9carit\u00e9<\/b><\/a><b>.<\/b> Ses membres organisent des maraudes dans le centre-ville de Strasbourg pour apporter un peu de r\u00e9confort et un repas chaud<b> aux personnes \u00e0 la rue.<\/b><\/p>\n<p>Pour celles et ceux qui veulent s\u2019aventurer hors du campus et de la sph\u00e8re \u00e9tudiante, <a href=\"https:\/\/strasbourgfurieuse.demosphere.net\/\" target=\"_blank\" rel=\"noopener\"><b>le site Strasbourg furieuse<\/b><\/a> r\u00e9pertorie toutes sortes d\u2019\u00e9v\u00e9nements engag\u00e9s \u00e0 Strasbourg et ses environs, dans <b>son agenda militant en ligne.<\/b><\/p>\n<p>    <img width=\"800\" height=\"533\" src=\"https:\/\/www.europesays.com\/fr\/wp-content\/uploads\/2025\/09\/france-benevolat-3.jpg\" class=\"attachment-image-size-L size-image-size-L\" alt=\"maison des associations\" decoding=\"async\" loading=\"lazy\"  \/>         \u00a9 Mathilde Piaud \/ Pokaa <\/p>\n<p>Protection des animaux, e\u0301cologie, lutte contre la pr\u00e9carit\u00e9, droits LGBTQIA+, fe\u0301minisme\u2026 Chaque cause est <b>r\u00e9pertori\u00e9e au sein de l\u2019annuaire en ligne<\/b> de la <a href=\"https:\/\/www.mdas.org\/\" target=\"_blank\" rel=\"noopener\"><b>Maison des associations de Strasbourg<\/b><\/a><b>.<\/b> Install\u00e9e place des Orphelins, elle permet aussi aux structures membres de louer une salle. Sinon, la r\u00e9daction Pokaa a aussi r\u00e9pertori\u00e9 <b>une tonne de propositions <\/b><a href=\"https:\/\/pokaa.fr\/2024\/11\/10\/strasbourg-16-idees-dassociations-dans-lesquelles-sengager-cette-annee\/\" target=\"_blank\" rel=\"noopener\"><b>dans cet article d\u00e9di\u00e9.<\/b><\/a><\/p>\n<p>Pour y voir plus clair et aller directement \u00e0 la rencontre des b\u00e9n\u00e9voles, un grand<a href=\"https:\/\/pokaa.fr\/2025\/09\/09\/sengager-a-strasbourg-ce-week-end-200-associations-nous-invitent-a-une-fete-xxl\/\" target=\"_blank\" rel=\"noopener\"><strong> Village des assos<\/strong> <\/a>est organis\u00e9 <b>les 13 et 14 septembre au parc de la Citadelle. <\/b>Une centaine de structures sont \u00e0 d\u00e9couvrir sur place.<\/p>\n<p>                <a href=\"https:\/\/pokaa.fr\/2025\/08\/31\/pres-de-15000-guides-a-strasbourg-pokaa-sort-son-3e-papier-destine-aux-etudiantes\/\" target=\"_blank\" rel=\"noopener\"><br \/>\n                    <img width=\"450\" height=\"270\" src=\"https:\/\/www.europesays.com\/fr\/wp-content\/uploads\/2025\/09\/packshotetudiant3-33-450x270.png\" class=\"attachment-card-horizontal--same-subject size-card-horizontal--same-subject wp-post-image\" alt=\"\" decoding=\"async\" loading=\"lazy\"  \/>                <\/a><\/p>\n<p><script async src=\"\/\/www.instagram.com\/embed.js\"><\/script><\/p>\n","protected":false},"excerpt":{"rendered":"Rejoindre une association, c\u2019est le moyen id\u00e9al pour rencontrer du monde et se sentir utile. \u00c0 Strasbourg, le&hellip;\n","protected":false},"author":2,"featured_media":383984,"comment_status":"","ping_status":"","sticky":false,"template":"","format":"standard","meta":{"footnotes":""},"categories":[2820],"tags":[1111,11,4733,677,6379,1777,674,1011,27,775,51670,12,25,640,5768],"class_list":{"0":"post-383983","1":"post","2":"type-post","3":"status-publish","4":"format-standard","5":"has-post-thumbnail","7":"category-strasbourg","8":"tag-actu","9":"tag-actualites","10":"tag-associations","11":"tag-bons-plans","12":"tag-etudiants","13":"tag-eu","14":"tag-europe","15":"tag-fr","16":"tag-france","17":"tag-grand-est","18":"tag-guide-etudiants","19":"tag-news","20":"tag-republique-francaise","21":"tag-strasbourg","22":"tag-universite"},"share_on_mastodon":{"url":"https:\/\/pubeurope.com\/@fr\/115188397168823670","error":""},"_links":{"self":[{"href":"https:\/\/www.europesays.com\/fr\/wp-json\/wp\/v2\/posts\/383983","targetHints":{"allow":["GET"]}}],"collection":[{"href":"https:\/\/www.europesays.com\/fr\/wp-json\/wp\/v2\/posts"}],"about":[{"href":"https:\/\/www.europesays.com\/fr\/wp-json\/wp\/v2\/types\/post"}],"author":[{"embeddable":true,"href":"https:\/\/www.europesays.com\/fr\/wp-json\/wp\/v2\/users\/2"}],"replies":[{"embeddable":true,"href":"https:\/\/www.europesays.com\/fr\/wp-json\/wp\/v2\/comments?post=383983"}],"version-history":[{"count":0,"href":"https:\/\/www.europesays.com\/fr\/wp-json\/wp\/v2\/posts\/383983\/revisions"}],"wp:featuredmedia":[{"embeddable":true,"href":"https:\/\/www.europesays.com\/fr\/wp-json\/wp\/v2\/media\/383984"}],"wp:attachment":[{"href":"https:\/\/www.europesays.com\/fr\/wp-json\/wp\/v2\/media?parent=383983"}],"wp:term":[{"taxonomy":"category","embeddable":true,"href":"https:\/\/www.europesays.com\/fr\/wp-json\/wp\/v2\/categories?post=383983"},{"taxonomy":"post_tag","embeddable":true,"href":"https:\/\/www.europesays.com\/fr\/wp-json\/wp\/v2\/tags?post=383983"}],"curies":[{"name":"wp","href":"https:\/\/api.w.org\/{rel}","templated":true}]}}