{"id":383985,"date":"2025-09-12T00:03:11","date_gmt":"2025-09-12T00:03:11","guid":{"rendered":"https:\/\/www.europesays.com\/fr\/383985\/"},"modified":"2025-09-12T00:03:11","modified_gmt":"2025-09-12T00:03:11","slug":"previsions-du-vendredi-12-septembre-2025-4","status":"publish","type":"post","link":"https:\/\/www.europesays.com\/fr\/383985\/","title":{"rendered":"pr\u00e9visions du vendredi 12 septembre 2025"},"content":{"rendered":"<p>\u00c0 Strasbourg, les temp\u00e9ratures seront de 12\u00b0C au plus bas et de 22\u00b0C au plus haut la journ\u00e9e. Une brise de sud-ouest soufflera l\u00e9g\u00e8rement. Le matin, des nuages ne voudront pas laisser leur place au soleil. Des pluies \u00e9parses vont tomber sur la ville. Le ciel va quelque peu se d\u00e9gager dans l&rsquo;apr\u00e8s-midi avec des \u00e9claircies. La m\u00e9t\u00e9o va se r\u00e9chauffer avec une hausse de quelques degr\u00e9s. Les valeurs s&rsquo;\u00e9chelonneront entre 19 et 22\u00b0C. Le passage de vendredi \u00e0 samedi s&rsquo;effectuera sous un ciel limpide.<\/p>\n<p>Le ciel de Strasbourg sera assez lumineux, avec quelques \u00e9claircies demain. C&rsquo;est une hausse de quelques degr\u00e9s que vont conna\u00eetre les temp\u00e9ratures. Ces valeurs afficheront entre 12 et 23\u00b0C. Un vent de sud rafra\u00eechira un peu l&rsquo;atmosph\u00e8re. Un temps plus chaud est pr\u00e9vu demain apr\u00e8s-midi \u00e9tant donn\u00e9 que le mercure va enregistrer une l\u00e9g\u00e8re augmentation. Les valeurs seront comprises entre 19 et 23\u00b0C. La ville aura quelques \u00e9claircies demain soir.<\/p>\n<p>La m\u00e9t\u00e9o sera plut\u00f4t instable les prochains jours. On pr\u00e9voit une am\u00e9lioration lundi, apr\u00e8s un jour pluvieux dimanche.<\/p>\n<p><\/p>\n","protected":false},"excerpt":{"rendered":"\u00c0 Strasbourg, les temp\u00e9ratures seront de 12\u00b0C au plus bas et de 22\u00b0C au plus haut la journ\u00e9e.&hellip;\n","protected":false},"author":2,"featured_media":383986,"comment_status":"","ping_status":"","sticky":false,"template":"","format":"standard","meta":{"footnotes":""},"categories":[2820],"tags":[1111,11,2389,2649,1777,674,1011,27,775,12,2119,25,640],"class_list":{"0":"post-383985","1":"post","2":"type-post","3":"status-publish","4":"format-standard","5":"has-post-thumbnail","7":"category-strasbourg","8":"tag-actu","9":"tag-actualites","10":"tag-alsace","11":"tag-bas-rhin","12":"tag-eu","13":"tag-europe","14":"tag-fr","15":"tag-france","16":"tag-grand-est","17":"tag-news","18":"tag-previsions-meteo","19":"tag-republique-francaise","20":"tag-strasbourg"},"share_on_mastodon":{"url":"https:\/\/pubeurope.com\/@fr\/115188400334676807","error":""},"_links":{"self":[{"href":"https:\/\/www.europesays.com\/fr\/wp-json\/wp\/v2\/posts\/383985","targetHints":{"allow":["GET"]}}],"collection":[{"href":"https:\/\/www.europesays.com\/fr\/wp-json\/wp\/v2\/posts"}],"about":[{"href":"https:\/\/www.europesays.com\/fr\/wp-json\/wp\/v2\/types\/post"}],"author":[{"embeddable":true,"href":"https:\/\/www.europesays.com\/fr\/wp-json\/wp\/v2\/users\/2"}],"replies":[{"embeddable":true,"href":"https:\/\/www.europesays.com\/fr\/wp-json\/wp\/v2\/comments?post=383985"}],"version-history":[{"count":0,"href":"https:\/\/www.europesays.com\/fr\/wp-json\/wp\/v2\/posts\/383985\/revisions"}],"wp:featuredmedia":[{"embeddable":true,"href":"https:\/\/www.europesays.com\/fr\/wp-json\/wp\/v2\/media\/383986"}],"wp:attachment":[{"href":"https:\/\/www.europesays.com\/fr\/wp-json\/wp\/v2\/media?parent=383985"}],"wp:term":[{"taxonomy":"category","embeddable":true,"href":"https:\/\/www.europesays.com\/fr\/wp-json\/wp\/v2\/categories?post=383985"},{"taxonomy":"post_tag","embeddable":true,"href":"https:\/\/www.europesays.com\/fr\/wp-json\/wp\/v2\/tags?post=383985"}],"curies":[{"name":"wp","href":"https:\/\/api.w.org\/{rel}","templated":true}]}}