{"id":383987,"date":"2025-09-12T00:04:11","date_gmt":"2025-09-12T00:04:11","guid":{"rendered":"https:\/\/www.europesays.com\/fr\/383987\/"},"modified":"2025-09-12T00:04:11","modified_gmt":"2025-09-12T00:04:11","slug":"previsions-du-vendredi-12-septembre-2025-5","status":"publish","type":"post","link":"https:\/\/www.europesays.com\/fr\/383987\/","title":{"rendered":"pr\u00e9visions du vendredi 12 septembre 2025"},"content":{"rendered":"<p>La journ\u00e9e qui s&rsquo;annonce \u00e0 Nice, promet d&rsquo;\u00eatre superbe et ensoleill\u00e9e ! Les temp\u00e9ratures seront de 18\u00b0C au plus bas et de 23\u00b0C au plus haut. Un petit vent de nord-ouest soufflera. Les valeurs avoisineront les 21\u00b0C dans la matin\u00e9e. Les temp\u00e9ratures s&rsquo;\u00e9chelonneront entre 22 et 23\u00b0C pendant l&rsquo;apr\u00e8s-midi. Le ciel sera assez lumineux, avec quelques \u00e9claircies le soir. Les valeurs seront comprises entre 20 et 21\u00b0C. Durant la nuit de vendredi \u00e0 samedi, le ciel sera limpide.<\/p>\n<p>Demain, le vent va progressivement chasser les nuages \u00e0 Nice. Il fera en moyenne 21\u00b0C. Le matin, le mercure affichera 21\u00b0C en moyenne. Une l\u00e9g\u00e8re brise de sud-est sera ressentie par les habitants. Demain apr\u00e8s-midi, les temp\u00e9ratures afficheront entre 20 et 22\u00b0C. Demain soir, la m\u00e9t\u00e9o sera ponctu\u00e9e par de la pluie. On pr\u00e9voit des valeurs avoisinant 19\u00b0C. Un vent d&rsquo;ouest soufflera doucement.<\/p>\n<p>Les jours suivants s&rsquo;annoncent similaires. Un ciel ensoleill\u00e9, pour des temp\u00e9ratures de 22\u00b0C environ, est attendu.<\/p>\n<p><\/p>\n","protected":false},"excerpt":{"rendered":"La journ\u00e9e qui s&rsquo;annonce \u00e0 Nice, promet d&rsquo;\u00eatre superbe et ensoleill\u00e9e ! Les temp\u00e9ratures seront de 18\u00b0C au&hellip;\n","protected":false},"author":2,"featured_media":383988,"comment_status":"","ping_status":"","sticky":false,"template":"","format":"standard","meta":{"footnotes":""},"categories":[2819],"tags":[1111,11,2898,1777,674,1011,27,12,2401,883,2119,882,25],"class_list":{"0":"post-383987","1":"post","2":"type-post","3":"status-publish","4":"format-standard","5":"has-post-thumbnail","7":"category-nice","8":"tag-actu","9":"tag-actualites","10":"tag-alpes-maritimes","11":"tag-eu","12":"tag-europe","13":"tag-fr","14":"tag-france","15":"tag-news","16":"tag-nice","17":"tag-paca","18":"tag-previsions-meteo","19":"tag-provence-alpes-cote-dazur","20":"tag-republique-francaise"},"share_on_mastodon":{"url":"https:\/\/pubeurope.com\/@fr\/115188404333409504","error":""},"_links":{"self":[{"href":"https:\/\/www.europesays.com\/fr\/wp-json\/wp\/v2\/posts\/383987","targetHints":{"allow":["GET"]}}],"collection":[{"href":"https:\/\/www.europesays.com\/fr\/wp-json\/wp\/v2\/posts"}],"about":[{"href":"https:\/\/www.europesays.com\/fr\/wp-json\/wp\/v2\/types\/post"}],"author":[{"embeddable":true,"href":"https:\/\/www.europesays.com\/fr\/wp-json\/wp\/v2\/users\/2"}],"replies":[{"embeddable":true,"href":"https:\/\/www.europesays.com\/fr\/wp-json\/wp\/v2\/comments?post=383987"}],"version-history":[{"count":0,"href":"https:\/\/www.europesays.com\/fr\/wp-json\/wp\/v2\/posts\/383987\/revisions"}],"wp:featuredmedia":[{"embeddable":true,"href":"https:\/\/www.europesays.com\/fr\/wp-json\/wp\/v2\/media\/383988"}],"wp:attachment":[{"href":"https:\/\/www.europesays.com\/fr\/wp-json\/wp\/v2\/media?parent=383987"}],"wp:term":[{"taxonomy":"category","embeddable":true,"href":"https:\/\/www.europesays.com\/fr\/wp-json\/wp\/v2\/categories?post=383987"},{"taxonomy":"post_tag","embeddable":true,"href":"https:\/\/www.europesays.com\/fr\/wp-json\/wp\/v2\/tags?post=383987"}],"curies":[{"name":"wp","href":"https:\/\/api.w.org\/{rel}","templated":true}]}}