{"id":383991,"date":"2025-09-12T00:06:18","date_gmt":"2025-09-12T00:06:18","guid":{"rendered":"https:\/\/www.europesays.com\/fr\/383991\/"},"modified":"2025-09-12T00:06:18","modified_gmt":"2025-09-12T00:06:18","slug":"feu-chatterton-sera-sur-la-scene-du-zenith-de-nantes-en-decembre-2026","status":"publish","type":"post","link":"https:\/\/www.europesays.com\/fr\/383991\/","title":{"rendered":"Feu\u00a0! Chatterton sera sur la sc\u00e8ne du Z\u00e9nith de Nantes en d\u00e9cembre\u00a02026"},"content":{"rendered":"<p>Et vous, vous ferez quoi le 15\u00a0d\u00e9cembre 2026\u00a0? Nous, on sait. On sera au concert de Feu\u00a0! Chatterton au Z\u00e9nith de Nantes. C\u2019est du rock, c\u2019est de la po\u00e9sie, ce sont des chansons qui racontent des histoires, qui s\u2019\u00e9tirent comme des oc\u00e9ans sans parfois trop de refrain\u2026 Un lyrisme pas tr\u00e8s facile \u00e0 partager sur sc\u00e8ne\u00a0? D\u00e9trompons-nous, sur sc\u00e8ne, Feu\u00a0! Chatterton sait y faire.<\/p>\n<p>Le groupe a appris aussi depuis ses d\u00e9buts plus distants.<a href=\"https:\/\/www.ouest-france.fr\/festivals\/les-escales\/video-tete-d-affiche-du-festival-feu-chatterton-a-enflamme-les-escales-a-saint-nazaire-e83cea23-5d94-34f7-bbc9-c933d4f67355\" target=\"_self\" rel=\"noopener\"> On les a vus aux Escales de Saint-Nazaire cet \u00e9t\u00e9<\/a> et on a \u00e9t\u00e9 emport\u00e9, emball\u00e9, embarqu\u00e9\u2026 Et on n\u2019avait qu\u2019une envie\u00a0: les revoir sur-le-champ et entendre plus de chansons de leur prochain album dont ils nous ont donn\u00e9 un d\u00e9licieux avant-go\u00fbt\u00a0: le tubesque et entra\u00eenant Allons voir, le touchant Mon fr\u00e8re ou l\u2019\u00e9mouvant Mille vagues en hommage aux disparus. Cet attendu nouvel album s\u2019appelle Labyrinthe et sort ce 12\u00a0septembre.\u00a0Et en m\u00eame le groupe annonce une grande tourn\u00e9e des Z\u00e9nith qui, all\u00e9luia, passe par Nantes.<\/p>\n<p><strong>Mardi 15\u00a0d\u00e9cembre 2026,<\/strong> au Z\u00e9nith de Nantes. Tarifs\u00a0: 50 \u00e0 74,80\u00a0\u20ac (debout \/ assis num\u00e9rot\u00e9). La billetterie ouvrira le 15\u00a0septembre dans les points de vente officiels mais des places sont d\u2019ores et d\u00e9j\u00e0 \u00e0 prendre sur le site <a href=\"https:\/\/www.ospectacles.fr\/artiste\/feu-chatterton\/\" target=\"_self\" rel=\"noopener\">Ospectacles.<\/a><\/p>\n<p>\u00a0<\/p>\n","protected":false},"excerpt":{"rendered":"Et vous, vous ferez quoi le 15\u00a0d\u00e9cembre 2026\u00a0? Nous, on sait. On sera au concert de Feu\u00a0! Chatterton&hellip;\n","protected":false},"author":2,"featured_media":383992,"comment_status":"","ping_status":"","sticky":false,"template":"","format":"standard","meta":{"footnotes":""},"categories":[2818],"tags":[5734,1111,11,51671,49832,1777,674,1312,1011,27,766,12,2636,25,7347,12177],"class_list":{"0":"post-383991","1":"post","2":"type-post","3":"status-publish","4":"format-standard","5":"has-post-thumbnail","7":"category-nantes","8":"tag-5734","9":"tag-actu","10":"tag-actualites","11":"tag-chatterton","12":"tag-decembre","13":"tag-eu","14":"tag-europe","15":"tag-feu","16":"tag-fr","17":"tag-france","18":"tag-nantes","19":"tag-news","20":"tag-pays-de-la-loire","21":"tag-republique-francaise","22":"tag-scene","23":"tag-zenith"},"share_on_mastodon":{"url":"https:\/\/pubeurope.com\/@fr\/115188412117722314","error":""},"_links":{"self":[{"href":"https:\/\/www.europesays.com\/fr\/wp-json\/wp\/v2\/posts\/383991","targetHints":{"allow":["GET"]}}],"collection":[{"href":"https:\/\/www.europesays.com\/fr\/wp-json\/wp\/v2\/posts"}],"about":[{"href":"https:\/\/www.europesays.com\/fr\/wp-json\/wp\/v2\/types\/post"}],"author":[{"embeddable":true,"href":"https:\/\/www.europesays.com\/fr\/wp-json\/wp\/v2\/users\/2"}],"replies":[{"embeddable":true,"href":"https:\/\/www.europesays.com\/fr\/wp-json\/wp\/v2\/comments?post=383991"}],"version-history":[{"count":0,"href":"https:\/\/www.europesays.com\/fr\/wp-json\/wp\/v2\/posts\/383991\/revisions"}],"wp:featuredmedia":[{"embeddable":true,"href":"https:\/\/www.europesays.com\/fr\/wp-json\/wp\/v2\/media\/383992"}],"wp:attachment":[{"href":"https:\/\/www.europesays.com\/fr\/wp-json\/wp\/v2\/media?parent=383991"}],"wp:term":[{"taxonomy":"category","embeddable":true,"href":"https:\/\/www.europesays.com\/fr\/wp-json\/wp\/v2\/categories?post=383991"},{"taxonomy":"post_tag","embeddable":true,"href":"https:\/\/www.europesays.com\/fr\/wp-json\/wp\/v2\/tags?post=383991"}],"curies":[{"name":"wp","href":"https:\/\/api.w.org\/{rel}","templated":true}]}}