{"id":383995,"date":"2025-09-12T00:08:12","date_gmt":"2025-09-12T00:08:12","guid":{"rendered":"https:\/\/www.europesays.com\/fr\/383995\/"},"modified":"2025-09-12T00:08:12","modified_gmt":"2025-09-12T00:08:12","slug":"previsions-du-vendredi-12-septembre-2025-6","status":"publish","type":"post","link":"https:\/\/www.europesays.com\/fr\/383995\/","title":{"rendered":"pr\u00e9visions du vendredi 12 septembre 2025"},"content":{"rendered":"<p>Aujourd&rsquo;hui, le mercure affichera 19\u00b0C en moyenne \u00e0 Bordeaux. L&rsquo;apparition du soleil le matin sera retard\u00e9e par beaucoup de nuages. Il faudra s&rsquo;attendre \u00e0 des perturbations, les Bordelais se retrouveront sous des pluies \u00e9parses. Il va faire 18\u00b0C en moyenne. Un petit vent de sud-ouest soufflera. On annonce des \u00e9claircies pour cet apr\u00e8s-midi. La m\u00e9t\u00e9o va se r\u00e9chauffer avec une hausse de quelques degr\u00e9s. Les temp\u00e9ratures afficheront entre 20 et 23\u00b0C. Pendant que vous dormirez, dans la nuit de vendredi \u00e0 samedi, le ciel sera clair.<\/p>\n<p>Demain, \u00e0 Bordeaux, des nuages ne voudront pas laisser leur place au soleil. Des pluies \u00e9parses vont tomber sur la ville. Les valeurs seront comprises entre 14 et 23\u00b0C. Un temps voil\u00e9 avec un d\u00e9veloppement de nuages est pr\u00e9vu dans la matin\u00e9e. Un vent de sud-ouest soufflera un peu, avec 8 km\/h. Demain apr\u00e8s-midi, le soleil sera dissimul\u00e9 derri\u00e8re des nuages. D&rsquo;un autre c\u00f4t\u00e9, les temp\u00e9ratures vont grimper de quelques degr\u00e9s. Les valeurs s&rsquo;\u00e9chelonneront de 20 \u00e0 23\u00b0C. Demain soir, encore des nuages dans le ciel qui emp\u00eachent le soleil de faire son apparition. Il va pleuvoir. Une l\u00e9g\u00e8re brise de sud-ouest sera ressentie par les habitants.<\/p>\n<p>Une m\u00e9t\u00e9o mitig\u00e9e est pr\u00e9vue les prochains jours. Une d\u00e9gradation est attendue lundi, alors que la journ\u00e9e de dimanche aura \u00e9t\u00e9 ensoleill\u00e9e.<\/p>\n<p><\/p>\n","protected":false},"excerpt":{"rendered":"Aujourd&rsquo;hui, le mercure affichera 19\u00b0C en moyenne \u00e0 Bordeaux. L&rsquo;apparition du soleil le matin sera retard\u00e9e par beaucoup&hellip;\n","protected":false},"author":2,"featured_media":383996,"comment_status":"","ping_status":"","sticky":false,"template":"","format":"standard","meta":{"footnotes":""},"categories":[2817],"tags":[1111,11,3177,1997,1777,674,1011,27,2905,12,2219,2119,25],"class_list":{"0":"post-383995","1":"post","2":"type-post","3":"status-publish","4":"format-standard","5":"has-post-thumbnail","7":"category-bordeaux","8":"tag-actu","9":"tag-actualites","10":"tag-aquitaine","11":"tag-bordeaux","12":"tag-eu","13":"tag-europe","14":"tag-fr","15":"tag-france","16":"tag-gironde","17":"tag-news","18":"tag-nouvelle-aquitaine","19":"tag-previsions-meteo","20":"tag-republique-francaise"},"share_on_mastodon":{"url":"https:\/\/pubeurope.com\/@fr\/115188420245902459","error":""},"_links":{"self":[{"href":"https:\/\/www.europesays.com\/fr\/wp-json\/wp\/v2\/posts\/383995","targetHints":{"allow":["GET"]}}],"collection":[{"href":"https:\/\/www.europesays.com\/fr\/wp-json\/wp\/v2\/posts"}],"about":[{"href":"https:\/\/www.europesays.com\/fr\/wp-json\/wp\/v2\/types\/post"}],"author":[{"embeddable":true,"href":"https:\/\/www.europesays.com\/fr\/wp-json\/wp\/v2\/users\/2"}],"replies":[{"embeddable":true,"href":"https:\/\/www.europesays.com\/fr\/wp-json\/wp\/v2\/comments?post=383995"}],"version-history":[{"count":0,"href":"https:\/\/www.europesays.com\/fr\/wp-json\/wp\/v2\/posts\/383995\/revisions"}],"wp:featuredmedia":[{"embeddable":true,"href":"https:\/\/www.europesays.com\/fr\/wp-json\/wp\/v2\/media\/383996"}],"wp:attachment":[{"href":"https:\/\/www.europesays.com\/fr\/wp-json\/wp\/v2\/media?parent=383995"}],"wp:term":[{"taxonomy":"category","embeddable":true,"href":"https:\/\/www.europesays.com\/fr\/wp-json\/wp\/v2\/categories?post=383995"},{"taxonomy":"post_tag","embeddable":true,"href":"https:\/\/www.europesays.com\/fr\/wp-json\/wp\/v2\/tags?post=383995"}],"curies":[{"name":"wp","href":"https:\/\/api.w.org\/{rel}","templated":true}]}}