{"id":384003,"date":"2025-09-12T00:12:14","date_gmt":"2025-09-12T00:12:14","guid":{"rendered":"https:\/\/www.europesays.com\/fr\/384003\/"},"modified":"2025-09-12T00:12:14","modified_gmt":"2025-09-12T00:12:14","slug":"previsions-du-vendredi-12-septembre-2025-7","status":"publish","type":"post","link":"https:\/\/www.europesays.com\/fr\/384003\/","title":{"rendered":"pr\u00e9visions du vendredi 12 septembre 2025"},"content":{"rendered":"<p>Les nuages en pr\u00e9vision aujourd&rsquo;hui, \u00e0 Lille, et un ciel encore maussade. Les valeurs s&rsquo;\u00e9chelonneront entre 11 et 18\u00b0C. La ville sera touch\u00e9e par un vent de sud-ouest de 20 km\/h. En revanche, des \u00e9claircies appara\u00eetront dans la matin\u00e9e. Les temp\u00e9ratures avoisineront les 15\u00b0C. L&rsquo;apr\u00e8s-midi, des nuages \u00e9mailleront le ciel, g\u00eanant ainsi l&rsquo;arriv\u00e9e du soleil. Des pluies \u00e9parses vont tomber. Les valeurs seront comprises entre 17 et 18\u00b0C. Des pluies \u00e9parses tomberont dans la soir\u00e9e. Le thermom\u00e8tre affichera 14\u00b0C en moyenne. Un ciel pluvieux est attendu dans la nuit entre vendredi et samedi.<\/p>\n<p>Pour Lille, une m\u00e9t\u00e9o plus chaude est \u00e0 pr\u00e9voir demain puisque les temp\u00e9ratures vont enregistrer une augmentation. On anticipe des temp\u00e9ratures avoisinant 17\u00b0C. Un vent de sud-ouest soufflera \u00e0 20 km\/h. Le ciel va s&rsquo;\u00e9claircir dans la matin\u00e9e. Il va faire en moyenne 16\u00b0C. Demain apr\u00e8s-midi, l&rsquo;apparition du soleil sera retard\u00e9e par quelques nuages. Il est possible que de petites averses \u00e9clatent. Les valeurs afficheront entre 17\u00b0C et 20\u00b0C.<\/p>\n<p>Les conditions m\u00e9t\u00e9orologiques des jours suivants vont changer peu \u00e0 peu. Apr\u00e8s des conditions m\u00e9t\u00e9orologiques similaires dimanche, la situation changera lundi.<\/p>\n<p><\/p>\n","protected":false},"excerpt":{"rendered":"Les nuages en pr\u00e9vision aujourd&rsquo;hui, \u00e0 Lille, et un ciel encore maussade. Les valeurs s&rsquo;\u00e9chelonneront entre 11 et&hellip;\n","protected":false},"author":2,"featured_media":384004,"comment_status":"","ping_status":"","sticky":false,"template":"","format":"standard","meta":{"footnotes":""},"categories":[2815],"tags":[1111,11,1777,674,1011,27,811,1307,12,1308,1309,2119,25],"class_list":{"0":"post-384003","1":"post","2":"type-post","3":"status-publish","4":"format-standard","5":"has-post-thumbnail","7":"category-lille","8":"tag-actu","9":"tag-actualites","10":"tag-eu","11":"tag-europe","12":"tag-fr","13":"tag-france","14":"tag-hauts-de-france","15":"tag-lille","16":"tag-news","17":"tag-nord","18":"tag-nord-pas-de-calais","19":"tag-previsions-meteo","20":"tag-republique-francaise"},"share_on_mastodon":{"url":"https:\/\/pubeurope.com\/@fr\/115188435891932403","error":""},"_links":{"self":[{"href":"https:\/\/www.europesays.com\/fr\/wp-json\/wp\/v2\/posts\/384003","targetHints":{"allow":["GET"]}}],"collection":[{"href":"https:\/\/www.europesays.com\/fr\/wp-json\/wp\/v2\/posts"}],"about":[{"href":"https:\/\/www.europesays.com\/fr\/wp-json\/wp\/v2\/types\/post"}],"author":[{"embeddable":true,"href":"https:\/\/www.europesays.com\/fr\/wp-json\/wp\/v2\/users\/2"}],"replies":[{"embeddable":true,"href":"https:\/\/www.europesays.com\/fr\/wp-json\/wp\/v2\/comments?post=384003"}],"version-history":[{"count":0,"href":"https:\/\/www.europesays.com\/fr\/wp-json\/wp\/v2\/posts\/384003\/revisions"}],"wp:featuredmedia":[{"embeddable":true,"href":"https:\/\/www.europesays.com\/fr\/wp-json\/wp\/v2\/media\/384004"}],"wp:attachment":[{"href":"https:\/\/www.europesays.com\/fr\/wp-json\/wp\/v2\/media?parent=384003"}],"wp:term":[{"taxonomy":"category","embeddable":true,"href":"https:\/\/www.europesays.com\/fr\/wp-json\/wp\/v2\/categories?post=384003"},{"taxonomy":"post_tag","embeddable":true,"href":"https:\/\/www.europesays.com\/fr\/wp-json\/wp\/v2\/tags?post=384003"}],"curies":[{"name":"wp","href":"https:\/\/api.w.org\/{rel}","templated":true}]}}