{"id":384008,"date":"2025-09-12T00:15:40","date_gmt":"2025-09-12T00:15:40","guid":{"rendered":"https:\/\/www.europesays.com\/fr\/384008\/"},"modified":"2025-09-12T00:15:40","modified_gmt":"2025-09-12T00:15:40","slug":"marseille-roue-de-coups-et-blesse-par-balle-un-homme-torture-dans-ce-quartier","status":"publish","type":"post","link":"https:\/\/www.europesays.com\/fr\/384008\/","title":{"rendered":"Marseille. Rou\u00e9 de coups et bless\u00e9 par balle, un homme tortur\u00e9 dans ce quartier\u00a0?"},"content":{"rendered":"<p>            Par<br \/>\n        <strong><br \/>\n            <a href=\"https:\/\/actu.fr\/auteur\/fabien-binacchi\" title=\"Consulter tous les articles de Fabien Binacchi\" target=\"_blank\" rel=\"noopener\">Fabien Binacchi<\/a><br \/>\n        <\/strong><\/p>\n<p>        Publi\u00e9 le<\/p>\n<p>            11 sept. 2025 \u00e0 18h14        <\/p>\n<p><strong>INFO ACTU MARSEILLE.<\/strong> De multiples plaies profondes, dont une par balle. Un homme \u00e2g\u00e9 d\u2019une vingtaine d\u2019ann\u00e9es a \u00e9t\u00e9 retrouv\u00e9 tr\u00e8s s\u00e9rieusement bless\u00e9 <strong>dans une cit\u00e9 du 13e arrondissement<\/strong> de <a href=\"https:\/\/actu.fr\/marseille\/\" target=\"_blank\" rel=\"noopener\">Marseille<\/a>, ce mercredi 10\u00a0septembre, en fin de soir\u00e9e, apprend-on aupr\u00e8s des <a href=\"https:\/\/actu.fr\/tag\/marin-pompier\" target=\"_blank\" rel=\"noopener\">marins-pompiers.<\/a><\/p>\n<p class=\" wall-content\">Selon nos informations, il aurait \u00e9t\u00e9 <strong>s\u00e9questr\u00e9 et tortur\u00e9<\/strong> pendant plusieurs heures au moins, en repr\u00e9sailles, dans le cadre d\u2019un trafic de stup\u00e9fiants.<\/p>\n<p>Une balle dans le genou<\/p>\n<p class=\" wall-content\">Les secours l\u2019ont pris en charge en tr\u00e8s mauvais \u00e9tat. Vers 22h ce mercredi 10\u00a0septembre, ils interviennent<strong> cit\u00e9 des Oliviers<\/strong> pour secourir un homme aux multiples blessures.<\/p>\n<p>    <a href=\"https:\/\/www.google.com\/maps\/embed?pb=!1m18!1m12!1m3!1d2902.139990952974!2d5.411583856685477!3d43.33225959274962!2m3!1f0!2f0!3f0!3m2!1i1024!2i768!4f13.1!3m3!1m2!1s0x12c9bf9429e7ae5d%3A0x7a677cfdfd448ac9!2sRue%20Albert%20Marquet%2C%2013013%20Marseille!5e0!3m2!1sfr!2sfr!4v1757603154311!5m2!1sfr!2sfr\" title=\"Ouvrie le lien\" target=\"_blank\" rel=\"noopener\">Cliquez ici pour visualiser le contenu<\/a><\/p>\n<p class=\" wall-content\">Le cr\u00e2ne de cet individu est couvert de plaies, ses membres sup\u00e9rieurs \u00e9galement et les marins pompiers d\u00e9couvrent m\u00eame <strong>un impact de balle dans un genou.<\/strong><\/p>\n<p class=\" wall-content\">\u00ab\u2009Il a \u00e9t\u00e9 transport\u00e9 m\u00e9dicalis\u00e9\u2009\u00bb vers un h\u00f4pital <strong>\u00ab\u2009sans pronostic vital engag\u00e9\u2009\u00bb,<\/strong> pr\u00e9cisent-ils \u00e0 notre r\u00e9daction. Si ses jours ne sont donc pas en danger, le jeune homme a en tout cas \u00e9t\u00e9 la cible d\u2019<strong>un v\u00e9ritable d\u00e9ferlement de violences.<\/strong><\/p>\n<p>Dans un appartement squatt\u00e9<\/p>\n<p class=\" wall-content\">Selon les informations d\u2019actu Marseille, la victime aurait \u00e9t\u00e9 enferm\u00e9e et tortur\u00e9e dans un appartement squatt\u00e9 de la cit\u00e9 \u00e0 la suite d\u2019un diff\u00e9rend concernant un trafic de stup\u00e9fiants.<\/p>\n<p>Votre r\u00e9gion, votre actu !<\/p>\n<p>Recevez chaque jour les infos qui comptent pour vous.<\/p>\n<p>\t<a href=\"https:\/\/actu.fr\/newsletter\" class=\"ac-btn ac-btn--corner ac-btn--medium ac-btn--blue800\" target=\"_blank\" rel=\"noopener\">S&rsquo;incrire<\/a><\/p>\n<p class=\" wall-content\">Sollicit\u00e9 par notre r\u00e9daction, le parquet n\u2019avait pas donn\u00e9 suite dans l\u2019imm\u00e9diat.<\/p>\n<p class=\" wall-content\">Personnalisez votre actualit\u00e9 en ajoutant vos villes et m\u00e9dias en favori avec <a href=\"https:\/\/moncompte.actu.fr\" title=\"D\u00e9couvez Mon Actu\" rel=\"nofollow noopener\" data-trk=\"{&quot;cta&quot;:{&quot;action&quot;:&quot;https:\\\/\\\/moncompte.actu.fr&quot;,&quot;category&quot;:&quot;mon compte&quot;,&quot;from&quot;:&quot;article footer&quot;,&quot;name&quot;:&quot;Mon actu&quot;,&quot;type&quot;:&quot;cta&quot;}}\" target=\"_blank\">Mon Actu<\/a>.<\/p>\n","protected":false},"excerpt":{"rendered":"Par Fabien Binacchi Publi\u00e9 le 11 sept. 2025 \u00e0 18h14 INFO ACTU MARSEILLE. De multiples plaies profondes, dont&hellip;\n","protected":false},"author":2,"featured_media":384009,"comment_status":"","ping_status":"","sticky":false,"template":"","format":"standard","meta":{"footnotes":""},"categories":[2814],"tags":[1111,11,1777,674,118,1011,27,17289,884,12,1072,882,25],"class_list":{"0":"post-384008","1":"post","2":"type-post","3":"status-publish","4":"format-standard","5":"has-post-thumbnail","7":"category-marseille","8":"tag-actu","9":"tag-actualites","10":"tag-eu","11":"tag-europe","12":"tag-faits-divers","13":"tag-fr","14":"tag-france","15":"tag-marin-pompier","16":"tag-marseille","17":"tag-news","18":"tag-police","19":"tag-provence-alpes-cote-dazur","20":"tag-republique-francaise"},"share_on_mastodon":{"url":"https:\/\/pubeurope.com\/@fr\/115188447683189663","error":""},"_links":{"self":[{"href":"https:\/\/www.europesays.com\/fr\/wp-json\/wp\/v2\/posts\/384008","targetHints":{"allow":["GET"]}}],"collection":[{"href":"https:\/\/www.europesays.com\/fr\/wp-json\/wp\/v2\/posts"}],"about":[{"href":"https:\/\/www.europesays.com\/fr\/wp-json\/wp\/v2\/types\/post"}],"author":[{"embeddable":true,"href":"https:\/\/www.europesays.com\/fr\/wp-json\/wp\/v2\/users\/2"}],"replies":[{"embeddable":true,"href":"https:\/\/www.europesays.com\/fr\/wp-json\/wp\/v2\/comments?post=384008"}],"version-history":[{"count":0,"href":"https:\/\/www.europesays.com\/fr\/wp-json\/wp\/v2\/posts\/384008\/revisions"}],"wp:featuredmedia":[{"embeddable":true,"href":"https:\/\/www.europesays.com\/fr\/wp-json\/wp\/v2\/media\/384009"}],"wp:attachment":[{"href":"https:\/\/www.europesays.com\/fr\/wp-json\/wp\/v2\/media?parent=384008"}],"wp:term":[{"taxonomy":"category","embeddable":true,"href":"https:\/\/www.europesays.com\/fr\/wp-json\/wp\/v2\/categories?post=384008"},{"taxonomy":"post_tag","embeddable":true,"href":"https:\/\/www.europesays.com\/fr\/wp-json\/wp\/v2\/tags?post=384008"}],"curies":[{"name":"wp","href":"https:\/\/api.w.org\/{rel}","templated":true}]}}