{"id":384020,"date":"2025-09-12T00:22:13","date_gmt":"2025-09-12T00:22:13","guid":{"rendered":"https:\/\/www.europesays.com\/fr\/384020\/"},"modified":"2025-09-12T00:22:13","modified_gmt":"2025-09-12T00:22:13","slug":"les-grands-prix-de-la-creation-de-la-ville-de-paris-2025-sacrent-ceucle-et-jeanne-friot-2","status":"publish","type":"post","link":"https:\/\/www.europesays.com\/fr\/384020\/","title":{"rendered":"Les grands prix de la cr\u00e9ation de la ville de Paris 2025 sacrent C\u00e8ucle et Jeanne Friot"},"content":{"rendered":"<p>\n                                    <b>Publi\u00e9 le<\/b><br \/>\n                                    <\/p>\n<p>                                        12 septembre 2025<\/p>\n<p class=\"article-content col-md-8 offset-md-1\">\n                                Cette ann\u00e9e les cr\u00e9atrices de mode f\u00e9minine \u00e9taient \u00e0 l&rsquo;honneur des grands prix de la cr\u00e9ation de la ville de Paris. La capitale fran\u00e7aise c\u00e9l\u00e8bre depuis 2001 par ces r\u00e9compenses la cr\u00e9ativit\u00e9 et les savoir-faire qui grandissent en son sein. Et ce jeudi 11 septembre, sous les ors de l&rsquo;H\u00f4tel de ville, les jurys ont r\u00e9compens\u00e9 des cr\u00e9ateurs parisiens pour le design, les savoir-faire et la mode.<\/p>\n<p><img decoding=\"async\" class=\"news-image\" style=\"width:100%;max-width:726px;\" src=\"https:\/\/www.europesays.com\/fr\/wp-content\/uploads\/2025\/09\/fbde.jpg\" alt=\"Emilie Faure et Serge Ruffieux de 13 09 SR, Cl\u00e9a d'Anicet, Jeanne Friot et Auriane Blandin Gall de C\u00e8ucle\" loading=\"lazy\"\/>Emilie Faure et Serge Ruffieux de 13 09 SR, Cl\u00e9a d&rsquo;Anicet, Jeanne Friot et Auriane Blandin Gall de C\u00e8ucle &#8211; OG \/FNW<\/p>\n<p>\u00ab\u00a0Chaque ann\u00e9e c&rsquo;est un plaisir et un acte fort de remettre ces prix, a avanc\u00e9 Lyne Cohen-Solal, souriant du fait d&rsquo;avoir remis plus de 150 prix depuis 2001 \u00e0 des entrepreneurs et cr\u00e9atifs. Je trouve cela tr\u00e8s important car je consid\u00e8re cela comme un geste d&rsquo;espoir. Je crois qu&rsquo;il\u00a0est indispensable que des institutions prennent leurs responsabilit\u00e9s et montrent qu&rsquo;elles attendent quelque chose de bien de l\u2019avenir. Paris Capitale de la cr\u00e9ation, n&rsquo;est pas un vain mot. Mais c&rsquo;est une position qui se construit et se consolide chaque jour.\u00a0\u00bb<\/p>\n<p>Un propos align\u00e9 avec celui de l&rsquo;adjoint au maire Nicolas Bonnet-Oulaldj, en charge du commerce de l&rsquo;artisanat, des professions lib\u00e9rales des m\u00e9tiers d&rsquo;art et de la mode: \u00ab\u00a0Paris croit en l&rsquo;importance de soutenir les cr\u00e9ateurs, que ce soit via ses \u00e9coles, son incubateur ou le label Fabriqu\u00e9 \u00e0 Paris qui compte pr\u00e8s de 2.500 labellis\u00e9s dont des cr\u00e9ateurs de mode et des artisans d&rsquo;art. Face \u00e0 la question de la mont\u00e9e des haines, du racisme, des transphobies nous avons besoin de cette \u00e9nergie des jeunes cr\u00e9ateurs pour exprimer et d\u00e9fendre la libert\u00e9 par la cr\u00e9ation.\u00a0\u00bb<\/p>\n<p class=\"col-md-8 offset-md-1 article-content--texte\">Pour cette \u00e9dition 2025, les jurys ont c\u00e9l\u00e9br\u00e9 des propositions fortes. Le jury Mode, pr\u00e9sid\u00e9 par la cr\u00e9atrice parisienne <a class=\"fnwAddLinks\" href=\"https:\/\/be.fashionnetwork.com\/tags-vanessa-bruno\" title=\"Vanessa Bruno\" target=\"_blank\" rel=\"noopener\">Vanessa Bruno<\/a> a r\u00e9compens\u00e9 deux jeunes femmes \u00e0 la t\u00eate de leur marque et d\u00e9fendant des concepts forts. Le prix R\u00e9v\u00e9lation mode a \u00e9t\u00e9 d\u00e9cern\u00e9 \u00e0 Auriane Blandin-<a class=\"fnwAddLinks\" href=\"https:\/\/be.fashionnetwork.com\/tags-gall\" title=\"Gall\" target=\"_blank\" rel=\"noopener\">Gall<\/a> pour sa marque C\u00e8ucle qui propose un vestiaire unisexe. \u00ab\u00a0Nous avons voulu r\u00e9compenser des projets qui s&rsquo;appuyaient sur une vision forte sur laquelle pouvaient se construire des marques de fa\u00e7on p\u00e9renne, a expliqu\u00e9 la pr\u00e9sidente du jury. Avec C\u00e8ucle, Auriane exprime son talent pour le patronage. Il y a une \u00e9vidence dans la simplicit\u00e9 tout en \u00e9tant tr\u00e8s \u00e9labor\u00e9 pour construire une proposition unisexe, jouant avec le minimaliste\u00a0\u00bb.<\/p>\n<p>Form\u00e9e \u00e0 la chambre syndicale de la coutre parisienne, Auriane Blandin-Gall \u00e9volue pendant six ann\u00e9es dans la maison d&rsquo;<a class=\"fnwAddLinks\" href=\"https:\/\/be.fashionnetwork.com\/tags-esteban-cortazar\" title=\"Esteban Cortazar\" target=\"_blank\" rel=\"noopener\">Esteban Cortazar<\/a>. En 2021, elle initie un projet de sa propre marque. \u00ab\u00a0J&rsquo;ai d\u00e9but\u00e9 par l&rsquo;enfant et rapidement des parents m&rsquo;ont dit qu&rsquo;ils aimeraient avoir la m\u00eame chose pour eux. Je crois que c&rsquo;est l&rsquo;\u00e9lan qui me manquait pour que je m&rsquo;autorise \u00e0 faire une marque pour l&rsquo;adulte.\u00a0\u00bb Les coupes sont amples, les mati\u00e8res qualitatives recherch\u00e9es dans des stocks dormants, avec un positionnement cr\u00e9ateur. C\u00e8ucle construit progressivement son vestiaire, ajoutant injection apr\u00e8s injection des \u00e9l\u00e9ments suppl\u00e9mentaires. Les 18.000 euros de l&rsquo;enveloppe du prix devraient lui permettre d&rsquo;investir dans la communication et le mod\u00e9lisme. La marque a d\u00e9but\u00e9 par la vente en direct sur son site marchand et via des pop-ups. Elle va pr\u00e9senter du 18 au 21 septembre, rue de Saintonge au coeur de Paris son dernier drop. Et commence \u00e0 travailler la saison prochaine avec des revendeurs.\u00a0<\/p>\n<p>Pour sa part Jeanne Friot entend exploiter la dotation pour continuer de porter son propos d&rsquo;une mode \u00e9coresponsable exploitant des stocks dormants et non genr\u00e9e, v\u00e9hiculant une vision queer, via ses d\u00e9fil\u00e9s. Apr\u00e8s avoir pr\u00e9sent\u00e9 son univers en juin dernier \u00e0 Paris, la cr\u00e9atrice entend continuer de mettre en sc\u00e8ne son travail en janvier prochain. Certes, les collaborations avec des stars ainsi que la cr\u00e9ation de la tenue de la cavali\u00e8re argent\u00e9e fendant la Seine durant la c\u00e9r\u00e9monie d&rsquo;ouverture des Jeux Olympiques de Paris, l&rsquo;ont plac\u00e9e dans la lumi\u00e8re. Mais pour Jeanne Friot, qui a fond\u00e9 la marque a son nom en 2020 apr\u00e8s des exp\u00e9riences au sein de grandes maisons de luxe, la r\u00e9compense du prix de l&rsquo;engagement mode de la ville de Paris intervient \u00e0 point nomm\u00e9 pour accompagner son d\u00e9veloppement.<\/p>\n<p>Le contexte global s&rsquo;av\u00e8re en effet tendu pour qui d\u00e9fend des id\u00e9es progressistes et la cr\u00e9atrice multiplie les projets avec diff\u00e9rents univers: de la danse, avec la r\u00e9alisation de costumes pour des spectacles \u00e0 Londres et Paris, au mobilier via une r\u00e9cente collaboration avec La Redoute. \u00ab\u00a0J&rsquo;ai toujours eu une ambition et une vision globale pour la marque. Depuis 2020, nous avons toujours eu des sponsors pour nos shows. Les entreprises am\u00e9ricaines s&rsquo;impliquaient, mais avec les reculs de ces derniers mois cela s&rsquo;est tari. C&rsquo;\u00e9tait un int\u00e9r\u00eat d&rsquo;avoir des projets multiples, c&rsquo;est devenu une n\u00e9cessit\u00e9\u00a0\u00bb, pr\u00e9cise la cr\u00e9atrice qui appelle de ses voeux des mesures de soutien pour les cr\u00e9atifs \u00e9tablis qui doivent structurer leur entreprise.<\/p>\n<p>Jeune entrepreneure elle aussi, Elia Pradel a b\u00e9n\u00e9fici\u00e9 de l&rsquo;accompagnement du bureau de design de la mode et des m\u00e9tiers d&rsquo;art de la ville de Paris en \u00e9tant incub\u00e9e depuis deux ans avec sa marque de bijoux Anicet, du nom de son p\u00e8re. Laur\u00e9ate du prix accessoires Bijoux, la Guadeloup\u00e9enne, Parisienne d&rsquo;adoption donne une nouvelle vie \u00e0 des bijoux anciens en argent et plaqu\u00e9 or avec une interpr\u00e9tation moderne. \u00ab\u00a0Nous travaillons avec de vieilles pi\u00e8ces mais nous nous fournissons aussi aupr\u00e8s des marques de luxe et des bijoutiers, explique Elia Pradel. Nous apportons des jeux de rythmes en reformant librement les maillages.\u00a0\u00bb La cr\u00e9atrice cr\u00e9e une collection permanente vendue sur son site, initie des drops th\u00e9matiques. Son projet Botanica, qui rend hommage \u00e0 la nature des Antilles, sera d&rsquo;ailleurs pr\u00e9sent\u00e9 dans une exposition hors les murs du quai Branly qui se tiendra dans les Cara\u00efbes. Au-del\u00e0 de cette offre, Elia Pradel propose aussi aux clients de r\u00e9aliser des projets sp\u00e9ciaux et organise avec des marques des ateliers VIP.\u00a0<\/p>\n<p>Enfin, Emilie Faure et <a class=\"fnwAddLinks\" href=\"https:\/\/be.fashionnetwork.com\/tags-serge-ruffieux\" title=\"Serge Ruffieux\" target=\"_blank\" rel=\"noopener\">Serge Ruffieux<\/a> ont d\u00e9croch\u00e9 le prix accessoires avec leur marque 13 09 SR, fond\u00e9e il y a quatre ans. Le duo (elle journaliste mode et lui designer de pr\u00eat-\u00e0-porter) a d&rsquo;abord initi\u00e9 une marque de chaussures haut-de-gamme. Les mod\u00e8les de 13 09 SR ultra cr\u00e9atifs optent pour une semelle plate et surtout une primaut\u00e9 au confort. Les entrepreneurs ont ajout\u00e9 le sac dans leur proposition l&rsquo;an pass\u00e9 et entendent d\u00e9velopper encore leur univers dans les prochaines saisons, pourquoi pas en explorant quelques mod\u00e8les \u00e0 talon. \u00ab\u00a0Nous avons \u00e9t\u00e9 finaliste de l&rsquo;Andam, mais l&rsquo;approche \u00e9tait diff\u00e9rente. Avec le prix de la ville de Paris, l&rsquo;attention se porte sur la cr\u00e9ation, estime le duo. Ce prix va nous permettre de continuer de travailler l&rsquo;image pour \u00eatre encore plus visible pas seulement sur un moment mais construire une communication accompagnant la marque. Il faut \u00eatre cr\u00e9atif et ing\u00e9nieux.\u00a0\u00bb<\/p>\n<p>Cette \u00e9dition a aussi r\u00e9compens\u00e9 la cr\u00e9ativit\u00e9 dans les cat\u00e9gories Design et M\u00e9tiers d&rsquo;art.<\/p>\n<p>Le prix R\u00e9v\u00e9lation dans le design est revenu au duo Sacha Parent et Valentine Tiraboschi qui explorent les proc\u00e9d\u00e9s de production et cherchent \u00e0 innover dans la r\u00e9alisation de produits dans diff\u00e9rentes mati\u00e8res que ce soit le verre ou les arts plastiques. Autre duo, le studio de Dach&amp;Zephir de Florian Dach et Dimitri Zephir a re\u00e7u le prix de l&rsquo;engagement dans le design pour son travail faisant dialoguer la cr\u00e9ation design et les savoir-faire et h\u00e9ritage des Antilles. Le prix doit notamment leur permettre de r\u00e9aliser une cartographie sensible des savoir-faire en Guadeloupe et en Martinique.<\/p>\n<p>Le prix R\u00e9v\u00e9lation pour les m\u00e9tiers d&rsquo;art a lui \u00e9t\u00e9 remis \u00e0 Lucille Boitelle pour r\u00e9compenser son travail de peintre ornemaniste, qui imagine des propositions pour diff\u00e9rents supports du textile \u00e0 la c\u00e9ramique et diff\u00e9rents \u00e9diteurs. Chlo\u00e9 Bensahel a elle re\u00e7u le prix de l&rsquo;Engagement des m\u00e9tiers d&rsquo;art pour ses tentures m\u00ealant textiles et technologies.\n                            <\/p>\n<p>\n                                Tous droits de reproduction et de repr\u00e9sentation r\u00e9serv\u00e9s.<br \/>\u00a9 2025 FashionNetwork.com\n                            <\/p>\n","protected":false},"excerpt":{"rendered":"Publi\u00e9 le 12 septembre 2025 Cette ann\u00e9e les cr\u00e9atrices de mode f\u00e9minine \u00e9taient \u00e0 l&rsquo;honneur des grands prix&hellip;\n","protected":false},"author":2,"featured_media":384019,"comment_status":"","ping_status":"","sticky":false,"template":"","format":"standard","meta":{"footnotes":""},"categories":[1888],"tags":[11,2424,537,2423,51673,1777,674,1011,27,51675,2425,985,12,2298,626,2426,2427,25,2421,51674,2422,51672],"class_list":{"0":"post-384020","1":"post","2":"type-post","3":"status-publish","4":"format-standard","5":"has-post-thumbnail","7":"category-paris","8":"tag-actualites","9":"tag-beaute","10":"tag-contact","11":"tag-cosmetiques","12":"tag-esteban-cortazar","13":"tag-eu","14":"tag-europe","15":"tag-fr","16":"tag-france","17":"tag-gall","18":"tag-luxe","19":"tag-mode","20":"tag-news","21":"tag-parfum","22":"tag-paris","23":"tag-professionnel","24":"tag-professionnels","25":"tag-republique-francaise","26":"tag-reseau","27":"tag-serge-ruffieux","28":"tag-textile","29":"tag-vanessa-bruno"},"share_on_mastodon":{"url":"https:\/\/pubeurope.com\/@fr\/115188475316929198","error":""},"_links":{"self":[{"href":"https:\/\/www.europesays.com\/fr\/wp-json\/wp\/v2\/posts\/384020","targetHints":{"allow":["GET"]}}],"collection":[{"href":"https:\/\/www.europesays.com\/fr\/wp-json\/wp\/v2\/posts"}],"about":[{"href":"https:\/\/www.europesays.com\/fr\/wp-json\/wp\/v2\/types\/post"}],"author":[{"embeddable":true,"href":"https:\/\/www.europesays.com\/fr\/wp-json\/wp\/v2\/users\/2"}],"replies":[{"embeddable":true,"href":"https:\/\/www.europesays.com\/fr\/wp-json\/wp\/v2\/comments?post=384020"}],"version-history":[{"count":0,"href":"https:\/\/www.europesays.com\/fr\/wp-json\/wp\/v2\/posts\/384020\/revisions"}],"wp:featuredmedia":[{"embeddable":true,"href":"https:\/\/www.europesays.com\/fr\/wp-json\/wp\/v2\/media\/384019"}],"wp:attachment":[{"href":"https:\/\/www.europesays.com\/fr\/wp-json\/wp\/v2\/media?parent=384020"}],"wp:term":[{"taxonomy":"category","embeddable":true,"href":"https:\/\/www.europesays.com\/fr\/wp-json\/wp\/v2\/categories?post=384020"},{"taxonomy":"post_tag","embeddable":true,"href":"https:\/\/www.europesays.com\/fr\/wp-json\/wp\/v2\/tags?post=384020"}],"curies":[{"name":"wp","href":"https:\/\/api.w.org\/{rel}","templated":true}]}}