{"id":384022,"date":"2025-09-12T00:24:13","date_gmt":"2025-09-12T00:24:13","guid":{"rendered":"https:\/\/www.europesays.com\/fr\/384022\/"},"modified":"2025-09-12T00:24:13","modified_gmt":"2025-09-12T00:24:13","slug":"la-attaque-de-la-russie-contre-doha-nuit-a-la-stabilite-du-moyen-orient","status":"publish","type":"post","link":"https:\/\/www.europesays.com\/fr\/384022\/","title":{"rendered":"La attaque de la Russie contre Doha nuit \u00e0 la stabilit\u00e9 du Moyen-Orient"},"content":{"rendered":"<p>ARTA &#8211; L&rsquo;attaque isra\u00e9lienne contre la capitale du Qatar, Doha, nuit de plus en plus \u00e0 la stabilit\u00e9 au Moyen-Orient, a d\u00e9clar\u00e9 jeudi le ministre russe des Affaires \u00e9trang\u00e8res Sergue\u00ef Lavrov lors d&rsquo;une r\u00e9union interm\u00e9diaire du dialogue strat\u00e9gique Russie et du Conseil de coop\u00e9ration du Golfe arabe (CCG).<\/p>\n<p>\u00bb Notre r\u00e9union d\u2019aujourd\u2019hui a eu lieu dans un contexte d\u2019escalade des tensions militaires et politiques au Moyen-Orient en raison de l\u2019attaque de missiles et de bombes isra\u00e9liennes \u00e0 Doha, la capitale du Qatar, le 9 septembre \u00bb, a d\u00e9clar\u00e9 le ministre des Affaires \u00e9trang\u00e8res Lavrov, cit\u00e9 par TASS le 12 septembre.<\/p>\n<p>ronyme : \u00ab Nous avons re\u00e7u des nouvelles de cette action avec de profondes pr\u00e9occupations. Nous la consid\u00e9rons comme une violation grave du droit international, en particulier de la Charte des Nations Unies, comme une violation de la souverainet\u00e9 et de l\u2019int\u00e9grit\u00e9 territoriale d\u2019un pays ind\u00e9pendant, une \u00e9tape qui conduit \u00e0 une d\u00e9stabilisation suppl\u00e9mentaire de la situation au Moyen-Orient. De telles actions m\u00e9ritent bien s\u00fbr d\u2019\u00eatre condamn\u00e9es de mani\u00e8re s\u00e9v\u00e8re \u00bb, a-t-il d\u00e9clar\u00e9.<\/p>\n<p>Isra\u00ebl a lanc\u00e9 une attaque contre la direction du Hamas au Qatar, \u00e9tendant son action militaire qui a atteint tout le Moyen-Orient pour inclure un pays du Golfe arabe o\u00f9 le groupe islamique palestinien a depuis longtemps une base politique.<\/p>\n<p>ronyme : plusieurs explosions ont \u00e9t\u00e9 entendues \u00e0 Doha, au Qatar, le mardi 9 septembre, ont indiqu\u00e9 des t\u00e9moins oculaires.<\/p>\n<p>d\u2019une fureur noire s\u2019est retir\u00e9e de la station-service Legtifya de la ville. Juste \u00e0 c\u00f4t\u00e9 de la station-service, il y a un petit complexe r\u00e9sidentiel gard\u00e9 par les forces \u00e9mirales du Qatar 24 heures par jour depuis le d\u00e9but du conflit de Gaza.<\/p>\n<p>ar al Jazeera de la t\u00e9l\u00e9vision qatarne, citant des sources du Hamas, a d\u00e9clar\u00e9 que l\u2019attaque visait les n\u00e9gociateurs du Cessez-le-feu du Hamas \u00e0 Gaza.<\/p>\n<p>isra\u00e9liens ont confirm\u00e9 \u00e0 Reuters qu&rsquo;Isra\u00ebl avait lanc\u00e9 une attaque contre les dirigeants du Hamas au Qatar.<\/p>\n<p>Hamas a confirm\u00e9 qu\u2019aucun de ses fonctionnaires n\u2019avait \u00e9t\u00e9 tu\u00e9 par l\u2019attaque. Cependant, ils ont confirm\u00e9 que l\u2019attaque avait tu\u00e9 six personnes, dont le fils du chef du Hamas dans la bande de Gaza, Khalil al-Hprav, Humam et un soldat qatar.<\/p>\n<p>, le Premier ministre Benjamin Netanyahu a d\u00e9clar\u00e9 qu\u2019il avait ordonn\u00e9 \u00e0 l\u2019arm\u00e9e isra\u00e9lienne de se pr\u00e9parer \u00e0 attaquer les dirigeants du groupe militant palestinien Hamas apr\u00e8s une attaque meurtri\u00e8re \u00e0 J\u00e9rusalem lundi.<\/p>\n<p>isra\u00e9liennes de d\u00e9fense (IDF) ont d\u00e9clar\u00e9 avoir men\u00e9 des op\u00e9rations sp\u00e9ciales contre de hauts responsables du Hamas, mais n\u2019a pas mentionn\u00e9 son emplacement. La d\u00e9claration est apparue au milieu de rapports sur une s\u00e9rie d\u2019explosions \u00e0 Doha.<\/p>\n<p>Isra\u00e9liens, citant un haut responsable isra\u00e9lien, ont d\u00e9clar\u00e9 que l\u2019attaque avait dirig\u00e9 les principaux dirigeants du Hamas, dont Khalil al-Homs, le chef exil\u00e9 du Hamas \u00e0 Gaza et le principal n\u00e9gociateur.<\/p>\n<p>man Al Thani, lors d\u2019une entretien avec le Premier ministre et ministre des Affaires \u00e9trang\u00e8res, Mohammed bin Abdulrahman Al Thani, a exprim\u00e9 sa solidarit\u00e9 avec les dirigeants et le peuple du Qatar en ce qui concerne l\u2019attaque isra\u00e9lienne \u00e0 Doha, a d\u00e9clar\u00e9 le minist\u00e8re russe des Affaires \u00e9trang\u00e8res.<\/p>\n<p>Rosso Flickr a annonc\u00e9 : \u00ab Lors d\u2019un appel t\u00e9l\u00e9phonique entre le ministre russe des Affaires \u00e9trang\u00e8res Sergue\u00ef Lavrov et le Premier ministre au Qatar et le ministre des Affaires \u00e9trang\u00e8res Mohammed bin Abdulrahman Al Thani, le haut diplomate russe a exprim\u00e9 sa solidarit\u00e9 avec les dirigeants et le peuple du Qatar concernant l\u2019attaque isra\u00e9lienne \u00e0 Doha le 9 septembre \u00bb, a rapport\u00e9 le minist\u00e8re russe des Affaires \u00e9trang\u00e8res.<\/p>\n<p>ronyme : Moscou consid\u00e8re l&rsquo;attaque isra\u00e9lienne contre la capitale au Qatar comme une violation flagrante du droit international et de la Charte des Nations Unies.<\/p>\n<p>Rosse consid\u00e8re l\u2019incident comme une violation \u00e9vidente du droit international et de la Charte des Nations Unies, une attaque contre la souverainet\u00e9 et l\u2019int\u00e9grit\u00e9 territoriale d\u2019un pays ind\u00e9pendant et une d\u00e9cision qui accroche de plus en plus les tensions et l\u2019instabilit\u00e9 au Moyen-Orient \u00bb, a d\u00e9clar\u00e9 le minist\u00e8re russe des Affaires \u00e9trang\u00e8res.<\/p>\n<p>il, selon le minist\u00e8re, une telle m\u00e9thode de traitement contre ceux qui consid\u00e8rent Isra\u00ebl comme leurs ennemis et leurs adversaires est tr\u00e8s humiliant.<\/p>\n<p>ar a soulign\u00e9 que \u00ab une attaque de missiles contre le Qatar, un pays qui joue un r\u00f4le de m\u00e9diateur cl\u00e9 dans les n\u00e9gociations indirectes entre le Hamas et le leadership isra\u00e9lien visant \u00e0 mettre fin \u00e0 une guerre qui dure pr\u00e8s de deux ans dans la bande de Gaza et lib\u00e9rer les personnes d\u00e9tenues, ne peut \u00eatre consid\u00e9r\u00e9e comme aucune autre action que une action visant \u00e0 d\u00e9stabiliser les efforts internationaux visant \u00e0 trouver une solution pacifique \u00bb, indique le communiqu\u00e9.<\/p>\n<p>The English, Chinese, Japanese, Arabic, and French versions are automatically generated by the AI. So there may still be inaccuracies in translating, please always see Indonesian as our main language.<br \/>\n                                    (system supported by DigitalSiber.id)<\/p>\n","protected":false},"excerpt":{"rendered":"ARTA &#8211; L&rsquo;attaque isra\u00e9lienne contre la capitale du Qatar, Doha, nuit de plus en plus \u00e0 la stabilit\u00e9&hellip;\n","protected":false},"author":2,"featured_media":384023,"comment_status":"","ping_status":"","sticky":false,"template":"","format":"standard","meta":{"footnotes":""},"categories":[1591],"tags":[11,51676,51677,1887,665,664,3257,12,1885,1886,132,1135],"class_list":{"0":"post-384022","1":"post","2":"type-post","3":"status-publish","4":"format-standard","5":"has-post-thumbnail","7":"category-russie","8":"tag-actualites","9":"tag-ar-gaza","10":"tag-conflit-palestinien","11":"tag-federation-de-russie","12":"tag-gaza","13":"tag-israel","14":"tag-moyen-orient","15":"tag-news","16":"tag-russia","17":"tag-russian-federation","18":"tag-russie","19":"tag-serguei-lavrov"},"share_on_mastodon":{"url":"https:\/\/pubeurope.com\/@fr\/115188482982807747","error":""},"_links":{"self":[{"href":"https:\/\/www.europesays.com\/fr\/wp-json\/wp\/v2\/posts\/384022","targetHints":{"allow":["GET"]}}],"collection":[{"href":"https:\/\/www.europesays.com\/fr\/wp-json\/wp\/v2\/posts"}],"about":[{"href":"https:\/\/www.europesays.com\/fr\/wp-json\/wp\/v2\/types\/post"}],"author":[{"embeddable":true,"href":"https:\/\/www.europesays.com\/fr\/wp-json\/wp\/v2\/users\/2"}],"replies":[{"embeddable":true,"href":"https:\/\/www.europesays.com\/fr\/wp-json\/wp\/v2\/comments?post=384022"}],"version-history":[{"count":0,"href":"https:\/\/www.europesays.com\/fr\/wp-json\/wp\/v2\/posts\/384022\/revisions"}],"wp:featuredmedia":[{"embeddable":true,"href":"https:\/\/www.europesays.com\/fr\/wp-json\/wp\/v2\/media\/384023"}],"wp:attachment":[{"href":"https:\/\/www.europesays.com\/fr\/wp-json\/wp\/v2\/media?parent=384022"}],"wp:term":[{"taxonomy":"category","embeddable":true,"href":"https:\/\/www.europesays.com\/fr\/wp-json\/wp\/v2\/categories?post=384022"},{"taxonomy":"post_tag","embeddable":true,"href":"https:\/\/www.europesays.com\/fr\/wp-json\/wp\/v2\/tags?post=384022"}],"curies":[{"name":"wp","href":"https:\/\/api.w.org\/{rel}","templated":true}]}}