{"id":384033,"date":"2025-09-12T00:30:34","date_gmt":"2025-09-12T00:30:34","guid":{"rendered":"https:\/\/www.europesays.com\/fr\/384033\/"},"modified":"2025-09-12T00:30:34","modified_gmt":"2025-09-12T00:30:34","slug":"le-parlement-europeen-demande-la-reconnaissance-dun-etat-palestinien","status":"publish","type":"post","link":"https:\/\/www.europesays.com\/fr\/384033\/","title":{"rendered":"Le Parlement europ\u00e9en demande la reconnaissance d&rsquo;un \u00c9tat palestinien"},"content":{"rendered":"<p>          <img decoding=\"async\" class=\"c-ad__placeholder__logo\" src=\"https:\/\/static.euronews.com\/website\/images\/logos\/logo-euronews-stacked-outlined-72x72-grey-9.svg\" width=\"72\" height=\"72\" alt=\"\" loading=\"lazy\"\/><br \/>\n          PUBLICIT\u00c9<\/p>\n<p>Le Parlement europ\u00e9en a approuv\u00e9 jeudi une r\u00e9solution appelant les \u00c9tats membres de l&rsquo;UE \u00e0 \u00ab\u00a0envisager de reconna\u00eetre l&rsquo;\u00c9tat de Palestine, en vue de parvenir \u00e0 la solution des deux \u00c9tats\u00a0\u00bb.<\/p>\n<p>Alors que le Parlement a <a href=\"https:\/\/www.europarl.europa.eu\/news\/en\/press-room\/20141212IPR01105\/european-parliament-resolution-on-recognition-of-palestine-statehood\" target=\"_blank\" rel=\"noreferrer noopener\">soutenu<\/a> la \u00ab\u00a0reconnaissance de principe de l&rsquo;\u00c9tat palestinien\u00a0\u00bb dans le pass\u00e9, cette nouvelle r\u00e9solution semble \u00eatre un appel plus direct aux gouvernements nationaux pour qu&rsquo;ils agissent.<\/p>\n<p>La r\u00e9solution a \u00e9t\u00e9 approuv\u00e9e par 305 voix pour, 151 contre et 122 abstentions. Selon l&rsquo;eurod\u00e9put\u00e9 socialiste italien Nicola Zingaretti, ce r\u00e9sultat est le fruit de n\u00e9gociations approfondies entre les groupes politiques sur diff\u00e9rents amendements.<\/p>\n<p>Le vote a \u00e9t\u00e9 long et tendu, et les membres du Parlement ont m\u00eame demand\u00e9 une pause pour v\u00e9rifier les votes des amendements sur Gaza, avant de proc\u00e9der au vote final sur la r\u00e9solution dans son ensemble.<\/p>\n<p>Un autre point litigieux de la r\u00e9solution \u00e9tait l&rsquo;utilisation du terme \u00ab\u00a0g\u00e9nocide\u00a0\u00bb pour d\u00e9crire les attaques d&rsquo;Isra\u00ebl sur Gaza. La formulation \u00ab\u00a0actions g\u00e9nocidaires\u00a0\u00bb a finalement \u00e9t\u00e9 rejet\u00e9e et exclue du texte.<\/p>\n","protected":false},"excerpt":{"rendered":"PUBLICIT\u00c9 Le Parlement europ\u00e9en a approuv\u00e9 jeudi une r\u00e9solution appelant les \u00c9tats membres de l&rsquo;UE \u00e0 \u00ab\u00a0envisager de&hellip;\n","protected":false},"author":2,"featured_media":384034,"comment_status":"","ping_status":"","sticky":false,"template":"","format":"standard","meta":{"footnotes":""},"categories":[1586],"tags":[11,1777,674,1779,1011,27,664,12,3518,8552,25,1778,364],"class_list":{"0":"post-384033","1":"post","2":"type-post","3":"status-publish","4":"format-standard","5":"has-post-thumbnail","7":"category-europe","8":"tag-actualites","9":"tag-eu","10":"tag-europe","11":"tag-european-union","12":"tag-fr","13":"tag-france","14":"tag-israel","15":"tag-news","16":"tag-palestine","17":"tag-parlement-europeen","18":"tag-republique-francaise","19":"tag-ue","20":"tag-union-europeenne"},"share_on_mastodon":{"url":"https:\/\/pubeurope.com\/@fr\/115188506608716384","error":""},"_links":{"self":[{"href":"https:\/\/www.europesays.com\/fr\/wp-json\/wp\/v2\/posts\/384033","targetHints":{"allow":["GET"]}}],"collection":[{"href":"https:\/\/www.europesays.com\/fr\/wp-json\/wp\/v2\/posts"}],"about":[{"href":"https:\/\/www.europesays.com\/fr\/wp-json\/wp\/v2\/types\/post"}],"author":[{"embeddable":true,"href":"https:\/\/www.europesays.com\/fr\/wp-json\/wp\/v2\/users\/2"}],"replies":[{"embeddable":true,"href":"https:\/\/www.europesays.com\/fr\/wp-json\/wp\/v2\/comments?post=384033"}],"version-history":[{"count":0,"href":"https:\/\/www.europesays.com\/fr\/wp-json\/wp\/v2\/posts\/384033\/revisions"}],"wp:featuredmedia":[{"embeddable":true,"href":"https:\/\/www.europesays.com\/fr\/wp-json\/wp\/v2\/media\/384034"}],"wp:attachment":[{"href":"https:\/\/www.europesays.com\/fr\/wp-json\/wp\/v2\/media?parent=384033"}],"wp:term":[{"taxonomy":"category","embeddable":true,"href":"https:\/\/www.europesays.com\/fr\/wp-json\/wp\/v2\/categories?post=384033"},{"taxonomy":"post_tag","embeddable":true,"href":"https:\/\/www.europesays.com\/fr\/wp-json\/wp\/v2\/tags?post=384033"}],"curies":[{"name":"wp","href":"https:\/\/api.w.org\/{rel}","templated":true}]}}