{"id":384039,"date":"2025-09-12T00:33:10","date_gmt":"2025-09-12T00:33:10","guid":{"rendered":"https:\/\/www.europesays.com\/fr\/384039\/"},"modified":"2025-09-12T00:33:10","modified_gmt":"2025-09-12T00:33:10","slug":"liran-et-la-france-sur-le-point-de-valider-un-echange-de-prisonniers","status":"publish","type":"post","link":"https:\/\/www.europesays.com\/fr\/384039\/","title":{"rendered":"L&rsquo;Iran et la France sur le point de valider un \u00e9change de prisonniers"},"content":{"rendered":"<p>Paris et T\u00e9h\u00e9ran ont repris le dialogue. Le ministre iranien des Affaires \u00e9trang\u00e8res, Abbas Araghchi, a d\u00e9clar\u00e9 jeudi qu&rsquo;un accord visant \u00e0 \u00e9changer des prisonniers fran\u00e7ais en Iran contre une Iranienne d\u00e9tenue en France approchait de sa \u00abphase finale\u00bb.<\/p>\n<p>\u00abJe peux maintenant dire que nous sommes arriv\u00e9s au point o\u00f9 (l&rsquo;accord sur) l&rsquo;\u00e9change des prisonniers fran\u00e7ais en Iran approche maintenant de sa phase finale\u00bb, a d\u00e9clar\u00e9 Abbas Araghchi dans une interview t\u00e9l\u00e9vis\u00e9e, sans donner plus de d\u00e9tails.<\/p>\n<p>L&rsquo;\u00e9change propos\u00e9 concerne Mahdieh Esfandiari, une Iranienne arr\u00eat\u00e9e en France en f\u00e9vrier pour avoir fait la promotion du terrorisme sur les r\u00e9seaux sociaux. L&rsquo;Iran a demand\u00e9 \u00e0 plusieurs reprises sa lib\u00e9ration, arguant qu&rsquo;elle avait \u00e9t\u00e9 injustement d\u00e9tenue.<\/p>\n<p>La CIJ saisie par Paris<\/p>\n<p>La France a d\u00e9pos\u00e9 en mai une requ\u00eate contre T\u00e9h\u00e9ran devant la Cour internationale de justice (CIJ) pour la d\u00e9tention de deux citoyens fran\u00e7ais, C\u00e9cile Kohler et Jacques Paris, que Paris estime \u00eatre \u00abretenus comme otages d&rsquo;Etat\u00bb. C\u00e9cile Kohler, 40 ans, et Jacques Paris, 72 ans, ont \u00e9t\u00e9 arr\u00eat\u00e9s le 7 mai 2022 et sont accus\u00e9s d&rsquo;espionnage pour le compte d&rsquo;Isra\u00ebl, l&rsquo;ennemi jur\u00e9 de l&rsquo;Iran. Leurs familles ont d\u00e9crit leur situation comme de plus en plus d\u00e9sesp\u00e9r\u00e9e.<\/p>\n<p>Lire aussi: <a href=\"https:\/\/www.letemps.ch\/articles\/accuse-d-espionnage-un-ressortissant-suisse-retrouve-mort-dans-une-prison-iranienne\" target=\"_blank\" rel=\"noopener\">Accus\u00e9 d\u2019espionnage, un ressortissant suisse retrouv\u00e9 mort dans une prison iranienne<\/a>  <\/p>\n<p>Le couple fait partie d&rsquo;une vingtaine d&rsquo;Europ\u00e9ens d\u00e9tenus en Iran, dont Lennart Monterlos, un Franco-Allemand de 19 ans qui effectuait un voyage \u00e0 v\u00e9lo entre l&rsquo;Europe et l&rsquo;Asie et qui a \u00e9t\u00e9 arr\u00eat\u00e9 dans le pays en juin, pendant la br\u00e8ve guerre entre l&rsquo;Iran et Isra\u00ebl.<\/p>\n","protected":false},"excerpt":{"rendered":"Paris et T\u00e9h\u00e9ran ont repris le dialogue. Le ministre iranien des Affaires \u00e9trang\u00e8res, Abbas Araghchi, a d\u00e9clar\u00e9 jeudi&hellip;\n","protected":false},"author":2,"featured_media":384040,"comment_status":"","ping_status":"","sticky":false,"template":"","format":"standard","meta":{"footnotes":""},"categories":[4],"tags":[11,1011,27,4438,3019,12,25],"class_list":{"0":"post-384039","1":"post","2":"type-post","3":"status-publish","4":"format-standard","5":"has-post-thumbnail","7":"category-france","8":"tag-actualites","9":"tag-fr","10":"tag-france","11":"tag-free","12":"tag-iran","13":"tag-news","14":"tag-republique-francaise"},"share_on_mastodon":{"url":"https:\/\/pubeurope.com\/@fr\/115188518305399325","error":""},"_links":{"self":[{"href":"https:\/\/www.europesays.com\/fr\/wp-json\/wp\/v2\/posts\/384039","targetHints":{"allow":["GET"]}}],"collection":[{"href":"https:\/\/www.europesays.com\/fr\/wp-json\/wp\/v2\/posts"}],"about":[{"href":"https:\/\/www.europesays.com\/fr\/wp-json\/wp\/v2\/types\/post"}],"author":[{"embeddable":true,"href":"https:\/\/www.europesays.com\/fr\/wp-json\/wp\/v2\/users\/2"}],"replies":[{"embeddable":true,"href":"https:\/\/www.europesays.com\/fr\/wp-json\/wp\/v2\/comments?post=384039"}],"version-history":[{"count":0,"href":"https:\/\/www.europesays.com\/fr\/wp-json\/wp\/v2\/posts\/384039\/revisions"}],"wp:featuredmedia":[{"embeddable":true,"href":"https:\/\/www.europesays.com\/fr\/wp-json\/wp\/v2\/media\/384040"}],"wp:attachment":[{"href":"https:\/\/www.europesays.com\/fr\/wp-json\/wp\/v2\/media?parent=384039"}],"wp:term":[{"taxonomy":"category","embeddable":true,"href":"https:\/\/www.europesays.com\/fr\/wp-json\/wp\/v2\/categories?post=384039"},{"taxonomy":"post_tag","embeddable":true,"href":"https:\/\/www.europesays.com\/fr\/wp-json\/wp\/v2\/tags?post=384039"}],"curies":[{"name":"wp","href":"https:\/\/api.w.org\/{rel}","templated":true}]}}