{"id":384044,"date":"2025-09-12T00:37:15","date_gmt":"2025-09-12T00:37:15","guid":{"rendered":"https:\/\/www.europesays.com\/fr\/384044\/"},"modified":"2025-09-12T00:37:15","modified_gmt":"2025-09-12T00:37:15","slug":"atp-boris-becker-sur-djokovic-pourquoi-joue-t-il-au-tennis-pour-remporter-rome-monte-carlo-ou-cincinnati-pour-la-17e-fois-ou-pour-gagner-un-25e-titre-du-grand-chelem-je-pense-que-cest-la-de","status":"publish","type":"post","link":"https:\/\/www.europesays.com\/fr\/384044\/","title":{"rendered":"ATP > Boris Becker sur Djokovic : \u00ab\u00a0Pourquoi joue-t-il au tennis ? Pour remporter Rome, Monte-Carlo ou Cincinnati pour la 17e fois ou pour gagner un 25e titre du Grand Chelem ? Je pense que c&rsquo;est la deuxi\u00e8me option mais il ne peut plus raisonnablement y parvenir\u00a0\u00bb"},"content":{"rendered":"<p>Boris Becker a r\u00e9pondu aux ques\u00adtions de sa compa\u00adtriote, Andrea Petkovic, lors du podcast de celle\u2010ci. Pour l\u2019an\u00adcien joueur alle\u00admand, l\u2019US Open a clai\u00adre\u00adment mis fin aux suppu\u00adta\u00adtions et espoirs de Novak Djokovic.<\/p>\n<p><strong>\u2018Le fait qu\u2019il soit r\u00e9el\u00adle\u00adment le troi\u00adsi\u00e8me joueur le plus fort du circuit est tr\u00e8s positif pour le Serbe, mais en r\u00e9alit\u00e9 n\u00e9gatif pour les autres. D\u2019une part, Novak a \u00e9gale\u00adment admis pour la premi\u00e8re fois apr\u00e8s le match qu\u2019il n\u2019\u00e9tait plus possible pour lui de jouer contre Sinner ou Alcaraz. Et il ne sait pas non plus combien de temps sa carri\u00e8re en Grand Chelem va encore durer. Pourquoi joue\u2010t\u2010il au tennis\u202f? Pour remporter Rome, Monte\u2010Carlo ou Cincinnati pour la 17e fois ou pour gagner 25 autres titres du Grand Chelem\u202f? Je pense que c\u2019est la deuxi\u00e8me option. Et je pense qu\u2019il a main\u00adte\u00adnant admis qu\u2019en raison de son \u00e2ge et de la force des jeunes joueurs, il ne peut plus raison\u00adna\u00adble\u00adment y parvenir.\u202f\u00bb<\/strong><\/p>\n<p class=\"post-published-date\" style=\"color: silver; font-size: 75%; text-align: left;\">Publi\u00e9 le jeudi 11 septembre 2025 \u00e0 10:40<\/p>\n","protected":false},"excerpt":{"rendered":"Boris Becker a r\u00e9pondu aux ques\u00adtions de sa compa\u00adtriote, Andrea Petkovic, lors du podcast de celle\u2010ci. Pour l\u2019an\u00adcien&hellip;\n","protected":false},"author":2,"featured_media":384045,"comment_status":"","ping_status":"","sticky":false,"template":"","format":"standard","meta":{"footnotes":""},"categories":[1415],"tags":[1744,105,1011,27,2127,60,1467],"class_list":{"0":"post-384044","1":"post","2":"type-post","3":"status-publish","4":"format-standard","5":"has-post-thumbnail","7":"category-tennis","8":"tag-alcaraz","9":"tag-djokovic","10":"tag-fr","11":"tag-france","12":"tag-sinner","13":"tag-sports","14":"tag-tennis"},"share_on_mastodon":{"url":"https:\/\/pubeurope.com\/@fr\/115188534016802887","error":""},"_links":{"self":[{"href":"https:\/\/www.europesays.com\/fr\/wp-json\/wp\/v2\/posts\/384044","targetHints":{"allow":["GET"]}}],"collection":[{"href":"https:\/\/www.europesays.com\/fr\/wp-json\/wp\/v2\/posts"}],"about":[{"href":"https:\/\/www.europesays.com\/fr\/wp-json\/wp\/v2\/types\/post"}],"author":[{"embeddable":true,"href":"https:\/\/www.europesays.com\/fr\/wp-json\/wp\/v2\/users\/2"}],"replies":[{"embeddable":true,"href":"https:\/\/www.europesays.com\/fr\/wp-json\/wp\/v2\/comments?post=384044"}],"version-history":[{"count":0,"href":"https:\/\/www.europesays.com\/fr\/wp-json\/wp\/v2\/posts\/384044\/revisions"}],"wp:featuredmedia":[{"embeddable":true,"href":"https:\/\/www.europesays.com\/fr\/wp-json\/wp\/v2\/media\/384045"}],"wp:attachment":[{"href":"https:\/\/www.europesays.com\/fr\/wp-json\/wp\/v2\/media?parent=384044"}],"wp:term":[{"taxonomy":"category","embeddable":true,"href":"https:\/\/www.europesays.com\/fr\/wp-json\/wp\/v2\/categories?post=384044"},{"taxonomy":"post_tag","embeddable":true,"href":"https:\/\/www.europesays.com\/fr\/wp-json\/wp\/v2\/tags?post=384044"}],"curies":[{"name":"wp","href":"https:\/\/api.w.org\/{rel}","templated":true}]}}