{"id":384046,"date":"2025-09-12T00:39:21","date_gmt":"2025-09-12T00:39:21","guid":{"rendered":"https:\/\/www.europesays.com\/fr\/384046\/"},"modified":"2025-09-12T00:39:21","modified_gmt":"2025-09-12T00:39:21","slug":"fabio-quartararo-avant-le-gp-de-saint-marin-jattends-quon-termine-a-moins-de-15-secondes-lequipe","status":"publish","type":"post","link":"https:\/\/www.europesays.com\/fr\/384046\/","title":{"rendered":"Fabio Quartararo avant le GP de Saint-Marin : \u00ab J&#039;attends qu&#039;on termine \u00e0 moins de 15 secondes \u00bb &#8211; L&#039;\u00c9quipe"},"content":{"rendered":"<ol>\n<li><a href=\"https:\/\/news.google.com\/rss\/articles\/CBMirwFBVV95cUxOejhEOTJxUlk5OHV1U3lQSVpBVUN4MjFJUHhkbmFfTmdFREJDSXhtbFY0bkIzbV9zWHZzSFI5cFhldkUydUNpYWZTRFBDYm5jRllkbTY4SnFrWUE0YldSZUxRcmNpOHYzdlQ3TWw2TTdsMXQzNy1zcUdQOGVMSW56UmZiWFYxazJGa2I4cUtJMjI5dU5kMnFWWjRTWEptcFdyaVlmcXNwVGxsaGZxY0dn?oc=5\" target=\"_blank\" rel=\"noopener\">Fabio Quartararo avant le GP de Saint-Marin : \u00ab J&rsquo;attends qu&rsquo;on termine \u00e0 moins de 15 secondes \u00bb<\/a>&nbsp;&nbsp;L&rsquo;\u00c9quipe<\/li>\n<li><a href=\"https:\/\/news.google.com\/rss\/articles\/CBMigAFBVV95cUxNeEg2ZHV0bXlJSk4xNUFtMnViOFFrc0d1TWFXWlZQQVA5RUhBQ2NJTFoySUpKNm44emhTSzdCRGZkRHJ1VnlKdjFCRC1zSkoyNlpDNU9heUV4akxxRFU1ZkkxZ2Jja3pvdkpsMlZGTkFqQTFFVUtpMHNOcTFWMk5SXw?oc=5\" target=\"_blank\" rel=\"noopener\">Yamaha d\u00e9voile la M1 \u00e9quip\u00e9e du V4<\/a>&nbsp;&nbsp;Motorsport.com<\/li>\n<li><a href=\"https:\/\/news.google.com\/rss\/articles\/CBMinwFBVV95cUxQeUx3Nno4NXdiNERmeFMwVWtqVlVyVVZxcjMxblU1bnBXMzZmZkFWTkNCNjFodGJuTUVKc0lpeTVjdVZOQ0h3MXduQmpyemdnLTJoWThCZERLazRpa1ZSXzlpaXo2alhadlp4M0JOZnI3cnkyWWZzVlhxeE5lbTNURUdlbFEwVHpGRmNmbmVXY3N4bHc4SkRGZUJyY2NQYnc?oc=5\" target=\"_blank\" rel=\"noopener\">Yamaha l\u00e8ve le voile sur sa toute nouvelle moto V4 de MotoGP<\/a>&nbsp;&nbsp;Caradisiac<\/li>\n<li><a href=\"https:\/\/news.google.com\/rss\/articles\/CBMitgFBVV95cUxOeEcxZnJhUzk1bzhPV2czdkFsRE1pem9QWnlKcDlYRnZoeXdGaHVGUVBfN2gtU0pBVllQUDdGM2Q5anVCT3d0UGs4RVU3OTV0VEl2MmgtcmIwQkVtdmpxR2ptR213Z0JfVVlVc29EWjNkZVpNQl9wQmhIZVQ0WUtRMi1oQ25pam5yUXRUbTkxZzEyR2Nkc0gtbVJUdURvNDh6OHQzTHdBM3NubmJIMWZxcEdDY1Fqdw?oc=5\" target=\"_blank\" rel=\"noopener\">MotoGP &#8211; Quartararo s\u2019attend \u00e0 une Yamaha plus comp\u00e9titive en course \u00e0 Misano<\/a>&nbsp;&nbsp;AutoHebdo<\/li>\n<li><a href=\"https:\/\/news.google.com\/rss\/articles\/CBMickFVX3lxTE5GTDlMcThuU05Zd0FQZWp4N3F6bXNfQlZfM3FpY19pLWRTTWcxYVFsSmlRMFhUVVB2SU5Ld3k1WTJMSnlKbmhFbl9wNHBveS1pUkJCenV2VHBpWG1GQXo0NmNMVkpJVlplY1lsUkltZTJNQQ?oc=5\" target=\"_blank\" rel=\"noopener\">GP de Saint-Marin : le d\u00e9brief du jeudi<\/a>&nbsp;&nbsp;GP Inside<\/li>\n<\/ol>\n","protected":false},"excerpt":{"rendered":"Fabio Quartararo avant le GP de Saint-Marin : \u00ab J&rsquo;attends qu&rsquo;on termine \u00e0 moins de 15 secondes \u00bb&nbsp;&nbsp;L&rsquo;\u00c9quipe&hellip;\n","protected":false},"author":2,"featured_media":384047,"comment_status":"","ping_status":"","sticky":false,"template":"","format":"standard","meta":{"footnotes":""},"categories":[1413],"tags":[1011,27,1457,1456,60],"class_list":{"0":"post-384046","1":"post","2":"type-post","3":"status-publish","4":"format-standard","5":"has-post-thumbnail","7":"category-moto","8":"tag-fr","9":"tag-france","10":"tag-moto","11":"tag-motocycle","12":"tag-sports"},"share_on_mastodon":{"url":"https:\/\/pubeurope.com\/@fr\/115188541965192217","error":""},"_links":{"self":[{"href":"https:\/\/www.europesays.com\/fr\/wp-json\/wp\/v2\/posts\/384046","targetHints":{"allow":["GET"]}}],"collection":[{"href":"https:\/\/www.europesays.com\/fr\/wp-json\/wp\/v2\/posts"}],"about":[{"href":"https:\/\/www.europesays.com\/fr\/wp-json\/wp\/v2\/types\/post"}],"author":[{"embeddable":true,"href":"https:\/\/www.europesays.com\/fr\/wp-json\/wp\/v2\/users\/2"}],"replies":[{"embeddable":true,"href":"https:\/\/www.europesays.com\/fr\/wp-json\/wp\/v2\/comments?post=384046"}],"version-history":[{"count":0,"href":"https:\/\/www.europesays.com\/fr\/wp-json\/wp\/v2\/posts\/384046\/revisions"}],"wp:featuredmedia":[{"embeddable":true,"href":"https:\/\/www.europesays.com\/fr\/wp-json\/wp\/v2\/media\/384047"}],"wp:attachment":[{"href":"https:\/\/www.europesays.com\/fr\/wp-json\/wp\/v2\/media?parent=384046"}],"wp:term":[{"taxonomy":"category","embeddable":true,"href":"https:\/\/www.europesays.com\/fr\/wp-json\/wp\/v2\/categories?post=384046"},{"taxonomy":"post_tag","embeddable":true,"href":"https:\/\/www.europesays.com\/fr\/wp-json\/wp\/v2\/tags?post=384046"}],"curies":[{"name":"wp","href":"https:\/\/api.w.org\/{rel}","templated":true}]}}