{"id":384048,"date":"2025-09-12T00:40:18","date_gmt":"2025-09-12T00:40:18","guid":{"rendered":"https:\/\/www.europesays.com\/fr\/384048\/"},"modified":"2025-09-12T00:40:18","modified_gmt":"2025-09-12T00:40:18","slug":"ils-vont-rouler-ce-week-end-au-castellet-en-souvenir-de-jules-bianchi","status":"publish","type":"post","link":"https:\/\/www.europesays.com\/fr\/384048\/","title":{"rendered":"ils vont rouler ce week-end au Castellet en souvenir de Jules Bianchi"},"content":{"rendered":"<p>5 octobre 2014. Jules Bianchi est victime d&rsquo;un grave accident lors du Grand Prix du Japon de Formule 1 quand, sous une pluie battante, sa monoplace et une d\u00e9panneuse entrent en collision. Alors qu&rsquo;une grande carri\u00e8re s&rsquo;ouvrait pour le pilote de Ferrari reconnu pour son talent comme sa gentillesse, le Ni\u00e7ois d\u00e9c\u00e9dait le 17 juillet 2015 apr\u00e8s plus de neuf mois de coma.<\/p>\n<p>En plein deuil, sa famille a imm\u00e9diatement cr\u00e9\u00e9 l&rsquo;association Jules Bianchi pour perp\u00e9tuer sa m\u00e9moire \u00e0 travers des actions concr\u00e8tes en faveur des personnes victimes de l\u00e9sions c\u00e9r\u00e9brales graves : soutien de la recherche, financement du mat\u00e9riel m\u00e9dical, accompagnement des familles&#8230; Sous le parrainage de Charles Leclerc, ami proche de Jules, l&rsquo;association continue de faire vivre les valeurs de courage, de d\u00e9termination et de d\u00e9passement de soir qui caract\u00e9risaient le jeune prodige.<\/p>\n<p>Une course d&rsquo;endurance de 42 heures<\/p>\n<p>Dans ce cadre-l\u00e0, la 10e \u00e9dition du <a href=\"https:\/\/www.laprovence.com\/article\/sports\/4558998039266715\/karting-le-marathon-jules-bianchi-une-course-qui-depasse-le-sport\" target=\"_blank\" rel=\"nofollow noopener\">Marathon de karting Jules Bianchi<\/a> &#8211; organis\u00e9 au d\u00e9part par son p\u00e8re Philippe sur le circuit de Brignoles &#8211; aura lieu ce week-end sur le circuit Paul-Ricard. Une course d&rsquo;endurance de 42 heures, dont le d\u00e9part sera donn\u00e9 ce vendredi soir \u00e0 19h40 avec 35 \u00e9quipages sur la grille de d\u00e9part. Un grand moment de sport et d&rsquo;\u00e9motions en perspective.\u00a0<\/p>\n","protected":false},"excerpt":{"rendered":"5 octobre 2014. Jules Bianchi est victime d&rsquo;un grave accident lors du Grand Prix du Japon de Formule&hellip;\n","protected":false},"author":2,"featured_media":384049,"comment_status":"","ping_status":"","sticky":false,"template":"","format":"standard","meta":{"footnotes":""},"categories":[1412],"tags":[17,51678,1451,1452,1453,1454,1455,1011,27,6085,10602,45198,20823,60,3974,4064],"class_list":{"0":"post-384048","1":"post","2":"type-post","3":"status-publish","4":"format-standard","5":"has-post-thumbnail","7":"category-f1","8":"tag-17","9":"tag-castellet","10":"tag-f1","11":"tag-formula-1","12":"tag-formula1","13":"tag-formule-1","14":"tag-formule1","15":"tag-fr","16":"tag-france","17":"tag-ils","18":"tag-kart","19":"tag-rouler","20":"tag-souvenir","21":"tag-sports","22":"tag-vont","23":"tag-week-end"},"share_on_mastodon":{"url":"https:\/\/pubeurope.com\/@fr\/115188545817200831","error":""},"_links":{"self":[{"href":"https:\/\/www.europesays.com\/fr\/wp-json\/wp\/v2\/posts\/384048","targetHints":{"allow":["GET"]}}],"collection":[{"href":"https:\/\/www.europesays.com\/fr\/wp-json\/wp\/v2\/posts"}],"about":[{"href":"https:\/\/www.europesays.com\/fr\/wp-json\/wp\/v2\/types\/post"}],"author":[{"embeddable":true,"href":"https:\/\/www.europesays.com\/fr\/wp-json\/wp\/v2\/users\/2"}],"replies":[{"embeddable":true,"href":"https:\/\/www.europesays.com\/fr\/wp-json\/wp\/v2\/comments?post=384048"}],"version-history":[{"count":0,"href":"https:\/\/www.europesays.com\/fr\/wp-json\/wp\/v2\/posts\/384048\/revisions"}],"wp:featuredmedia":[{"embeddable":true,"href":"https:\/\/www.europesays.com\/fr\/wp-json\/wp\/v2\/media\/384049"}],"wp:attachment":[{"href":"https:\/\/www.europesays.com\/fr\/wp-json\/wp\/v2\/media?parent=384048"}],"wp:term":[{"taxonomy":"category","embeddable":true,"href":"https:\/\/www.europesays.com\/fr\/wp-json\/wp\/v2\/categories?post=384048"},{"taxonomy":"post_tag","embeddable":true,"href":"https:\/\/www.europesays.com\/fr\/wp-json\/wp\/v2\/tags?post=384048"}],"curies":[{"name":"wp","href":"https:\/\/api.w.org\/{rel}","templated":true}]}}