{"id":384054,"date":"2025-09-12T00:43:24","date_gmt":"2025-09-12T00:43:24","guid":{"rendered":"https:\/\/www.europesays.com\/fr\/384054\/"},"modified":"2025-09-12T00:43:24","modified_gmt":"2025-09-12T00:43:24","slug":"alizee-de-retour-sur-scene-dans-une-robe-mini-la-chanteuse-de-41-ans-divise-des-mots-durs-employes-a-son-egard","status":"publish","type":"post","link":"https:\/\/www.europesays.com\/fr\/384054\/","title":{"rendered":"Aliz\u00e9e de retour sur sc\u00e8ne dans une robe mini : la chanteuse de 41 ans divise, des mots durs employ\u00e9s \u00e0 son \u00e9gard"},"content":{"rendered":"<p>            <img loading=\"lazy\" decoding=\"async\" src=\"https:\/\/www.europesays.com\/fr\/wp-content\/uploads\/2025\/04\/70-60dc2d431f18d-35x35-1.jpg\" class=\"author-article-picture\" width=\"35\" height=\"35\"\/><\/p>\n<p>                Par<br \/>\n                                    <a class=\"author-article-bio-link\" href=\"https:\/\/www.purepeople.com\/auteur\/liane-lazaar_a70\" rel=\"nofollow noopener\" target=\"_blank\">Liane Lazaar<\/a><br \/>\n                                                    | R\u00e9dactrice<\/p>\n<p>\n                Liane Lazaar est r\u00e9dactrice web rattach\u00e9e au p\u00f4le TV de Purepeople.com. Elle conna\u00eet autant le parcours de Jean-Pierre Pernaut sur TF1 que les derniers rebondissements des candidats de t\u00e9l\u00e9-r\u00e9alit\u00e9 et a un go\u00fbt prononc\u00e9 pour les histoires de coeur.\n            <\/p>\n<p>\n    C&rsquo;est un retour sur sc\u00e8ne qui \u00e9tait tr\u00e8s attendu. Pour deux soir\u00e9es seulement, Aliz\u00e9e a retrouv\u00e9 son public il y a quelques jours, \u00e0 l&rsquo;occasion de ses 25 ans de carri\u00e8re. A l&rsquo;Olympia, la chanteuse a fait salle comble et a fait l&rsquo;unanimit\u00e9. Mais sur les r\u00e9seaux sociaux, elle s&rsquo;est malheureusement heurt\u00e9e \u00e0 la violence des autres.\n<\/p>\n<p>                                                        <img decoding=\"async\" class=\"player-thumbnail\" src=\"https:\/\/www.europesays.com\/fr\/wp-content\/uploads\/2025\/09\/fde7d2622cf78983-580x326-2.jpg\" width=\"580\" height=\"326\" loading=\"lazy\"\/><\/p>\n<p>                    Aliz\u00e9e de retour sur sc\u00e8ne dans une robe mini : la chanteuse de 41 ans divise, des mots durs employ\u00e9s \u00e0 son \u00e9gard<\/p>\n<p>La suite apr\u00e8s la publicit\u00e9<\/p>\n<p>Dimanche 7 et lundi 8 septembre, c&rsquo;\u00e9tait l&rsquo;\u00e9v\u00e9nement \u00e0 Paris ! <a href=\"https:\/\/www.purepeople.com\/people\/alizee_p476\" rel=\"nofollow noopener\" target=\"_blank\">Aliz\u00e9e<\/a> se produisait ces deux-soir \u00e0 <strong>l&rsquo;Olympia<\/strong> \u00e0 l&rsquo;occasion de ses 25 ans de carri\u00e8re. Sur la sc\u00e8ne, la chanteuse de 41 ans a ainsi eu l&rsquo;occasion d&rsquo;interpr\u00e9ter tous ses morceaux les plus cultes, comme Moi&#8230; Lolita bien s\u00fbr. Et elle a fait le show \u00e0 41 ans comme \u00e0 l&rsquo;\u00e9poque lorsqu&rsquo;elle en avait 16 devant une salle comble pour chaque repr\u00e9sentation et m\u00eame <a href=\"https:\/\/www.purepeople.com\/article\/jeremy-chatelain-reste-proche-d-alizee-ce-signe-qui-ne-trompe-pas_a542324\/1\" rel=\"nofollow noopener\" target=\"_blank\">devant son ex J\u00e9r\u00e9my Ch\u00e2telain<\/a>. Un v\u00e9ritable succ\u00e8s donc pour la <a href=\"https:\/\/www.purepeople.com\/article\/alizee-intrepide-sa-fille-maggy-5-ans-et-demi-s-adonne-a-une-activite-a-sensation-forte_a541318\/1\" rel=\"nofollow noopener\" target=\"_blank\">maman de deux enfants<\/a>, Annily (20 ans) et Maggy (5 ans), qui n&rsquo;a toutefois pas \u00e9chapp\u00e9 \u00e0 quelques critiques.<\/p>\n<p>En effet, malheureusement, elle a m\u00eame \u00e9t\u00e9<strong> victime de grossophobie <\/strong>sur les r\u00e9seaux sociaux apr\u00e8s s&rsquo;\u00eatre pr\u00e9sent\u00e9e dans <strong>une robe blanche tr\u00e8s courte et \u00e9vas\u00e9e<\/strong>. \u00ab\u00a0Elle a du courage je trouve. Mettre une robe courte alors que ses cuisses c\u2019est le triple de Lolita\u00a0\u00bb, \u00ab\u00a0&lsquo;Cellulites&rsquo; le nouveau spectacle d\u2019Alize\u00e9\u00a0\u00bb, \u00ab\u00a0Je pense surtout que le probl\u00e8me est que, elle croit toujours avoir 16 ans\u00a0?!\u00a0\u00bb, \u00ab\u00a0Voil\u00e0 qui tue le mythe\u00a0\u00bb, \u00ab\u00a0Grolita\u00a0\u00bb, ont jug\u00e9 certains internautes en commentaires de vid\u00e9os du concert publi\u00e9es sur X ou TikTok.<\/p>\n<p>Carton plein pour Aliz\u00e9e malgr\u00e9 les haters<\/p>\n<p>Aliz\u00e9e a de son c\u00f4t\u00e9 pr\u00e9f\u00e9r\u00e9 se concentrer sur le positif. En story Instagram, elle s&rsquo;est ainsi plu \u00e0 repartager les messages de ses fans fid\u00e8les qui attendaient depuis longtemps de la revoir sur sc\u00e8ne et qui n&rsquo;ont pas du tout \u00e9t\u00e9 d\u00e9\u00e7us. \u00ab\u00a0<strong>Aliz\u00e9e a fait le concert de l&rsquo;ann\u00e9e !<\/strong>\u00ab\u00a0, \u00ab\u00a0Il faut absolument une tourn\u00e9e\u00a0\u00bb, \u00ab\u00a0Concert exceptionnel d&rsquo;Aliz\u00e9e ce soir, public incroyable, setlist parfaite\u00a0\u00bb, \u00ab\u00a0<strong>C&rsquo;\u00e9tait incroyable punaise ! Comment m&rsquo;en remettre ?<\/strong>\u00ab\u00a0, lit-on entre autres.<\/p>\n<p>Un joli pied de nez aux mauvaises langues et de quoi assur\u00e9ment remplir le c\u0153ur d&rsquo;Aliz\u00e9e !<\/p>\n","protected":false},"excerpt":{"rendered":"Par Liane Lazaar | R\u00e9dactrice Liane Lazaar est r\u00e9dactrice web rattach\u00e9e au p\u00f4le TV de Purepeople.com. Elle conna\u00eet&hellip;\n","protected":false},"author":2,"featured_media":384055,"comment_status":"","ping_status":"","sticky":false,"template":"","format":"standard","meta":{"footnotes":""},"categories":[1359],"tags":[58,59,1011,27,973],"class_list":{"0":"post-384054","1":"post","2":"type-post","3":"status-publish","4":"format-standard","5":"has-post-thumbnail","7":"category-people","8":"tag-divertissement","9":"tag-entertainment","10":"tag-fr","11":"tag-france","12":"tag-people"},"share_on_mastodon":{"url":"https:\/\/pubeurope.com\/@fr\/115188558196892403","error":""},"_links":{"self":[{"href":"https:\/\/www.europesays.com\/fr\/wp-json\/wp\/v2\/posts\/384054","targetHints":{"allow":["GET"]}}],"collection":[{"href":"https:\/\/www.europesays.com\/fr\/wp-json\/wp\/v2\/posts"}],"about":[{"href":"https:\/\/www.europesays.com\/fr\/wp-json\/wp\/v2\/types\/post"}],"author":[{"embeddable":true,"href":"https:\/\/www.europesays.com\/fr\/wp-json\/wp\/v2\/users\/2"}],"replies":[{"embeddable":true,"href":"https:\/\/www.europesays.com\/fr\/wp-json\/wp\/v2\/comments?post=384054"}],"version-history":[{"count":0,"href":"https:\/\/www.europesays.com\/fr\/wp-json\/wp\/v2\/posts\/384054\/revisions"}],"wp:featuredmedia":[{"embeddable":true,"href":"https:\/\/www.europesays.com\/fr\/wp-json\/wp\/v2\/media\/384055"}],"wp:attachment":[{"href":"https:\/\/www.europesays.com\/fr\/wp-json\/wp\/v2\/media?parent=384054"}],"wp:term":[{"taxonomy":"category","embeddable":true,"href":"https:\/\/www.europesays.com\/fr\/wp-json\/wp\/v2\/categories?post=384054"},{"taxonomy":"post_tag","embeddable":true,"href":"https:\/\/www.europesays.com\/fr\/wp-json\/wp\/v2\/tags?post=384054"}],"curies":[{"name":"wp","href":"https:\/\/api.w.org\/{rel}","templated":true}]}}