{"id":384058,"date":"2025-09-12T00:45:21","date_gmt":"2025-09-12T00:45:21","guid":{"rendered":"https:\/\/www.europesays.com\/fr\/384058\/"},"modified":"2025-09-12T00:45:21","modified_gmt":"2025-09-12T00:45:21","slug":"librairie-ecole-la-ruche-deja-5-ans-de-partage-et-dechanges","status":"publish","type":"post","link":"https:\/\/www.europesays.com\/fr\/384058\/","title":{"rendered":"Librairie-\u00e9cole La Ruche : d\u00e9j\u00e0 5 ans de partage et d\u2019\u00e9changes"},"content":{"rendered":"<p>Pousser la porte de la librairie La Ruche, c\u2019est entrer dans un lieu de vie. Lieu refuge pour certains apr\u00e8s l\u2019\u00e9cole, d\u2019\u00e9changes pour d\u2019autres. Lieu de partage, lors des nombreuses rencontres organis\u00e9es tout au long de l\u2019ann\u00e9e, et des vitrines color\u00e9es cr\u00e9\u00e9es au gr\u00e9 des inspirations des ma\u00eetres du lieu\u00a0: Isabelle, Hugo et Ali\u00e9nor.<\/p>\n<p><strong>DES LIENS ET DES HABITANTS<\/strong><\/p>\n<p>Plus qu\u2019un commerce, celle qui porte bien son nom, accueille au creux de ses alv\u00e9oles remplies d\u2019ouvrages, Maisonnaises et Maisonnais en qu\u00eate d\u2019\u00e9vasion. \u00ab\u00a0Si nous sommes un lieu d\u2019apprentissage, nous sommes avant tout la librairie des habitants, affirme d\u2019embl\u00e9e Isabelle, la directrice. \u00catre libraire, c\u2019est avoir une r\u00e9elle app\u00e9tence pour les livres, mais c\u2019est aussi aimer les gens.\u00a0\u00bb Et La Ruche a ses habitu\u00e9s. \u00ab\u00a0Quand nous lisons telle ou telle nouveaut\u00e9, nous pensons tout de suite \u00e0 un lecteur \u00e0 qui \u00e7a plaira\u00a0! \u00bb, sourit Isabelle.<\/p>\n<p><strong>UNE LIBRAIRIE PAS COMME LES AUTRES<\/strong><\/p>\n<p>Un m\u00e9tier de proximit\u00e9, de liens et d\u2019humain(s) qui s\u2019apprend \u00e0 quelques pas de l\u00e0, sur les bancs de l\u2019\u00c9cole de la Librairie, install\u00e9e \u00e0 Maisons-Alfort depuis 2020. Si vous ne le saviez pas encore, La Ruche poss\u00e8de une particularit\u00e9 bien \u00e0 elle. En reine des abeilles, elle r\u00e8gne sur les apprentis libraires. Visite des lieux, parcours client, exercices de vente, gestion financi\u00e8re et des stocks\u2026 certains lundis, jour de fermeture, parfois les jeudis, la librairie devient \u00e9cole. Ici, des carri\u00e8res \u00e9mergent, on apprend en situation r\u00e9elle \u00e0 conseiller, s\u00e9lectionner et g\u00e9rer.<\/p>\n<p><strong>\u00ab MAISONS-ALFORT \u00c0 L\u2019\u00c9COLE DES LIBRAIRES \u00bb<\/strong><\/p>\n<p>Retour sur les bancs de l\u2019\u00e9cole. \u00ab\u00a0C\u2019\u00e9tait un projet que nous murissions depuis plusieurs ann\u00e9es\u00a0: cr\u00e9er un espace d\u2019apprentissage, vivant, o\u00f9 les futurs libraires peuvent se former dans des conditions r\u00e9elles \u00e0 toutes les facettes du m\u00e9tier. Un v\u00e9ritable laboratoire d\u2019exp\u00e9rimentations\u00a0! \u00bb, raconte Lauriane Le D\u00fbs, responsable de la communication \u00e0 l\u2019\u00c9cole de la Librairie.<br \/>Encourag\u00e9e par la Ville de Maisons-Alfort, qui met \u00e0 sa disposition deux locaux \u00e0 loyers mod\u00e9r\u00e9s et prend en charge une partie des travaux, l\u2019institution installe alors son si\u00e8ge social dans le quartier Libert\u00e9 Vert de Maisons et sa librairie-\u00e9cole en Centre-ville, en 2020. Une premi\u00e8re en France. Plusieurs cursus attendent nos apprentis libraires, licence et brevet professionnels, et m\u00eame deux parcours de reconversion pour celles et ceux qui veulent se lancer dans l\u2019aventure livresque. \u00ab\u00a0C\u2019est un m\u00e9tier d\u2019avenir, tranche Lauriane Le D\u00fbs. La preuve\u00a0: il a travers\u00e9 de nombreuses mutations et pourtant, il existe toujours. Nous devons le faire \u00e9voluer, mais j\u2019ai beaucoup d\u2019espoir dans la place qu\u2019occupe la librairie. \u00bb Et elle n\u2019est pas la seule\u00a0: chaque ann\u00e9e, l\u2019\u00c9cole de la Librairie forme pr\u00e8s de 800 personnes, apprentis libraires comme professionnels.<\/p>\n","protected":false},"excerpt":{"rendered":"Pousser la porte de la librairie La Ruche, c\u2019est entrer dans un lieu de vie. Lieu refuge pour&hellip;\n","protected":false},"author":2,"featured_media":384059,"comment_status":"","ping_status":"","sticky":false,"template":"","format":"standard","meta":{"footnotes":""},"categories":[1357],"tags":[1379,58,59,1011,27,1380],"class_list":{"0":"post-384058","1":"post","2":"type-post","3":"status-publish","4":"format-standard","5":"has-post-thumbnail","7":"category-livres","8":"tag-books","9":"tag-divertissement","10":"tag-entertainment","11":"tag-fr","12":"tag-france","13":"tag-livres"},"share_on_mastodon":{"url":"https:\/\/pubeurope.com\/@fr\/115188565565903791","error":""},"_links":{"self":[{"href":"https:\/\/www.europesays.com\/fr\/wp-json\/wp\/v2\/posts\/384058","targetHints":{"allow":["GET"]}}],"collection":[{"href":"https:\/\/www.europesays.com\/fr\/wp-json\/wp\/v2\/posts"}],"about":[{"href":"https:\/\/www.europesays.com\/fr\/wp-json\/wp\/v2\/types\/post"}],"author":[{"embeddable":true,"href":"https:\/\/www.europesays.com\/fr\/wp-json\/wp\/v2\/users\/2"}],"replies":[{"embeddable":true,"href":"https:\/\/www.europesays.com\/fr\/wp-json\/wp\/v2\/comments?post=384058"}],"version-history":[{"count":0,"href":"https:\/\/www.europesays.com\/fr\/wp-json\/wp\/v2\/posts\/384058\/revisions"}],"wp:featuredmedia":[{"embeddable":true,"href":"https:\/\/www.europesays.com\/fr\/wp-json\/wp\/v2\/media\/384059"}],"wp:attachment":[{"href":"https:\/\/www.europesays.com\/fr\/wp-json\/wp\/v2\/media?parent=384058"}],"wp:term":[{"taxonomy":"category","embeddable":true,"href":"https:\/\/www.europesays.com\/fr\/wp-json\/wp\/v2\/categories?post=384058"},{"taxonomy":"post_tag","embeddable":true,"href":"https:\/\/www.europesays.com\/fr\/wp-json\/wp\/v2\/tags?post=384058"}],"curies":[{"name":"wp","href":"https:\/\/api.w.org\/{rel}","templated":true}]}}